{"id":180760,"date":"2019-07-11T13:32:01","date_gmt":"2019-07-11T10:32:01","guid":{"rendered":"http:\/\/www.tvturk.com\/index.php\/savsat-belediyesi-tarimsal-kalkinma-projesini-hayata-gecirdi\/"},"modified":"2019-07-11T13:32:01","modified_gmt":"2019-07-11T10:32:01","slug":"savsat-belediyesi-tarimsal-kalkinma-projesini-hayata-gecirdi","status":"publish","type":"post","link":"http:\/\/www.tvturk.com\/index.php\/savsat-belediyesi-tarimsal-kalkinma-projesini-hayata-gecirdi\/","title":{"rendered":"\u015eav\u015fat Belediyesi tar\u0131msal kalk\u0131nma projesini hayata ge\u00e7irdi"},"content":{"rendered":"<p>Artvin\u2019in \u015eav\u015fat il\u00e7esi belediye Ba\u015fkan\u0131 Nihat Acar, \u201cTarladan Sofraya Organik \u00dcr\u00fcn\u201d slogan\u0131 ile ba\u015flatt\u0131\u011f\u0131, tar\u0131msal kalk\u0131nma projesi kapsam\u0131nda \u015fehir merkezine 2 km uzakl\u0131kta bulunan H\u0131nzat mevkiinde 20.000 metrekare tar\u0131m alan\u0131nda fasulye ve m\u0131s\u0131r ekimi yapt\u0131.<\/p>\n<p>Yerel kalk\u0131nmada \u00fcretimin en \u00f6nemli gereklilik oldu\u011fu belirten Ba\u015fkan Acar,  \u00f6n\u00fcm\u00fczdeki d\u00f6nemlerde bu \u00f6rnek modeli  t\u00fcm \u015eav\u015fat\u2019a yay\u0131lmas\u0131 maksad\u0131 ile belediyenin de i\u00e7inde oldu\u011fu \u015eav\u015fat Tar\u0131msal Kalk\u0131nma Kooperatifi\u2019nin kurulu\u015f \u00e7al\u0131\u015fmalar\u0131 da devam edeceklerini belirtti.<\/p>\n<p>Yap\u0131lan \u00e7al\u0131\u015fmalar hakk\u0131nda bilgi veren Ba\u015fkan Acar \u201c\u0130l\u00e7emiz tar\u0131m alanlar\u0131 ve toprak verimlili\u011fi a\u00e7\u0131s\u0131ndan \u00e7ok verimli arazilere sahip bir il\u00e7e. H\u0131nzat mevkiinde bulunan bu arazilerin bir k\u0131sm\u0131 belediyemize bir k\u0131sm\u0131 ise \u015fah\u0131slara ait ve y\u0131llard\u0131r at\u0131l bir \u015fekilde duruyor. Tar\u0131msal Kalk\u0131nma Projemizi ger\u00e7ekle\u015ftirmek i\u00e7in yapt\u0131\u011f\u0131m\u0131z \u00f6n ara\u015ft\u0131rmalarda da bu alan\u0131n tar\u0131ma olduk\u00e7a uygun oldu\u011fu belirlendi. Bu arazide \u00fcretti\u011fimiz \u00fcr\u00fcnlerin yap\u0131m\u0131 tamamlanmak \u00fczere olan Y\u00f6resel \u00dcr\u00fcnler Depolama, \u0130\u015fleme ve Paketleme tesisinde paketlenerek gerek internet \u00fczerinden gerekse il\u00e7e merkezimizdeki esnaflar\u0131m\u0131za sat\u0131\u015f\u0131n\u0131 yapaca\u011f\u0131z. Bug\u00fcn burada, Yerel se\u00e7imlerde hem\u015ferilerimize verdi\u011fimiz vaadi ger\u00e7ekle\u015ftirmenin mutlulu\u011funu da ya\u015f\u0131yor, eme\u011fi ge\u00e7en t\u00fcm arkada\u015flar\u0131ma te\u015fekk\u00fcr ediyorum\u201d dedi.<\/p>\n<p>H\u0131nzat mevkiinde bulunan yakla\u015f\u0131k 20 bin metrekarelik alan trakt\u00f6rle s\u00fcr\u00fclerek tohum ekimine haz\u0131rland\u0131. Tohumlar\u0131n ise \u00f6n\u00fcm\u00fczdeki g\u00fcnlerde ekilerek \u00e7al\u0131\u015fmalar\u0131n tamamlanmas\u0131 planlan\u0131yor.<\/p>\n","protected":false},"excerpt":{"rendered":"<p>ARTV\u0130N\u2019\u0130N \u015eAV\u015eAT \u0130L\u00c7ES\u0130 BELED\u0130YE BA\u015eKANI N\u0130HAT ACAR, \u201cTARLADAN SOFRAYA ORGAN\u0130K \u00dcR\u00dcN\u201d SLOGANI \u0130LE BA\u015eLATTI\u011eI, TARIMSAL KALKINMA PROJES\u0130 KAPSAMINDA \u015eEH\u0130R MERKEZ\u0130NE 2 KM UZAKLIKTA BULUNAN HINZAT MEVK\u0130\u0130NDE 20.000 M2 TARIM ALANINDA FASULYE VE MISIR EK\u0130M\u0130 YAPTI.<\/p>\n","protected":false},"author":1,"featured_media":180761,"comment_status":"closed","ping_status":"open","sticky":false,"template":"","format":"standard","meta":{"jetpack_post_was_ever_published":false,"_jetpack_newsletter_access":"","_jetpack_dont_email_post_to_subs":false,"_jetpack_newsletter_tier_id":0,"_jetpack_memberships_contains_paywalled_content":false,"_jetpack_memberships_contains_paid_content":false,"footnotes":"","jetpack_publicize_message":"","jetpack_publicize_feature_enabled":true,"jetpack_social_post_already_shared":true,"jetpack_social_options":{"image_generator_settings":{"template":"highway","default_image_id":0,"font":"","enabled":false},"version":2}},"categories":[1],"tags":[4532,383,1062,4467,7723,38481,3269],"class_list":["post-180760","post","type-post","status-publish","format-standard","has-post-thumbnail","hentry","category-genel","tag-kalkinma","tag-belediyesi","tag-gecirdi","tag-hayata","tag-projesini","tag-savsat","tag-tarimsal"],"jetpack_publicize_connections":[],"jetpack_featured_media_url":"https:\/\/i0.wp.com\/www.tvturk.com\/wp-content\/uploads\/2019\/07\/savsat-belediyesi-tarimsal-kalkinma-projesini-hayata-gecirdi_d07da4a.jpg?fit=1000%2C666","jetpack_sharing_enabled":true,"jetpack_shortlink":"https:\/\/wp.me\/paKIfm-L1u","_links":{"self":[{"href":"http:\/\/www.tvturk.com\/index.php\/wp-json\/wp\/v2\/posts\/180760","targetHints":{"allow":["GET"]}}],"collection":[{"href":"http:\/\/www.tvturk.com\/index.php\/wp-json\/wp\/v2\/posts"}],"about":[{"href":"http:\/\/www.tvturk.com\/index.php\/wp-json\/wp\/v2\/types\/post"}],"author":[{"embeddable":true,"href":"http:\/\/www.tvturk.com\/index.php\/wp-json\/wp\/v2\/users\/1"}],"replies":[{"embeddable":true,"href":"http:\/\/www.tvturk.com\/index.php\/wp-json\/wp\/v2\/comments?post=180760"}],"version-history":[{"count":0,"href":"http:\/\/www.tvturk.com\/index.php\/wp-json\/wp\/v2\/posts\/180760\/revisions"}],"wp:featuredmedia":[{"embeddable":true,"href":"http:\/\/www.tvturk.com\/index.php\/wp-json\/wp\/v2\/media\/180761"}],"wp:attachment":[{"href":"http:\/\/www.tvturk.com\/index.php\/wp-json\/wp\/v2\/media?parent=180760"}],"wp:term":[{"taxonomy":"category","embeddable":true,"href":"http:\/\/www.tvturk.com\/index.php\/wp-json\/wp\/v2\/categories?post=180760"},{"taxonomy":"post_tag","embeddable":true,"href":"http:\/\/www.tvturk.com\/index.php\/wp-json\/wp\/v2\/tags?post=180760"}],"curies":[{"name":"wp","href":"https:\/\/api.w.org\/{rel}","templated":true}]}}