{"id":180766,"date":"2019-07-11T13:46:31","date_gmt":"2019-07-11T10:46:31","guid":{"rendered":"http:\/\/www.tvturk.com\/index.php\/tbmm-dilekce-komisyonu-baskani-satir-mersin-cumhuriyet-bassavcisi-ercani-ziyaret-etti\/"},"modified":"2019-07-11T13:46:31","modified_gmt":"2019-07-11T10:46:31","slug":"tbmm-dilekce-komisyonu-baskani-satir-mersin-cumhuriyet-bassavcisi-ercani-ziyaret-etti","status":"publish","type":"post","link":"http:\/\/www.tvturk.com\/index.php\/tbmm-dilekce-komisyonu-baskani-satir-mersin-cumhuriyet-bassavcisi-ercani-ziyaret-etti\/","title":{"rendered":"TBMM Dilek\u00e7e Komisyonu Ba\u015fkan\u0131 Sat\u0131r, Mersin Cumhuriyet Ba\u015fsavc\u0131s\u0131 Ercan\u2019\u0131 ziyaret etti"},"content":{"rendered":"<p>Bir dizi incelemelerde bulunmak \u00fczere Mersin\u2019e gelen T\u00fcrkiye B\u00fcy\u00fck Millet Meclisi (TBMM) Dilek\u00e7e Komisyonu Ba\u015fkan\u0131 Mihrimah Belma Sat\u0131r ile komisyon \u00fcyeleri, Cumhuriyet Ba\u015fsavc\u0131s\u0131 Mustafa Ercan\u2019\u0131 makam\u0131nda ziyaret etti.<\/p>\n<p>Mersin Adliyesinde ger\u00e7ekle\u015fen ziyarette Sat\u0131r\u2019a, milletvekilleri \u0130smail Tamer, Fehmi K\u00fcp\u00e7\u00fc, Ahmet Salih Dal, H\u00fcda Kaya ile komisyon uzmanlar\u0131 ve bakanl\u0131k yetkilileri e\u015flik etti.<\/p>\n<p>Bir konuyu incelemek \u00fczere Mersin\u2019e geldiklerini s\u00f6yleyen Sat\u0131r, Dilek\u00e7e Komisyonunun denetim yapan bir komisyon oldu\u011funu hat\u0131rlatarak, &#8220;Komisyonumuza gelen dilek\u00e7elerle ilgili ald\u0131\u011f\u0131m\u0131z karar gere\u011fi yerinde inceleme yapabiliyoruz. Genel olarak T\u00fcrkiye\u2019deki hapishanelerle ilgili bir tak\u0131m dilek\u00e7eler vard\u0131. Bunlarla ilgili yerinde inceleme yapma karar\u0131nda \u00f6zellikle Mersin\u2019i se\u00e7tik. Bunun sebebi dilek\u00e7elerin Mersin\u2019den gelmi\u015f olmas\u0131 de\u011fil sadece. Mersin\u2019de hem merkezde hem de Tarsus\u2019ta cezaevi bulunmas\u0131, Tarsus\u2019taki cezaevinin yeni usullerle kurulmu\u015f bir cezaevi olmas\u0131ndan dolay\u0131 buraya geldik. Valimizi ziyaret ettik, Ba\u015fsavc\u0131m\u0131z\u0131 ziyaret ettik. Adalet Bakanl\u0131\u011f\u0131ndan gelen yetkililer brifing ile T\u00fcrkiye\u2019deki ceza sistemi, \u00f6zellikle infaz sistemiyle ilgili bir sunum yapacaklar. Akabinde de yar\u0131n Tarsus\u2019taki cezaevine gidip, oradaki ba\u015fsavc\u0131m\u0131zla da bir g\u00f6r\u00fc\u015fme yapt\u0131ktan sonra da yerinde incelemelerde bulunaca\u011f\u0131z. Oradaki b\u00f6l\u00fcmleri gezece\u011fiz. Ondan sonra da raporumuzu yazaca\u011f\u0131z&#8221; dedi.<\/p>\n<p>Konu\u015fmalar\u0131n ard\u0131ndan bas\u0131na kapal\u0131 olarak komisyon \u00fcyeleri ile Ba\u015fsavc\u0131 Ercan aras\u0131nda g\u00f6r\u00fc\u015f al\u0131\u015fveri\u015finde bulunuldu.<\/p>\n","protected":false},"excerpt":{"rendered":"<p>TBMM D\u0130LEK\u00c7E KOM\u0130SYONU BA\u015eKANI M\u0130HR\u0130MAH BELMA SATIR \u0130LE KOM\u0130SYON \u00dcYELER\u0130, CUMHUR\u0130YET BA\u015eSAVCISI MUSTAFA ERCAN&#8217;I MAKAMINDA Z\u0130YARET ETT\u0130.<\/p>\n","protected":false},"author":1,"featured_media":180767,"comment_status":"closed","ping_status":"open","sticky":false,"template":"","format":"standard","meta":{"jetpack_post_was_ever_published":false,"_jetpack_newsletter_access":"","_jetpack_dont_email_post_to_subs":false,"_jetpack_newsletter_tier_id":0,"_jetpack_memberships_contains_paywalled_content":false,"_jetpack_memberships_contains_paid_content":false,"footnotes":"","jetpack_publicize_message":"","jetpack_publicize_feature_enabled":true,"jetpack_social_post_already_shared":true,"jetpack_social_options":{"image_generator_settings":{"template":"highway","default_image_id":0,"font":"","enabled":false},"version":2}},"categories":[1],"tags":[216,5127,3307,33205,44511,207,7169,1954,44510,3424,150],"class_list":["post-180766","post","type-post","status-publish","format-standard","has-post-thumbnail","hentry","category-genel","tag-baskani","tag-bassavcisi","tag-cumhuriyet","tag-dilekce","tag-ercani","tag-etti","tag-komisyonu","tag-mersin","tag-satir","tag-tbmm","tag-ziyaret"],"jetpack_publicize_connections":[],"jetpack_featured_media_url":"https:\/\/i0.wp.com\/www.tvturk.com\/wp-content\/uploads\/2019\/07\/tbmm-dilekce-komisyonu-baskani-satir-mersin-cumhuriyet-bassavcisi-ercani-ziyaret-etti_d83ec06.jpg?fit=1000%2C666","jetpack_sharing_enabled":true,"jetpack_shortlink":"https:\/\/wp.me\/paKIfm-L1A","_links":{"self":[{"href":"http:\/\/www.tvturk.com\/index.php\/wp-json\/wp\/v2\/posts\/180766","targetHints":{"allow":["GET"]}}],"collection":[{"href":"http:\/\/www.tvturk.com\/index.php\/wp-json\/wp\/v2\/posts"}],"about":[{"href":"http:\/\/www.tvturk.com\/index.php\/wp-json\/wp\/v2\/types\/post"}],"author":[{"embeddable":true,"href":"http:\/\/www.tvturk.com\/index.php\/wp-json\/wp\/v2\/users\/1"}],"replies":[{"embeddable":true,"href":"http:\/\/www.tvturk.com\/index.php\/wp-json\/wp\/v2\/comments?post=180766"}],"version-history":[{"count":0,"href":"http:\/\/www.tvturk.com\/index.php\/wp-json\/wp\/v2\/posts\/180766\/revisions"}],"wp:featuredmedia":[{"embeddable":true,"href":"http:\/\/www.tvturk.com\/index.php\/wp-json\/wp\/v2\/media\/180767"}],"wp:attachment":[{"href":"http:\/\/www.tvturk.com\/index.php\/wp-json\/wp\/v2\/media?parent=180766"}],"wp:term":[{"taxonomy":"category","embeddable":true,"href":"http:\/\/www.tvturk.com\/index.php\/wp-json\/wp\/v2\/categories?post=180766"},{"taxonomy":"post_tag","embeddable":true,"href":"http:\/\/www.tvturk.com\/index.php\/wp-json\/wp\/v2\/tags?post=180766"}],"curies":[{"name":"wp","href":"https:\/\/api.w.org\/{rel}","templated":true}]}}