{"id":180774,"date":"2019-07-11T13:47:07","date_gmt":"2019-07-11T10:47:07","guid":{"rendered":"http:\/\/www.tvturk.com\/index.php\/pamukkalede-isitme-engellilere-yonelik-temel-ilk-yardim-egitimi\/"},"modified":"2019-07-11T13:47:07","modified_gmt":"2019-07-11T10:47:07","slug":"pamukkalede-isitme-engellilere-yonelik-temel-ilk-yardim-egitimi","status":"publish","type":"post","link":"http:\/\/www.tvturk.com\/index.php\/pamukkalede-isitme-engellilere-yonelik-temel-ilk-yardim-egitimi\/","title":{"rendered":"Pamukkale\u2019de i\u015fitme engellilere y\u00f6nelik temel ilk yard\u0131m e\u011fitimi"},"content":{"rendered":"<p>Denizli Pamukkale Belediyesi taraf\u0131ndan i\u015fitme engellilere y\u00f6nelik temel ilk yard\u0131m e\u011fitimi verildi. E\u011fitim \u00e7al\u0131\u015fmas\u0131na yakla\u015f\u0131k 30 ki\u015fi kat\u0131l\u0131rken, programda kursiyerlere ilk yard\u0131m uygulamal\u0131 olarak g\u00f6sterildi.<\/p>\n<p>Pamukkale Belediyesi ve \u0130l Sa\u011fl\u0131k M\u00fcd\u00fcrl\u00fc\u011f\u00fc i\u015fbirli\u011fi ile Pamukkale Belediyesi Kent Konseyi Engelliler Meclisi\u2019nin projelerinden biri olarak i\u015fitme engellilere y\u00f6nelik \u2018Temel \u0130lk Yard\u0131m E\u011fitimi\u2019 d\u00fczenlendi. Pamukkale Belediyesi\u2019nin engellilere y\u00f6nelik ba\u015flatt\u0131\u011f\u0131 temel ilk yard\u0131m kurslar\u0131n\u0131n ilk aya\u011f\u0131 i\u015fitme engellilere y\u00f6nelik ger\u00e7ekle\u015ftirildi. \u0130\u015faret dili \u00f6\u011fretmeni e\u015fli\u011finde ger\u00e7ekle\u015ftirilen e\u011fitim, Denizli \u0130l Sa\u011fl\u0131k M\u00fcd\u00fcrl\u00fc\u011f\u00fc \u0130lk Yard\u0131m E\u011fitmeni Fedayi Karaku\u015f taraf\u0131ndan verildi. Pamukkale Belediyesinde ger\u00e7ekle\u015fen e\u011fitimlerde, temel ilk yard\u0131m teknikleri, kaza an\u0131nda yap\u0131lmas\u0131 gereken ilk yard\u0131m y\u00f6ntemleri, ev kazalar\u0131nda kesik yanma, bo\u011faza cisim ka\u00e7mas\u0131nda ilk m\u00fcdahale, kalp krizi an\u0131nda m\u00fcdahale, yaral\u0131y\u0131 kaza yapan ara\u00e7tan \u00e7\u0131karma y\u00f6ntemleri hakk\u0131nda uygulamal\u0131 olarak bilgiler verildi. Teorik e\u011fitimin ard\u0131ndan uygulamal\u0131 e\u011fitim ile de kursiyerler bire bir olarak pratik yapma \u015fans\u0131n\u0131 yakalad\u0131. E\u011fitmen Fedayi Karaku\u015f, \u201cSlaytl\u0131 anlat\u0131mla, g\u00f6rsel ve uygulamal\u0131 e\u011fitimlerle ilk yard\u0131m temel bilgilerini anlat\u0131yoruz. Teorik konular\u0131 soru-cevap \u015feklinde i\u015fliyoruz. Ayn\u0131 zamanda da beden dili \u00f6\u011fretmenimiz de i\u015fitme engellilere terc\u00fcme etmek i\u00e7in bilgilendirme yap\u0131yor. Amac\u0131m\u0131z yava\u015f yava\u015f, sindirerek buradaki e\u011fitimlerimizle kursiyerlerimizi bu alanda donan\u0131ml\u0131 hale getirmek\u201d dedi.<\/p>\n<p>\u201cEngelli bireylerin her zaman yan\u0131nday\u0131z\u201d<\/p>\n<p>Engellilerin her konuda her zaman yan\u0131nda olduklar\u0131n\u0131 kaydeden Pamukkale Belediye Ba\u015fkan\u0131 Avni \u00d6rki, engellilere y\u00f6nelik her t\u00fcrl\u00fc projenin i\u00e7ine yer alacaklar\u0131n\u0131 ifade ederek, \u201c\u0130lk yard\u0131m herkes i\u00e7in \u00f6nemli. \u0130\u015fitme engelliler i\u00e7in ise daha da \u00f6nemli. Biz de bu bilin\u00e7le Pamukkale Belediyesi olarak i\u015fitme engellilere y\u00f6nelik temel ilk yard\u0131m kurslar\u0131 a\u00e7t\u0131k. Bu kurslar\u0131n ilk aya\u011f\u0131 i\u015fitme engelli vatanda\u015flar\u0131m\u0131z oldu. \u0130lerleyen g\u00fcnlerde ortopedik engelli vatanda\u015flara y\u00f6nelik ilk yard\u0131m kurslar\u0131m\u0131z da devam edecek\u201d dedi.<\/p>\n","protected":false},"excerpt":{"rendered":"<p>DEN\u0130ZL\u0130 PAMUKKALE BELED\u0130YES\u0130 TARAFINDAN \u0130\u015e\u0130TME ENGELL\u0130LERE Y\u00d6NEL\u0130K TEMEL \u0130LK YARDIM E\u011e\u0130T\u0130M\u0130 VER\u0130LD\u0130. E\u011e\u0130T\u0130M \u00c7ALI\u015eMASINA YAKLA\u015eIK 30 K\u0130\u015e\u0130 KATILIRKEN, PROGRAMDA KURS\u0130YERLERE \u0130LK YARDIM UYGULAMALI OLARAK G\u00d6STER\u0130LD\u0130.<\/p>\n","protected":false},"author":1,"featured_media":180775,"comment_status":"closed","ping_status":"open","sticky":false,"template":"","format":"standard","meta":{"jetpack_post_was_ever_published":false,"_jetpack_newsletter_access":"","_jetpack_dont_email_post_to_subs":false,"_jetpack_newsletter_tier_id":0,"_jetpack_memberships_contains_paywalled_content":false,"_jetpack_memberships_contains_paid_content":false,"footnotes":"","jetpack_publicize_message":"","jetpack_publicize_feature_enabled":true,"jetpack_social_post_already_shared":true,"jetpack_social_options":{"image_generator_settings":{"template":"highway","default_image_id":0,"font":"","enabled":false},"version":2}},"categories":[1],"tags":[581,1735,37,1734,21358,4035,1736,1843],"class_list":["post-180774","post","type-post","status-publish","format-standard","has-post-thumbnail","hentry","category-genel","tag-egitimi","tag-engellilere","tag-ilk","tag-isitme","tag-pamukkalede","tag-temel","tag-yardim","tag-yonelik"],"jetpack_publicize_connections":[],"jetpack_featured_media_url":"https:\/\/i0.wp.com\/www.tvturk.com\/wp-content\/uploads\/2019\/07\/pamukkalede-isitme-engellilere-yonelik-temel-ilk-yardim-egitimi_499c1c8.jpg?fit=1000%2C666","jetpack_sharing_enabled":true,"jetpack_shortlink":"https:\/\/wp.me\/paKIfm-L1I","_links":{"self":[{"href":"http:\/\/www.tvturk.com\/index.php\/wp-json\/wp\/v2\/posts\/180774","targetHints":{"allow":["GET"]}}],"collection":[{"href":"http:\/\/www.tvturk.com\/index.php\/wp-json\/wp\/v2\/posts"}],"about":[{"href":"http:\/\/www.tvturk.com\/index.php\/wp-json\/wp\/v2\/types\/post"}],"author":[{"embeddable":true,"href":"http:\/\/www.tvturk.com\/index.php\/wp-json\/wp\/v2\/users\/1"}],"replies":[{"embeddable":true,"href":"http:\/\/www.tvturk.com\/index.php\/wp-json\/wp\/v2\/comments?post=180774"}],"version-history":[{"count":0,"href":"http:\/\/www.tvturk.com\/index.php\/wp-json\/wp\/v2\/posts\/180774\/revisions"}],"wp:featuredmedia":[{"embeddable":true,"href":"http:\/\/www.tvturk.com\/index.php\/wp-json\/wp\/v2\/media\/180775"}],"wp:attachment":[{"href":"http:\/\/www.tvturk.com\/index.php\/wp-json\/wp\/v2\/media?parent=180774"}],"wp:term":[{"taxonomy":"category","embeddable":true,"href":"http:\/\/www.tvturk.com\/index.php\/wp-json\/wp\/v2\/categories?post=180774"},{"taxonomy":"post_tag","embeddable":true,"href":"http:\/\/www.tvturk.com\/index.php\/wp-json\/wp\/v2\/tags?post=180774"}],"curies":[{"name":"wp","href":"https:\/\/api.w.org\/{rel}","templated":true}]}}