{"id":180780,"date":"2019-07-11T14:01:41","date_gmt":"2019-07-11T11:01:41","guid":{"rendered":"http:\/\/www.tvturk.com\/index.php\/engelli-cocuk-kaybolduktan-18-saat-sonra-menfezde-bulundu\/"},"modified":"2019-07-11T14:01:41","modified_gmt":"2019-07-11T11:01:41","slug":"engelli-cocuk-kaybolduktan-18-saat-sonra-menfezde-bulundu","status":"publish","type":"post","link":"http:\/\/www.tvturk.com\/index.php\/engelli-cocuk-kaybolduktan-18-saat-sonra-menfezde-bulundu\/","title":{"rendered":"Engelli \u00e7ocuk kaybolduktan 18 saat sonra menfezde bulundu"},"content":{"rendered":"<p>Erzurum\u2019da kaybolan zihinsel engelli \u00e7ocuk menfez i\u00e7erisinde bulundu. Engelli \u00e7ocuk, \u201cMehmet u\u00e7ar g\u00f6t\u00fcrmeyim k\u0131zarlar\u201d diye a\u011flay\u0131p durdu.<\/p>\n<p>Erzurum\u2019un Oltu il\u00e7esinde kaybolan ve yakla\u015f\u0131k 18 saattir aranan zihinsel engelli Mustafa U\u00e7ar, Oltu il\u00e7e Emniyet M\u00fcd\u00fcrl\u00fc\u011f\u00fc ekipleri ve Jandarma ekipleri taraf\u0131ndan yaya olarak arazi aramalar\u0131 yapt\u0131lar daha sonra dron kamera ile havadan araziyi kontrol ettikleri esnada il\u00e7enin \u00e7evre yolu opet kav\u015fa\u011f\u0131nda bulunan ve derinli\u011fi yakla\u015f\u0131k 2 metre olan menfez i\u00e7erisinde opet \u00e7al\u0131\u015fan\u0131 Ali Kantar taraf\u0131ndan a\u011flarken bulundu.<\/p>\n<p>Ekipler, zihinsel engelli olan ve s\u00fcrekli a\u011flayan \u00e7ocu\u011fu sakinle\u015ftirmekte zorlan\u0131rken, dizlerine kadar \u00e7amura batan \u00e7ocuk polis arac\u0131yla hastaneye g\u00f6t\u00fcr\u00fcld\u00fc. Ailesine haber verilmesinin \u00fczerine hastaneye gelen aile fertleri Mustafa\u2019ya kavu\u015fman\u0131n mutlulu\u011funu ya\u015farken, baba Mehmet U\u00e7ar, yetkililerine te\u015fekk\u00fcr etti.<\/p>\n<p>B\u00f6lgeye yak\u0131n bir yerde faaliyet g\u00f6steren petrol istasyonu \u00e7al\u0131\u015fan\u0131 taraf\u0131ndan bulunan zihinsel engelli Mustafa\u2019n\u0131n sa\u011fl\u0131k durumunun iyi oldu\u011fu belirtilirken, \u00e7ocu\u011fu bulan Ali Kantar isimli istasyon \u00e7al\u0131\u015fan\u0131, \u201cKar\u015f\u0131 tarafta ki kanal\u0131n i\u00e7erisinde bir a\u011flama sesi duydum. Hemen sese do\u011fru ko\u015ftum ve o esnada burada bulunan g\u00fcvenlik g\u00fc\u00e7leriyle birlikte \u00e7ocu\u011fu d\u00fc\u015ft\u00fc\u011f\u00fc kanaldan \u00e7\u0131kard\u0131k\u201d dedi.<\/p>\n<p>Zihinsel engelli Mustafa, Oltu Devlet Hastanesi\u2019nde yap\u0131lan sa\u011fl\u0131k kontrol\u00fcn\u00fcn ard\u0131ndan ailesine teslim edildi.<\/p>\n","protected":false},"excerpt":{"rendered":"<p>ERZURUM&#8217;DA KAYBOLAN Z\u0130H\u0130NSEL ENGELL\u0130 \u00c7OCUK MENFEZ \u0130\u00c7ER\u0130S\u0130NDE BULUNDU.<\/p>\n","protected":false},"author":1,"featured_media":180781,"comment_status":"closed","ping_status":"open","sticky":false,"template":"","format":"standard","meta":{"jetpack_post_was_ever_published":false,"_jetpack_newsletter_access":"","_jetpack_dont_email_post_to_subs":false,"_jetpack_newsletter_tier_id":0,"_jetpack_memberships_contains_paywalled_content":false,"_jetpack_memberships_contains_paid_content":false,"footnotes":"","jetpack_publicize_message":"","jetpack_publicize_feature_enabled":true,"jetpack_social_post_already_shared":true,"jetpack_social_options":{"image_generator_settings":{"template":"highway","default_image_id":0,"font":"","enabled":false},"version":2}},"categories":[1],"tags":[204,1008,1784,20402,15030,902,2022],"class_list":["post-180780","post","type-post","status-publish","format-standard","has-post-thumbnail","hentry","category-genel","tag-bulundu","tag-cocuk","tag-engelli","tag-kaybolduktan","tag-menfezde","tag-saat","tag-sonra"],"jetpack_publicize_connections":[],"jetpack_featured_media_url":"https:\/\/i0.wp.com\/www.tvturk.com\/wp-content\/uploads\/2019\/07\/engelli-cocuk-kaybolduktan-18-saat-sonra-menfezde-bulundu_186e18d.jpg?fit=1000%2C666","jetpack_sharing_enabled":true,"jetpack_shortlink":"https:\/\/wp.me\/paKIfm-L1O","_links":{"self":[{"href":"http:\/\/www.tvturk.com\/index.php\/wp-json\/wp\/v2\/posts\/180780","targetHints":{"allow":["GET"]}}],"collection":[{"href":"http:\/\/www.tvturk.com\/index.php\/wp-json\/wp\/v2\/posts"}],"about":[{"href":"http:\/\/www.tvturk.com\/index.php\/wp-json\/wp\/v2\/types\/post"}],"author":[{"embeddable":true,"href":"http:\/\/www.tvturk.com\/index.php\/wp-json\/wp\/v2\/users\/1"}],"replies":[{"embeddable":true,"href":"http:\/\/www.tvturk.com\/index.php\/wp-json\/wp\/v2\/comments?post=180780"}],"version-history":[{"count":0,"href":"http:\/\/www.tvturk.com\/index.php\/wp-json\/wp\/v2\/posts\/180780\/revisions"}],"wp:featuredmedia":[{"embeddable":true,"href":"http:\/\/www.tvturk.com\/index.php\/wp-json\/wp\/v2\/media\/180781"}],"wp:attachment":[{"href":"http:\/\/www.tvturk.com\/index.php\/wp-json\/wp\/v2\/media?parent=180780"}],"wp:term":[{"taxonomy":"category","embeddable":true,"href":"http:\/\/www.tvturk.com\/index.php\/wp-json\/wp\/v2\/categories?post=180780"},{"taxonomy":"post_tag","embeddable":true,"href":"http:\/\/www.tvturk.com\/index.php\/wp-json\/wp\/v2\/tags?post=180780"}],"curies":[{"name":"wp","href":"https:\/\/api.w.org\/{rel}","templated":true}]}}