{"id":180794,"date":"2019-07-11T14:16:47","date_gmt":"2019-07-11T11:16:47","guid":{"rendered":"http:\/\/www.tvturk.com\/index.php\/antalyanin-deniz-suyu-kontrol-altinda\/"},"modified":"2019-07-11T14:16:47","modified_gmt":"2019-07-11T11:16:47","slug":"antalyanin-deniz-suyu-kontrol-altinda","status":"publish","type":"post","link":"http:\/\/www.tvturk.com\/index.php\/antalyanin-deniz-suyu-kontrol-altinda\/","title":{"rendered":"Antalya\u2019n\u0131n deniz suyu kontrol alt\u0131nda"},"content":{"rendered":"<p>Antalya \u0130l Sal\u0131k m\u00fcd\u00fcrl\u00fc\u011f\u00fc ekipleri taraf\u0131ndan 640 km\u2019lik sahilde 360 noktadan 15 g\u00fcnde bir deniz suyu numunesi al\u0131narak analiz edildi\u011fi a\u00e7\u0131kland\u0131.<\/p>\n<p>Analizler Akdeniz b\u00f6lgesi i\u00e7in deniz sezonu olarak belirlenen 1 May\u0131s &#8211; 30 Ekim tarihleri aras\u0131nda \u0130l Sa\u011fl\u0131k M\u00fcd\u00fcrl\u00fc\u011f\u00fc taraf\u0131ndan belirlenen takvim do\u011frultusunda yap\u0131l\u0131yor. Al\u0131nan numuneler mikrobiyolojik analizleri yap\u0131lmak \u00fczere so\u011fuk zincirde Antalya Halk Sa\u011fl\u0131\u011f\u0131 Laboratuvar\u0131 ve Alanya Halk Sa\u011fl\u0131\u011f\u0131 Laboratuvarlar\u0131na teslim ediliyor.<\/p>\n<p>Antalya \u0130l Sa\u011fl\u0131k M\u00fcd\u00fcr\u00fc \u00dcnal H\u00fcl\u00fcr, analiz sonu\u00e7lar\u0131n\u0131n hem payda\u015f kurumlarla payla\u015f\u0131l\u0131yor hem de t\u00fcm y\u00fczme alanlar\u0131na ait sonu\u00e7lar\u0131n kurumun web sayfas\u0131nda  (yuzme.saglik.gov.tr) halka a\u00e7\u0131k bir \u015fekilde yay\u0131nland\u0131\u011f\u0131n\u0131 s\u00f6yledi.<\/p>\n<p>Uluslararas\u0131 kalite \u00f6d\u00fcl\u00fc olarak bilinen Mavi Bayrak sahibi 202 adet plaj\u0131yla Antalya\u2019n\u0131n T\u00fcrkiye birincisi oldu\u011funu hat\u0131rlatan H\u00fcl\u00fcr, &#8221; \u00dclkemizin de D\u00fcnya \u00fc\u00e7\u00fcnc\u00fcs\u00fc olmas\u0131nda kurumumuz \u00e7al\u0131\u015fmalar\u0131n\u0131n \u00f6nemli bir katk\u0131s\u0131 bulunuyor. \u00dclkemizde Mavi Bayrak say\u0131s\u0131n\u0131n art\u0131r\u0131lmas\u0131 amac\u0131yla Sa\u011fl\u0131k Bakanl\u0131\u011f\u0131, K\u00fclt\u00fcr ve Turizm Bakanl\u0131\u011f\u0131, \u00c7evre ve \u015eehircilik Bakanl\u0131\u011f\u0131 koordinasyonunda Y\u00fczme Suyu \u0130zleme \u00c7al\u0131\u015fmas\u0131n\u0131n y\u00fcr\u00fct\u00fcl\u00fcyor ve bu kapsamda illerde toplant\u0131lar d\u00fczenleniyor. M\u00fcd\u00fcrl\u00fc\u011f\u00fcm\u00fczde Sa\u011fl\u0131k Bakanl\u0131\u011f\u0131 Halk Sa\u011fl\u0131\u011f\u0131 Genel M\u00fcd\u00fcr Yard\u0131mc\u0131s\u0131 Uzm. Dr. H\u00fcseyin \u0130lter ba\u015fkanl\u0131\u011f\u0131nda d\u00fczenlenen toplant\u0131ya \u00c7evre Sa\u011fl\u0131\u011f\u0131 Daire Ba\u015fkan\u0131, K\u00fclt\u00fcr ve Turizm Bakanl\u0131\u011f\u0131, \u00c7evre ve \u015eehircilik Bakanl\u0131\u011f\u0131, Tar\u0131m ve Orman Bakanl\u0131\u011f\u0131 Milli Parklar, Antalya B\u00fcy\u00fck\u015fehir Belediyesi ile T\u00dcR\u00c7EV\u2019den yetkililer kat\u0131ld\u0131&#8221; dedi.<\/p>\n","protected":false},"excerpt":{"rendered":"<p>ANTALYA&#8217;DA \u0130L SALIK M\u00dcD\u00dcRL\u00dc\u011e\u00dc EK\u0130PLER\u0130NCE 640 KM\u2019L\u0130K SAH\u0130LDE 360 NOKTADAN 15 G\u00dcNDE B\u0130R DEN\u0130Z SUYU NUMUNES\u0130 ALINDI\u011eI VE SULARIN ANAL\u0130Z ED\u0130LD\u0130\u011e\u0130 A\u00c7IKLANDI.<\/p>\n","protected":false},"author":1,"featured_media":180795,"comment_status":"closed","ping_status":"open","sticky":false,"template":"","format":"standard","meta":{"jetpack_post_was_ever_published":false,"_jetpack_newsletter_access":"","_jetpack_dont_email_post_to_subs":false,"_jetpack_newsletter_tier_id":0,"_jetpack_memberships_contains_paywalled_content":false,"_jetpack_memberships_contains_paid_content":false,"footnotes":"","jetpack_publicize_message":"","jetpack_publicize_feature_enabled":true,"jetpack_social_post_already_shared":true,"jetpack_social_options":{"image_generator_settings":{"template":"highway","default_image_id":0,"font":"","enabled":false},"version":2}},"categories":[1],"tags":[3114,11990,1471,868,712],"class_list":["post-180794","post","type-post","status-publish","format-standard","has-post-thumbnail","hentry","category-genel","tag-altinda","tag-antalyanin","tag-deniz","tag-kontrol","tag-suyu"],"jetpack_publicize_connections":[],"jetpack_featured_media_url":"https:\/\/i0.wp.com\/www.tvturk.com\/wp-content\/uploads\/2019\/07\/antalyanin-deniz-suyu-kontrol-altinda_ac11f2c.jpg?fit=1000%2C666","jetpack_sharing_enabled":true,"jetpack_shortlink":"https:\/\/wp.me\/paKIfm-L22","_links":{"self":[{"href":"http:\/\/www.tvturk.com\/index.php\/wp-json\/wp\/v2\/posts\/180794","targetHints":{"allow":["GET"]}}],"collection":[{"href":"http:\/\/www.tvturk.com\/index.php\/wp-json\/wp\/v2\/posts"}],"about":[{"href":"http:\/\/www.tvturk.com\/index.php\/wp-json\/wp\/v2\/types\/post"}],"author":[{"embeddable":true,"href":"http:\/\/www.tvturk.com\/index.php\/wp-json\/wp\/v2\/users\/1"}],"replies":[{"embeddable":true,"href":"http:\/\/www.tvturk.com\/index.php\/wp-json\/wp\/v2\/comments?post=180794"}],"version-history":[{"count":0,"href":"http:\/\/www.tvturk.com\/index.php\/wp-json\/wp\/v2\/posts\/180794\/revisions"}],"wp:featuredmedia":[{"embeddable":true,"href":"http:\/\/www.tvturk.com\/index.php\/wp-json\/wp\/v2\/media\/180795"}],"wp:attachment":[{"href":"http:\/\/www.tvturk.com\/index.php\/wp-json\/wp\/v2\/media?parent=180794"}],"wp:term":[{"taxonomy":"category","embeddable":true,"href":"http:\/\/www.tvturk.com\/index.php\/wp-json\/wp\/v2\/categories?post=180794"},{"taxonomy":"post_tag","embeddable":true,"href":"http:\/\/www.tvturk.com\/index.php\/wp-json\/wp\/v2\/tags?post=180794"}],"curies":[{"name":"wp","href":"https:\/\/api.w.org\/{rel}","templated":true}]}}