{"id":180808,"date":"2019-07-11T14:32:02","date_gmt":"2019-07-11T11:32:02","guid":{"rendered":"http:\/\/www.tvturk.com\/index.php\/harput-kalesinde-yeni-donem-kazilari-basladi\/"},"modified":"2019-07-11T14:32:02","modified_gmt":"2019-07-11T11:32:02","slug":"harput-kalesinde-yeni-donem-kazilari-basladi","status":"publish","type":"post","link":"http:\/\/www.tvturk.com\/index.php\/harput-kalesinde-yeni-donem-kazilari-basladi\/","title":{"rendered":"Harput Kalesi\u2019nde yeni d\u00f6nem kaz\u0131lar\u0131 ba\u015flad\u0131"},"content":{"rendered":"<p>Tarihi Harput Mahallesi\u2019nde bulunan M.\u00d6.8. y\u00fczy\u0131lda Urartu Krall\u0131\u011f\u0131 taraf\u0131ndan yap\u0131lan Harput Kalesi\u2019nde 2019 kaz\u0131lar\u0131 ba\u015flad\u0131.<\/p>\n<p>Tarihi kaynaklara g\u00f6re, M\u00d6 8. y\u00fczy\u0131lda Urartu Krall\u0131\u011f\u0131 taraf\u0131ndan kurulan ve tarihe \u0131\u015f\u0131k tutan Harput Kalesi\u2019nde,  K\u00fclt\u00fcr ve Turizm Bakanl\u0131\u011f\u0131, Valilik ile F\u0131rat \u00dcniversitesi i\u015fbirli\u011finde 6 y\u0131l \u00f6nce yeniden ba\u015flat\u0131lan kaz\u0131 \u00e7al\u0131\u015fmalar\u0131 devam ediyor. Bu y\u0131l 400 metrekarelik alanda yap\u0131lmas\u0131 planlanan kaz\u0131 \u00e7al\u0131\u015fmalar\u0131nda F\u00dc E\u011fitim Fak\u00fcltesi \u00d6\u011fretim \u00dcyesi G\u00fczel Sanatlar B\u00f6l\u00fcm Ba\u015fkan\u0131 Prof. Dr. \u0130smail Ayta\u00e7\u2019\u0131n kaz\u0131 ba\u015fkanl\u0131\u011f\u0131nda 38 ki\u015filik ekip g\u00f6rev al\u0131yor. Kalede, 1 ay\u0131 filli kaz\u0131 ve 3 ay\u0131 restorasyon olmak \u00fczere 4 ayl\u0131k saha \u00e7al\u0131\u015fmas\u0131 yap\u0131laca\u011f\u0131 \u00f6\u011frenildi.<\/p>\n<p>2019 kaz\u0131s\u0131 \u00f6ncesi \u00f6n haz\u0131rl\u0131klar yapt\u0131klar\u0131n\u0131 belirten Kaz\u0131 Ba\u015fkan\u0131 Prof. Dr. \u0130smail Ayta\u00e7, &#8220;Bug\u00fcn de bilimsel kaz\u0131lar\u0131m\u0131za ba\u015fl\u0131yoruz. Bu sene sahada ki arkeolojik kaz\u0131lar yakla\u015f\u0131k 1 ay s\u00fcrecek. Ancak sahada ki \u00e7al\u0131\u015fmam\u0131z 3 ay devam edecek. Fakat sahadan \u00e7\u0131kt\u0131ktan sonra bu i\u015fin teknik analiz ve yay\u0131n k\u0131s\u0131mlar\u0131 i\u00e7in 12 ay boyunca s\u00fcrekli  uzman ekiplerimizle beraber \u00e7al\u0131\u015fmalar\u0131m\u0131z\u0131 s\u00fcrd\u00fcr\u00fcyoruz. 2019 y\u0131l\u0131nda yakla\u015f\u0131k 400 metrekarelik bir alan \u00fczerinde \u00e7al\u0131\u015faca\u011f\u0131z. Sonra saray \u00f6n\u00fc dedi\u011fimiz alan\u0131n restorasyonu haz\u0131r hale gelmi\u015f olarak bulaca\u011f\u0131z. 2019\u2019da daha \u00e7ok restorasyon konserasyon \u00e7al\u0131\u015fmalar\u0131n\u0131 s\u00fcrd\u00fcrece\u011fiz. \u015eu an orta mahalledeki restorasyon projesi bitme a\u015famas\u0131nda. Hemen \u00f6n\u00fcndeki Urartu s\u0131\u011f\u0131na\u011f\u0131n\u0131n oldu\u011fu alanda bu projenin i\u00e7erisinde. Ayr\u0131ca zindan\u0131n restorasyon projesi ile 4\u2019nolu konutun projesi bu y\u0131l  bitmi\u015f olacak&#8221; dedi.<\/p>\n<p>&#8220;2020\u2019de projeler uygulamaya ge\u00e7ecek&#8221;<\/p>\n<p>Ama\u00e7lar\u0131n\u0131n 2020 y\u0131l\u0131nda  projeleri kurullardan ge\u00e7irerek uygulama a\u015famas\u0131na gelmek oldu\u011funu vurgulayan Prof. Dr. Ayta\u00e7, &#8220;\u0130n\u015fallah 2020 y\u0131l\u0131nda da bu restorasyon projeleri uygulamaya ge\u00e7er ve b\u00f6ylece Harput Kalesi \u00f6renyeri stat\u00fcs\u00fc kazan\u0131r ve gelen insanlar m\u00fcze ve \u00f6ren yeri gibi b\u00fct\u00fcn bilgileri dijital ve g\u00f6rsel olmak \u00fczere g\u00f6recek \u015fekilde disiplin i\u00e7erisinde gezerler. Amac\u0131m\u0131z Harput Kalesi ve genelini D\u00fcnya K\u00fclt\u00fcr Miras Listesi asil listesine ta\u015f\u0131mak. Harput UNESCO listesine girdikten sonra reklama \u00e7okta ihtiyac\u0131m\u0131z kalmad\u0131.  Art\u0131k kendili\u011finden y\u00fcr\u00fcyor.  3 ciltlik bir kitap haz\u0131rl\u0131\u011f\u0131m\u0131z var kalede ki buluntular ile ilgili olarak onlar da bu y\u0131l sonuna do\u011fru bitmi\u015f olacak. Ondan sonra ba\u015ftan hesaplad\u0131\u011f\u0131m\u0131z \u00e7al\u0131\u015fma s\u00fcreci de tamamlanm\u0131\u015f olacakt\u0131r. Projeler bitip hayata ge\u00e7tikten sonra yine arkeolojik kaz\u0131lar yap\u0131lmam\u0131\u015f olan alanlarda devam edecektir&#8221; diye konu\u015ftu.<\/p>\n<p>Kaz\u0131da, 20 uzman 18  i\u015f\u00e7i ve usta ile \u00e7al\u0131\u015facaklar\u0131n\u0131 aktaran Ayta\u00e7,  genel olarak \u00e7al\u0131\u015fmalar\u0131n 12 ay s\u00fcrece\u011fini de ifade etti.<\/p>\n","protected":false},"excerpt":{"rendered":"<p>TAR\u0130H\u0130 HARPUT MAHALLES\u0130&#8217;NDE BULUNAN M.\u00d6. 8. Y\u00dcZYILDA URARTU KRALLI\u011eI TARAFINDAN YAPILAN HARPUT KALES\u0130&#8217;NDE 2019 KAZILARI BA\u015eLADI.<\/p>\n","protected":false},"author":1,"featured_media":180809,"comment_status":"closed","ping_status":"open","sticky":false,"template":"","format":"standard","meta":{"jetpack_post_was_ever_published":false,"_jetpack_newsletter_access":"","_jetpack_dont_email_post_to_subs":false,"_jetpack_newsletter_tier_id":0,"_jetpack_memberships_contains_paywalled_content":false,"_jetpack_memberships_contains_paid_content":false,"footnotes":"","jetpack_publicize_message":"","jetpack_publicize_feature_enabled":true,"jetpack_social_post_already_shared":true,"jetpack_social_options":{"image_generator_settings":{"template":"highway","default_image_id":0,"font":"","enabled":false},"version":2}},"categories":[1],"tags":[55,1530,19075,18726,7556,87],"class_list":["post-180808","post","type-post","status-publish","format-standard","has-post-thumbnail","hentry","category-genel","tag-basladi","tag-donem","tag-harput","tag-kalesinde","tag-kazilari","tag-yeni"],"jetpack_publicize_connections":[],"jetpack_featured_media_url":"https:\/\/i0.wp.com\/www.tvturk.com\/wp-content\/uploads\/2019\/07\/harput-kalesinde-yeni-donem-kazilari-basladi_49cc726.jpg?fit=1000%2C666","jetpack_sharing_enabled":true,"jetpack_shortlink":"https:\/\/wp.me\/paKIfm-L2g","_links":{"self":[{"href":"http:\/\/www.tvturk.com\/index.php\/wp-json\/wp\/v2\/posts\/180808","targetHints":{"allow":["GET"]}}],"collection":[{"href":"http:\/\/www.tvturk.com\/index.php\/wp-json\/wp\/v2\/posts"}],"about":[{"href":"http:\/\/www.tvturk.com\/index.php\/wp-json\/wp\/v2\/types\/post"}],"author":[{"embeddable":true,"href":"http:\/\/www.tvturk.com\/index.php\/wp-json\/wp\/v2\/users\/1"}],"replies":[{"embeddable":true,"href":"http:\/\/www.tvturk.com\/index.php\/wp-json\/wp\/v2\/comments?post=180808"}],"version-history":[{"count":0,"href":"http:\/\/www.tvturk.com\/index.php\/wp-json\/wp\/v2\/posts\/180808\/revisions"}],"wp:featuredmedia":[{"embeddable":true,"href":"http:\/\/www.tvturk.com\/index.php\/wp-json\/wp\/v2\/media\/180809"}],"wp:attachment":[{"href":"http:\/\/www.tvturk.com\/index.php\/wp-json\/wp\/v2\/media?parent=180808"}],"wp:term":[{"taxonomy":"category","embeddable":true,"href":"http:\/\/www.tvturk.com\/index.php\/wp-json\/wp\/v2\/categories?post=180808"},{"taxonomy":"post_tag","embeddable":true,"href":"http:\/\/www.tvturk.com\/index.php\/wp-json\/wp\/v2\/tags?post=180808"}],"curies":[{"name":"wp","href":"https:\/\/api.w.org\/{rel}","templated":true}]}}