{"id":180832,"date":"2019-07-11T15:01:45","date_gmt":"2019-07-11T12:01:45","guid":{"rendered":"http:\/\/www.tvturk.com\/index.php\/alacatida-gurultu-tartismasi-alacatiyi-koruyamazsak-ucuruma-gideriz\/"},"modified":"2019-07-11T15:01:45","modified_gmt":"2019-07-11T12:01:45","slug":"alacatida-gurultu-tartismasi-alacatiyi-koruyamazsak-ucuruma-gideriz","status":"publish","type":"post","link":"http:\/\/www.tvturk.com\/index.php\/alacatida-gurultu-tartismasi-alacatiyi-koruyamazsak-ucuruma-gideriz\/","title":{"rendered":"Ala\u00e7at\u0131\u2019da g\u00fcr\u00fclt\u00fc tart\u0131\u015fmas\u0131: &#8220;Ala\u00e7at\u0131\u2019y\u0131 koruyamazsak, u\u00e7uruma gideriz&#8221;"},"content":{"rendered":"<p>\u00c7e\u015fme Esnaf ve Sanatkarlar Odas\u0131 Ba\u015fkan\u0131 Osman K\u00f6f\u00fcnc\u00fc, Ala\u00e7at\u0131\u2019daki e\u011flence mekanlar\u0131ndan rahats\u0131zl\u0131k boyutuna ula\u015fmas\u0131yla ilgili, &#8220;Ala\u00e7at\u0131\u2019n\u0131n \u00f6zelli\u011fini ve otantik yap\u0131s\u0131n\u0131 koruyamazsak, u\u00e7uruma gideriz. Y\u00fcksek sesle m\u00fczik \u00e7alan barlar\u0131n, gece kul\u00fcplerinin olmamas\u0131 gerekti\u011fine inan\u0131yorum. Ala\u00e7at\u0131 bu de\u011fil&#8221; dedi.<\/p>\n<p>Son y\u0131llarda g\u00fcndemde olan ve g\u00fcn\u00fcm\u00fczde de yo\u011fun \u015fikayetlere konu olan Ala\u00e7at\u0131\u2019daki g\u00fcr\u00fclt\u00fc sorunu nedeniyle baz\u0131 turistlerde otellerinden ayr\u0131lm\u0131\u015ft\u0131. \u00c7e\u015fme Esnaf ve Sanatkarlar Odas\u0131 Ba\u015fkan\u0131 Osman K\u00f6f\u00fcnc\u00fc, mekanlardan y\u00fckselen a\u015f\u0131r\u0131 m\u00fczik yay\u0131nlar\u0131 ve g\u00fcr\u00fclt\u00fc sorunuyla ilgili konu\u015ftu.<\/p>\n<p>&#8220;Tabiki e\u011flenece\u011fiz; ama saat 01.00\u2019e kadar, bu kadar m\u00fczik sesinin y\u00fcksek oldu\u011fu bir yer, bence itici olur&#8221; diyen K\u00f6f\u00fcnc\u00fc, &#8220;Ala\u00e7at\u0131\u2019n\u0131n \u00f6zelli\u011fini ve otantik yap\u0131s\u0131n\u0131 koruyamazsak, u\u00e7uruma gideriz. Tehlike \u00e7anlar\u0131 \u00e7alar. Biz, ivedilikle bu sorunun \u00fczerine gitmeye kalkarsak, hep beraber karar al\u0131p, arkas\u0131nda durursak, bu i\u015flerin \u00e7\u00f6z\u00fclece\u011fine inan\u0131yorum. Ala\u00e7at\u0131\u2019n\u0131n i\u00e7i meskun mahal say\u0131ld\u0131\u011f\u0131na g\u00f6re, y\u00fcksek sesle m\u00fczik \u00e7alan barlar\u0131n, gece kul\u00fcplerinin olmamas\u0131 gerekti\u011fine inan\u0131yorum. Ala\u00e7at\u0131 bu de\u011fil&#8221; diye konu\u015ftu.<\/p>\n<p>&#8220;Ruhsat verilirken iyi incelenmeli, ince eleyip, s\u0131k dokunmal\u0131&#8221;<\/p>\n<p>\u00c7e\u015fme ve Ala\u00e7at\u0131\u2019n\u0131n, her sene bir konuyla, k\u00f6t\u00fc imajla g\u00fcndeme gelmesinden \u00e7ok rahats\u0131z oldu\u011funu vurgulayan K\u00f6f\u00fcnc\u00fc, &#8220;Ala\u00e7at\u0131\u2019daki g\u00fcr\u00fclt\u00fc kirlili\u011fi, bir g\u00fcnde olu\u015fan bir olay de\u011fil. Sorunun temeline bakmak gerekir. \u201915 y\u0131l kadar \u00f6nce Ala\u00e7at\u0131 ne durumdayd\u0131, \u015fimdi hangi noktaya geldi\u2019 diyerek bir \u00f6zele\u015ftiri yapmam\u0131z gerekir. Biz yola \u00e7\u0131karken; hu\u015fu i\u00e7inde bir m\u00fczik, kaliteli kafe ve restoranlar\u0131n oldu\u011fu, otantik yap\u0131n\u0131n korundu\u011fu, Ala\u00e7at\u0131 k\u00fclt\u00fcr\u00fcn\u00fcn korundu\u011fu ve Ala\u00e7at\u0131\u2019n\u0131n yerlilerinin korundu\u011fu bir imajla yola \u00e7\u0131kt\u0131k&#8221; \u015feklinde konu\u015ftu.<\/p>\n<p>K\u00f6f\u00fcnc\u00fc, &#8220;Bug\u00fcnk\u00fc noktaya yanl\u0131\u015f ruhsat verilmesinden dolay\u0131 geldik. Y\u00fcksek vol\u00fcml\u00fc m\u00fczikle, barlar\u0131n ve gece kul\u00fcplerinin diskoya d\u00f6n\u00fc\u015fmesinde, o d\u00f6nemin yerel y\u00f6neticilerinin ve ruhsat\u0131n ba\u015f\u0131ndaki ki\u015finin hatas\u0131 var; ama mal sahiplerinin de hatas\u0131 var. Mal sahibi kiraya verirken, \u2019Ne i\u015fi yapacaks\u0131n\u0131z?\u2019 diye soruyor. Kiralayacak olan ki\u015fi, \u2019Bar, restoran\u2019 diyor. Bar nereden \u00e7\u0131kt\u0131? Son 2-3 y\u0131l\u0131n i\u00e7ler ac\u0131s\u0131 durumu, t\u0131pk\u0131 Kumkap\u0131 gibi, masalar\u0131n \u00fczerinde darbuka, klarnet \u00e7alan, oynayan bir yap\u0131ya d\u00f6n\u00fc\u015ft\u00fc. Ala\u00e7at\u0131, Kumkap\u0131 de\u011fil. E\u011flence yerlerinin meskun mahallerin d\u0131\u015f\u0131nda olmas\u0131 gerekti\u011fine inan\u0131yoruz. E\u011fer ben esnaf olarak, oradaki m\u00fczikten rahats\u0131z oluyorsam, burada bir s\u0131k\u0131nt\u0131 var. Belediye Ba\u015fkan\u0131m\u0131z ile g\u00f6r\u00fc\u015ft\u00fc\u011f\u00fcm\u00fczde, ivedilikle bu sorunun \u00fcstesinden gelece\u011fini, g\u00fcr\u00fclt\u00fc sorununu en asgariye indirece\u011fini s\u00f6yl\u00fcyor; ama ruhsat verilirken iyi incelenmeli, ince eleyip, s\u0131k dokunmal\u0131 ki, sorun daha fazla b\u00fcy\u00fcmemeli. Ge\u00e7en d\u00f6nem geli\u015fi g\u00fczel ruhsatlar verilmi\u015f olmal\u0131 ki, bu i\u015fletmeler \u00e7o\u011fald\u0131&#8221; ifadelerini kulland\u0131.<\/p>\n","protected":false},"excerpt":{"rendered":"<p>\u00c7E\u015eME ESNAF VE SANATKARLAR ODASI BA\u015eKANI OSMAN K\u00d6F\u00dcNC\u00dc, ALA\u00c7ATI&#8217;DAK\u0130 E\u011eLENCE MEKANLARINDAN RAHATSIZLIK BOYUTUNA ULA\u015eMASIYLA \u0130LG\u0130L\u0130, &#8220;Y\u00dcKSEK SESLE M\u00dcZ\u0130K \u00c7ALAN BARLARIN, GECE KUL\u00dcPLER\u0130N\u0130N OLMAMASI GEREKT\u0130\u011e\u0130NE \u0130NANIYORUM. ALA\u00c7ATI BU DE\u011e\u0130L&#8221; DED\u0130.<\/p>\n","protected":false},"author":1,"featured_media":180833,"comment_status":"closed","ping_status":"open","sticky":false,"template":"","format":"standard","meta":{"jetpack_post_was_ever_published":false,"_jetpack_newsletter_access":"","_jetpack_dont_email_post_to_subs":false,"_jetpack_newsletter_tier_id":0,"_jetpack_memberships_contains_paywalled_content":false,"_jetpack_memberships_contains_paid_content":false,"footnotes":"","jetpack_publicize_message":"","jetpack_publicize_feature_enabled":true,"jetpack_social_post_already_shared":true,"jetpack_social_options":{"image_generator_settings":{"template":"highway","default_image_id":0,"font":"","enabled":false},"version":2}},"categories":[1],"tags":[44529,43173,11868,19370,44530,11231,1022],"class_list":["post-180832","post","type-post","status-publish","format-standard","has-post-thumbnail","hentry","category-genel","tag-alacatiyi","tag-alacatida","tag-gideriz","tag-gurultu","tag-koruyamazsak","tag-tartismasi","tag-ucuruma"],"jetpack_publicize_connections":[],"jetpack_featured_media_url":"https:\/\/i0.wp.com\/www.tvturk.com\/wp-content\/uploads\/2019\/07\/alacatida-gurultu-tartismasi-alacatiyi-koruyamazsak-ucuruma-gideriz_1309746.jpg?fit=1000%2C749","jetpack_sharing_enabled":true,"jetpack_shortlink":"https:\/\/wp.me\/paKIfm-L2E","_links":{"self":[{"href":"http:\/\/www.tvturk.com\/index.php\/wp-json\/wp\/v2\/posts\/180832","targetHints":{"allow":["GET"]}}],"collection":[{"href":"http:\/\/www.tvturk.com\/index.php\/wp-json\/wp\/v2\/posts"}],"about":[{"href":"http:\/\/www.tvturk.com\/index.php\/wp-json\/wp\/v2\/types\/post"}],"author":[{"embeddable":true,"href":"http:\/\/www.tvturk.com\/index.php\/wp-json\/wp\/v2\/users\/1"}],"replies":[{"embeddable":true,"href":"http:\/\/www.tvturk.com\/index.php\/wp-json\/wp\/v2\/comments?post=180832"}],"version-history":[{"count":0,"href":"http:\/\/www.tvturk.com\/index.php\/wp-json\/wp\/v2\/posts\/180832\/revisions"}],"wp:featuredmedia":[{"embeddable":true,"href":"http:\/\/www.tvturk.com\/index.php\/wp-json\/wp\/v2\/media\/180833"}],"wp:attachment":[{"href":"http:\/\/www.tvturk.com\/index.php\/wp-json\/wp\/v2\/media?parent=180832"}],"wp:term":[{"taxonomy":"category","embeddable":true,"href":"http:\/\/www.tvturk.com\/index.php\/wp-json\/wp\/v2\/categories?post=180832"},{"taxonomy":"post_tag","embeddable":true,"href":"http:\/\/www.tvturk.com\/index.php\/wp-json\/wp\/v2\/tags?post=180832"}],"curies":[{"name":"wp","href":"https:\/\/api.w.org\/{rel}","templated":true}]}}