{"id":180844,"date":"2019-07-11T15:31:36","date_gmt":"2019-07-11T12:31:36","guid":{"rendered":"http:\/\/www.tvturk.com\/index.php\/pamukkaleye-giris-ucretlerine-yuzde-20-zam-yapilacak\/"},"modified":"2019-07-11T15:31:36","modified_gmt":"2019-07-11T12:31:36","slug":"pamukkaleye-giris-ucretlerine-yuzde-20-zam-yapilacak","status":"publish","type":"post","link":"http:\/\/www.tvturk.com\/index.php\/pamukkaleye-giris-ucretlerine-yuzde-20-zam-yapilacak\/","title":{"rendered":"Pamukkale\u2019ye giri\u015f \u00fccretlerine y\u00fczde 20 zam yap\u0131lacak"},"content":{"rendered":"<p>T\u00fcrkiye\u2019nin \u00f6nemli turizm merkezlerinden biri olan ve beyaz cennet olarak bilinen Pamukkale giri\u015f \u00fccretlerine yap\u0131lacak zam ile giri\u015f \u00fccretleri 50 TL\u2019den, 60 TL\u2019ye \u00e7\u0131kar\u0131lacak. Zam karar\u0131n\u0131n duyulmas\u0131n\u0131n ard\u0131ndan Denizlililer karar tepki g\u00f6stererek, 50 TL iken gidip gezemedikleri Pamukkale\u2019ye art\u0131k hi\u00e7 gidemeyeceklerini savundular.<\/p>\n<p>Pamukkale \u00f6ren yerine gidi\u015f \u00fccretine K\u00fclt\u00fcr ve Turizm Bakanl\u0131\u011f\u0131 taraf\u0131ndan al\u0131nan karar ile y\u00fczde 20 zam yap\u0131lacak. Al\u0131nan karar do\u011frultusunda sadece Pamukkale\u2019ye de\u011fil, T\u00fcrkiye\u2019nin bir \u00e7ok noktas\u0131ndaki \u00f6ren yerlerine giri\u015f \u00fccretlerine 15 Temmuz itibari ile zam yap\u0131lacak.<\/p>\n<p>Zam karar\u0131 al\u0131nmas\u0131na en \u00e7ok tepkiyi ise Denizlili vatanda\u015flar g\u00f6sterdi. Eski g\u00fcncel fiyat\u0131n\u0131n zaten 50 lira oldu\u011funu belirten ve bunun kendileri i\u00e7in \u00e7ok y\u00fcksek bir rakam oldu\u011funu dile getiren H\u00fcseyin \u00c7ankaya, \u201cEski g\u00fcncel fiyat\u0131 zaten 50 lirayd\u0131. Eski fiyat\u0131 ile zaten insanlar gidemiyordu. Toplumdaki her kesim zaten k\u00fclt\u00fcrel olarak bir yol kat edemiyordu zaten. 60 lira oldu daha \u00f6zel oldu, Bir de yabanc\u0131 turistlerin ,yabanc\u0131 uyruklu insanlar\u0131n giri\u015fi daha kolay oldu\u011fu i\u00e7in genel olarak bir tepki var zaten Pamukkale\u2019ye kar\u015f\u0131 Denizli\u2019de. Tan\u0131d\u0131\u011f\u0131m 15, 20 y\u0131ld\u0131r gitmeyen insanlar var. Acilen fiyatta rotasyona gidilmesi laz\u0131m. Galiba 10 y\u0131l \u00f6nce gittim. A\u00e7\u0131k\u00e7as\u0131 Pamukkale\u2019ye gidece\u011fime \u015fehir d\u0131\u015f\u0131na gidiyorum daha iyi oluyor\u201d dedi.<\/p>\n<p>\u201c60 lira oldu\u011funu duyunca insanlar gelmeyi tercih eder mi?\u201d<\/p>\n<p>Fiyat\u0131 duyanlar\u0131n Pamukkale\u2019ye gelmeyeceklerini savunan Beste \u00c7oban isimli vatanda\u015f ise konuya \u00e7\u00f6z\u00fcm bulunmas\u0131n\u0131 ve fiyatlar\u0131n d\u00fc\u015f\u00fcr\u00fclmesi istedi. \u00c7oban konu\u015fmas\u0131nda \u015funlar\u0131 s\u00f6yledi:<\/p>\n<p>\u201cAl\u0131\u015fk\u0131n oldu\u011fumuz bir durum oldu\u011funu ve devlet sisteminde bu t\u00fcr ini\u015f \u00e7\u0131k\u0131\u015flar\u0131n oldu\u011funu ifade eden Beste \u00c7oban, \u201cZaten al\u0131\u015fk\u0131n oldu\u011fumuz bir durum. Devlet sisteminde b\u00f6yle ini\u015fler \u00e7\u0131k\u0131\u015flar olabiliyor. Vatanda\u015f i\u00e7inde \u00e7ok zor bir durum. \u0130nsanlar\u0131n ya\u015fam standartlar\u0131n\u0131 bu \u015fekilde zora sokmaya hi\u00e7 gerek yok. Bununla ilgili en k\u0131sa zamanda bir \u00e7\u00f6z\u00fcm bulmalar\u0131 gerekiyor. Ben \u00f6\u011frenciyim ve d\u0131\u015far\u0131dan arkada\u015flar\u0131m Pamukkale\u2019yi g\u00f6rmek i\u00e7in buraya geliyor. 60 lira oldu\u011funu duyunca insanlar gelmeyi tercih eder mi bilmiyorum. 10 lira da olsa \u00e7ok \u015fey fark ediyor.\u201d<\/p>\n<p>\u201cTatil k\u00f6y\u00fc yan\u0131 ba\u015f\u0131m\u0131zda gidemiyoruz\u201d<\/p>\n<p>Asgari \u00fccretin d\u00fc\u015f\u00fck oldu\u011funu s\u00f6yleyen Serkan Do\u011fu, Denizlili olmas\u0131na ra\u011fmen Pamukkale\u2019ye bir defa gidebildi\u011fini kaydederek, \u201cDevlet el atmal\u0131, d\u00fc\u015f\u00fcrseler daha iyi olur. Ben gidemiyorum Pamukkale\u2019ye. Ben Denizli\u2019de do\u011fdum bir kere gittim. Giri\u015fe 50, 60 lira diyorlar. Tatil k\u00f6y\u00fc yan\u0131 ba\u015f\u0131m\u0131zda gidemiyoruz. Maddi durumdan dolay\u0131 gidemiyoruz. \u0130nsanlar yak\u0131n\u0131nda olan yere gidemiyor\u201d dedi.<\/p>\n<p>\u201cPamukkale\u2019ye gittim ama i\u00e7eriye \u00fccretten dolay\u0131 girip, gezip, dola\u015famad\u0131m\u201d<\/p>\n<p>Denizlili oldu\u011funu ve giri\u015f \u00fccretinin y\u00fcksek miktarda oldu\u011funun alt\u0131n\u0131 \u00e7izen Ramazan Sert de, \u201cZaten memlekette asgari \u00fccret 2 bin lira civar\u0131. 3 veya 4 ki\u015filik bir aile, Pamukkale\u2019ye gezmeye gitti\u011fi taktir de, zaten asgari \u00fccretinin b\u00fcy\u00fck bir mebla\u011fs\u0131n\u0131 buraya b\u0131rakmak zorunda kal\u0131yor.  Bu fiyat biraz esnetilmeli bence ve daha a\u015fa\u011f\u0131ya \u00e7ekilmeli. Herkesin bu g\u00fczellikten istifade edebilmesi i\u00e7in \u00fclkemizin ekonomik \u015fartlar\u0131 alt\u0131nda d\u00fczenlenmesi gerekti\u011fini d\u00fc\u015f\u00fcn\u00fcyorum. Denizli\u2019nin yerlisi olarak \u00e7ok k\u00fc\u00e7\u00fck ya\u015flarda gitti\u011fimi hat\u0131rl\u0131yorum. Daha sonraki s\u00fcre\u00e7te Pamukkale\u2019ye gittim ama i\u00e7eriye \u00fccretten dolay\u0131 girip, gezip, dola\u015famad\u0131m\u201d dedi.<\/p>\n<p>En son bir hafta \u00f6nce misafirleri geldi\u011fi i\u00e7in Pamukkale\u2019ye giden Hasan Bora \u00d6zkan\u2019da, Eski\u015fehir\u2019den misafirlerinin geldi\u011fini ve 4 ki\u015fi i\u00e7in 200 lira \u00f6dediklerini belirterek, \u201cBiz 4 ki\u015filik bir aileyiz, 200 liraya daha g\u00fczel bir aktivite yapar\u0131m\u201d ifadesini kulland\u0131.<\/p>\n","protected":false},"excerpt":{"rendered":"<p>T\u00dcRK\u0130YE\u2019N\u0130N \u00d6NEML\u0130 TUR\u0130ZM MERKEZLER\u0130NDEN B\u0130R\u0130 OLAN VE BEYAZ CENNET OLARAK B\u0130L\u0130NEN PAMUKKALE G\u0130R\u0130\u015e \u00dcCRETLER\u0130NE YAPILACAK ZAM \u0130LE G\u0130R\u0130\u015e \u00dcCRETLER\u0130 50 TL\u2019DEN, 60 TL\u2019YE \u00c7IKARILACAK. ZAM KARARININ DUYULMASININ ARDINDAN DEN\u0130ZL\u0130L\u0130LER KARAR TEPK\u0130 G\u00d6STEREREK, 50 TL \u0130KEN G\u0130D\u0130P GEZEMED\u0130KLER\u0130 PAMUKKALE\u2019YE ARTIK H\u0130\u00c7 G\u0130DEMEYECEKLER\u0130N\u0130 SAVUNDULAR.<\/p>\n","protected":false},"author":1,"featured_media":180845,"comment_status":"closed","ping_status":"open","sticky":false,"template":"","format":"standard","meta":{"jetpack_post_was_ever_published":false,"_jetpack_newsletter_access":"","_jetpack_dont_email_post_to_subs":false,"_jetpack_newsletter_tier_id":0,"_jetpack_memberships_contains_paywalled_content":false,"_jetpack_memberships_contains_paid_content":false,"footnotes":"","jetpack_publicize_message":"","jetpack_publicize_feature_enabled":true,"jetpack_social_post_already_shared":true,"jetpack_social_options":{"image_generator_settings":{"template":"highway","default_image_id":0,"font":"","enabled":false},"version":2}},"categories":[19],"tags":[2256,30283,44536,158,3480,4652],"class_list":["post-180844","post","type-post","status-publish","format-standard","has-post-thumbnail","hentry","category-ekonomi","tag-giris","tag-pamukkaleye","tag-ucretlerine","tag-yapilacak","tag-yuzde","tag-zam"],"jetpack_publicize_connections":[],"jetpack_featured_media_url":"https:\/\/i0.wp.com\/www.tvturk.com\/wp-content\/uploads\/2019\/07\/pamukkaleye-giris-ucretlerine-yuzde-20-zam-yapilacak_8040da2.jpg?fit=1000%2C666","jetpack_sharing_enabled":true,"jetpack_shortlink":"https:\/\/wp.me\/paKIfm-L2Q","_links":{"self":[{"href":"http:\/\/www.tvturk.com\/index.php\/wp-json\/wp\/v2\/posts\/180844","targetHints":{"allow":["GET"]}}],"collection":[{"href":"http:\/\/www.tvturk.com\/index.php\/wp-json\/wp\/v2\/posts"}],"about":[{"href":"http:\/\/www.tvturk.com\/index.php\/wp-json\/wp\/v2\/types\/post"}],"author":[{"embeddable":true,"href":"http:\/\/www.tvturk.com\/index.php\/wp-json\/wp\/v2\/users\/1"}],"replies":[{"embeddable":true,"href":"http:\/\/www.tvturk.com\/index.php\/wp-json\/wp\/v2\/comments?post=180844"}],"version-history":[{"count":0,"href":"http:\/\/www.tvturk.com\/index.php\/wp-json\/wp\/v2\/posts\/180844\/revisions"}],"wp:featuredmedia":[{"embeddable":true,"href":"http:\/\/www.tvturk.com\/index.php\/wp-json\/wp\/v2\/media\/180845"}],"wp:attachment":[{"href":"http:\/\/www.tvturk.com\/index.php\/wp-json\/wp\/v2\/media?parent=180844"}],"wp:term":[{"taxonomy":"category","embeddable":true,"href":"http:\/\/www.tvturk.com\/index.php\/wp-json\/wp\/v2\/categories?post=180844"},{"taxonomy":"post_tag","embeddable":true,"href":"http:\/\/www.tvturk.com\/index.php\/wp-json\/wp\/v2\/tags?post=180844"}],"curies":[{"name":"wp","href":"https:\/\/api.w.org\/{rel}","templated":true}]}}