{"id":180882,"date":"2019-07-11T16:31:53","date_gmt":"2019-07-11T13:31:53","guid":{"rendered":"http:\/\/www.tvturk.com\/index.php\/hak-is-14-olagan-genel-kurulu-gerceklesti\/"},"modified":"2019-07-11T16:31:53","modified_gmt":"2019-07-11T13:31:53","slug":"hak-is-14-olagan-genel-kurulu-gerceklesti","status":"publish","type":"post","link":"http:\/\/www.tvturk.com\/index.php\/hak-is-14-olagan-genel-kurulu-gerceklesti\/","title":{"rendered":"HAK-\u0130\u015e 14. Ola\u011fan Genel Kurulu ger\u00e7ekle\u015fti"},"content":{"rendered":"<p>HAK-\u0130\u015e 14. Ola\u011fan Genel Kurulu ger\u00e7ekle\u015fti. Yap\u0131lan ba\u015fkanl\u0131k se\u00e7iminde HAK-\u0130\u015e Konfederasyonu Genel Ba\u015fkan\u0131 Mahmut Arslan yeniden g\u00f6reve se\u00e7ildi. Arslan, yap\u0131lan ola\u011fan kongrenin HAK-\u0130\u015e davas\u0131n\u0131 g\u00fc\u00e7lendirdi\u011fini ve gelece\u011fe daha g\u00fc\u00e7l\u00fc bir \u015fekilde y\u00fcr\u00fcmesine vesile olan tarihi bir kongre oldu\u011funu s\u00f6yledi.<\/p>\n<p>14. Ola\u011fan Genel Kurul\u2019da yeniden ba\u015fkan se\u00e7ilen HAK-\u0130\u015e Konfederasyonu Genel Ba\u015fkan\u0131 Mahmut Arslan, bir te\u015fekk\u00fcr konu\u015fmas\u0131 yapt\u0131. D\u00fcnyan\u0131n d\u00f6rt bir k\u00f6\u015fesinden \u00fcyelerinin bulundu\u011funu dile getiren Arslan, &#8220;HAK-\u0130\u015e ba\u011f\u0131ms\u0131z, \u00f6zg\u00fcr ve bu \u00fclkenin y\u00fcz ak\u0131 bir kurulu\u015ftur. Bunu alt\u0131n\u0131 \u00e7izerek s\u00f6yl\u00fcyorum. Hi\u00e7 kimsenin arka bah\u00e7esi, yanda\u015f\u0131, oyunda\u015f\u0131 olmad\u0131k olmayaca\u011f\u0131z. Bu ba\u011f\u0131ms\u0131zl\u0131k karakterimizi hi\u00e7 kimseye teslim etmeyece\u011fiz\u201d ifadelerini kulland\u0131.<\/p>\n<p>D\u00fczenlenen genel kurulun her y\u00f6n\u00fcyle tarihi oldu\u011funu belirten Arslan, \u201cBu genel kurulda kat\u0131l\u0131m y\u00f6n\u00fcyle bir ilki ger\u00e7ekle\u015ftirdik. \u0130ki, ald\u0131\u011f\u0131m\u0131z kararlarla bir ilki ger\u00e7ekle\u015ftirdik. \u00dc\u00e7, de\u011fi\u015ftirdi\u011fimiz t\u00fcz\u00fc\u011f\u00fcm\u00fczle yeni bir yol haritas\u0131 olu\u015fturduk. D\u00f6rt, kongrenin se\u00e7imler maddesinde de bir ilki ger\u00e7ekle\u015ftirdik. B\u00fct\u00fcn arkada\u015flar\u0131m\u0131z\u0131n mutabakat\u0131yla kavgas\u0131z, \u00e7at\u0131\u015fmas\u0131z, gerginlikten uzak bir genel kurulu tamamlaman\u0131n gururunu ya\u015f\u0131yorum\u201d \u015feklinde konu\u015ftu.<\/p>\n<p>Yeni bir yol haritas\u0131 \u00e7izeceklerini an\u0131msatan Arslan, \u201c2013\u2019te 160 bin \u00fcyemiz vard\u0131, bug\u00fcn 500 bin \u00fcye ilave ettik. 7 sendikam\u0131z vard\u0131, bug\u00fcn 21 sendikam\u0131z var. Bu ne demektir biliyor musunuz? Bu b\u00fcy\u00fck bir de\u011fi\u015fimi, b\u00fcy\u00fck bir ba\u015far\u0131yla y\u00f6netmek demektir. Bu kolay bir i\u015f de\u011fil, ama Rabbim bunu bize nasip etti. Bu b\u00fcy\u00fck de\u011fi\u015fimi, d\u00f6n\u00fc\u015f\u00fcm\u00fc ve bu b\u00fcy\u00fck ba\u015far\u0131y\u0131 hep birlikte elde ettik\u201d dedi.<\/p>\n<p>Genel kurul sonunda yeniden ba\u015fkanl\u0131\u011fa se\u00e7ilen Arslan, y\u00f6netim kurulundaki arkada\u015flar\u0131na, di\u011fer adaylara ve t\u00fcm kat\u0131l\u0131mc\u0131lara te\u015fekk\u00fcrlerini iletti. Toplu hat\u0131ra foto\u011fraf\u0131 \u00e7ekiminin ard\u0131ndan genel kurul tamamland\u0131.<\/p>\n","protected":false},"excerpt":{"rendered":"<p>HAK-\u0130\u015e 14. OLA\u011eAN GENEL KURULU GER\u00c7EKLE\u015eT\u0130.<\/p>\n","protected":false},"author":1,"featured_media":180883,"comment_status":"closed","ping_status":"open","sticky":false,"template":"","format":"standard","meta":{"jetpack_post_was_ever_published":false,"_jetpack_newsletter_access":"","_jetpack_dont_email_post_to_subs":false,"_jetpack_newsletter_tier_id":0,"_jetpack_memberships_contains_paywalled_content":false,"_jetpack_memberships_contains_paid_content":false,"footnotes":"","jetpack_publicize_message":"","jetpack_publicize_feature_enabled":true,"jetpack_social_post_already_shared":true,"jetpack_social_options":{"image_generator_settings":{"template":"highway","default_image_id":0,"font":"","enabled":false},"version":2}},"categories":[1],"tags":[2779,869,8901,9694,247,346],"class_list":["post-180882","post","type-post","status-publish","format-standard","has-post-thumbnail","hentry","category-genel","tag-2779","tag-genel","tag-gerceklesti","tag-hak-is","tag-kurulu","tag-olagan"],"jetpack_publicize_connections":[],"jetpack_featured_media_url":"https:\/\/i0.wp.com\/www.tvturk.com\/wp-content\/uploads\/2019\/07\/hak-is-14-olagan-genel-kurulu-gerceklesti_72443a0.jpg?fit=1000%2C750","jetpack_sharing_enabled":true,"jetpack_shortlink":"https:\/\/wp.me\/paKIfm-L3s","_links":{"self":[{"href":"http:\/\/www.tvturk.com\/index.php\/wp-json\/wp\/v2\/posts\/180882","targetHints":{"allow":["GET"]}}],"collection":[{"href":"http:\/\/www.tvturk.com\/index.php\/wp-json\/wp\/v2\/posts"}],"about":[{"href":"http:\/\/www.tvturk.com\/index.php\/wp-json\/wp\/v2\/types\/post"}],"author":[{"embeddable":true,"href":"http:\/\/www.tvturk.com\/index.php\/wp-json\/wp\/v2\/users\/1"}],"replies":[{"embeddable":true,"href":"http:\/\/www.tvturk.com\/index.php\/wp-json\/wp\/v2\/comments?post=180882"}],"version-history":[{"count":0,"href":"http:\/\/www.tvturk.com\/index.php\/wp-json\/wp\/v2\/posts\/180882\/revisions"}],"wp:featuredmedia":[{"embeddable":true,"href":"http:\/\/www.tvturk.com\/index.php\/wp-json\/wp\/v2\/media\/180883"}],"wp:attachment":[{"href":"http:\/\/www.tvturk.com\/index.php\/wp-json\/wp\/v2\/media?parent=180882"}],"wp:term":[{"taxonomy":"category","embeddable":true,"href":"http:\/\/www.tvturk.com\/index.php\/wp-json\/wp\/v2\/categories?post=180882"},{"taxonomy":"post_tag","embeddable":true,"href":"http:\/\/www.tvturk.com\/index.php\/wp-json\/wp\/v2\/tags?post=180882"}],"curies":[{"name":"wp","href":"https:\/\/api.w.org\/{rel}","templated":true}]}}