{"id":180904,"date":"2019-07-11T17:01:18","date_gmt":"2019-07-11T14:01:18","guid":{"rendered":"http:\/\/www.tvturk.com\/index.php\/pakistandaki-tren-kazasinda-olu-sayisi-21e-yukseldi\/"},"modified":"2019-07-11T17:01:18","modified_gmt":"2019-07-11T14:01:18","slug":"pakistandaki-tren-kazasinda-olu-sayisi-21e-yukseldi","status":"publish","type":"post","link":"http:\/\/www.tvturk.com\/index.php\/pakistandaki-tren-kazasinda-olu-sayisi-21e-yukseldi\/","title":{"rendered":"Pakistan\u2019daki tren kazas\u0131nda \u00f6l\u00fc say\u0131s\u0131 21\u2019e y\u00fckseldi"},"content":{"rendered":"<p>Pakistan\u2019\u0131n Pencap Eyaleti\u2019nde, sabah saatlerinde bir yolcu treninin y\u00fck trenine arkadan \u00e7arpmas\u0131 sonucu hayat\u0131n\u0131 kaybedenlerin say\u0131s\u0131 21\u2019e, yaral\u0131 say\u0131s\u0131 da 104\u2019e y\u00fckseldi.<\/p>\n<p>Pakistan\u2019\u0131n Pencap Eyaleti\u2019nin g\u00fcneyindeki \u015fehirlerinden Sadikabad\u2019da, bu sabah bir yolcu treni ile y\u00fck treninin kar\u0131\u015ft\u0131\u011f\u0131 kazada bilan\u00e7o art\u0131yor. Kazada hayat\u0131n\u0131 kaybeden ki\u015fi say\u0131s\u0131 21\u2019e y\u00fckselirken, 104 yolcunun da yaraland\u0131\u011f\u0131 bildirildi.<\/p>\n<p>Kazada yolcular\u0131n b\u00fcy\u00fck bir k\u0131sm\u0131n\u0131n uykuda oldu\u011funu ifade eden g\u00f6rg\u00fc tan\u0131\u011f\u0131, kurtarma ekipleri olay yerine gelene kadar yolcular\u0131n vagonlardan kendi ba\u015flar\u0131na kurtulmaya \u00e7al\u0131\u015ft\u0131\u011f\u0131n\u0131 s\u00f6yledi. B\u00f6lge polisi yapt\u0131\u011f\u0131 a\u00e7\u0131klamada, \u201cKetta\u2019ya giden trende s\u0131k\u0131\u015fan t\u00fcm yolcular\u0131n enkazdan \u00e7\u0131kar\u0131ld\u0131\u011f\u0131n\u0131 ve palet temizleme i\u015flemlerinin s\u00fcrd\u00fc\u011f\u00fcn\u00fc\u201d s\u00f6yledi. Pakistan Ordusu da kat\u0131ld\u0131\u011f\u0131 kurtarma operasyonunun erken saatlerinde yapt\u0131\u011f\u0131 a\u00e7\u0131klamada, tren enkaz\u0131na s\u0131k\u0131\u015fan yolcular\u0131n kurtar\u0131lmas\u0131 i\u00e7in a\u011f\u0131r makinelerin kullan\u0131ld\u0131\u011f\u0131 ile kazazedelere su ve yiyecek sa\u011fland\u0131\u011f\u0131 bilgilerini vermi\u015fti.<\/p>\n<p>Pakistan Ba\u015fbakan\u0131 \u0130mran Khan da, sosyal medya hesab\u0131 \u00fczerinden payla\u015ft\u0131\u011f\u0131 mesajla kazada yak\u0131nlar\u0131n\u0131 kaybeden ailelere ba\u015fsa\u011fl\u0131\u011f\u0131 dile\u011fi ile hen\u00fcz enkazdan \u00e7\u0131kar\u0131lmam\u0131\u015f yaral\u0131lar\u0131n bir an \u00f6nce kurtar\u0131lmas\u0131 i\u00e7in duada bulundu.<\/p>\n<p>Demiryollar\u0131 Bakan\u0131 \u015eeyh Ra\u015fit Ahmet de yapt\u0131\u011f\u0131 a\u00e7\u0131klamada, \u201cBu elim kaza nedeniyle kaybedilen k\u0131ymetli hayatlar i\u00e7in \u00fczg\u00fcn\u00fcm\u201d ifadesini kulland\u0131. Demiryollar\u0131 Bakan\u0131, kazan\u0131n insan ihmali nedeniyle ger\u00e7ekle\u015fti\u011fini ve olayla ilgili \u00fcst d\u00fczey bir soru\u015fturma emri verdi\u011fini a\u00e7\u0131klad\u0131. Kazada yak\u0131nlar\u0131n\u0131 kaybeden her aileye 1 bu\u00e7uk milyon Pakistan Rupisi (9 bin 450 ABD Dolar\u0131) her bir yaral\u0131ya da yar\u0131m milyon Pakistan Rupisi (3 bin 150 ABD Dolar\u0131) tazminat \u00f6denece\u011fi Demiryollar\u0131 Bakan\u0131 Ahmet taraf\u0131ndan duyuruldu.<\/p>\n","protected":false},"excerpt":{"rendered":"<p>PAK\u0130STAN&#8217;IN PENCAP EYALET\u0130&#8217;NDE, SABAH SAATLER\u0130NDE B\u0130R YOLCU TREN\u0130N\u0130N Y\u00dcK TREN\u0130NE ARKADAN \u00c7ARPMASI SONUCU HAYATINI KAYBEDENLER\u0130N SAYISI 21\u2019E, YARALI SAYISI DA 104\u2019E Y\u00dcKSELD\u0130.<\/p>\n","protected":false},"author":1,"featured_media":180905,"comment_status":"closed","ping_status":"open","sticky":false,"template":"","format":"standard","meta":{"jetpack_post_was_ever_published":false,"_jetpack_newsletter_access":"","_jetpack_dont_email_post_to_subs":false,"_jetpack_newsletter_tier_id":0,"_jetpack_memberships_contains_paywalled_content":false,"_jetpack_memberships_contains_paid_content":false,"footnotes":"","jetpack_publicize_message":"","jetpack_publicize_feature_enabled":true,"jetpack_social_post_already_shared":true,"jetpack_social_options":{"image_generator_settings":{"template":"highway","default_image_id":0,"font":"","enabled":false},"version":2}},"categories":[10],"tags":[44552,7568,1664,31293,611,5044,1681],"class_list":["post-180904","post","type-post","status-publish","format-standard","has-post-thumbnail","hentry","category-dunya","tag-21e","tag-kazasinda","tag-olu","tag-pakistandaki","tag-sayisi","tag-tren","tag-yukseldi"],"jetpack_publicize_connections":[],"jetpack_featured_media_url":"https:\/\/i0.wp.com\/www.tvturk.com\/wp-content\/uploads\/2019\/07\/pakistandaki-tren-kazasinda-olu-sayisi-21e-yukseldi_807d0d9.jpg?fit=960%2C720","jetpack_sharing_enabled":true,"jetpack_shortlink":"https:\/\/wp.me\/paKIfm-L3O","_links":{"self":[{"href":"http:\/\/www.tvturk.com\/index.php\/wp-json\/wp\/v2\/posts\/180904","targetHints":{"allow":["GET"]}}],"collection":[{"href":"http:\/\/www.tvturk.com\/index.php\/wp-json\/wp\/v2\/posts"}],"about":[{"href":"http:\/\/www.tvturk.com\/index.php\/wp-json\/wp\/v2\/types\/post"}],"author":[{"embeddable":true,"href":"http:\/\/www.tvturk.com\/index.php\/wp-json\/wp\/v2\/users\/1"}],"replies":[{"embeddable":true,"href":"http:\/\/www.tvturk.com\/index.php\/wp-json\/wp\/v2\/comments?post=180904"}],"version-history":[{"count":0,"href":"http:\/\/www.tvturk.com\/index.php\/wp-json\/wp\/v2\/posts\/180904\/revisions"}],"wp:featuredmedia":[{"embeddable":true,"href":"http:\/\/www.tvturk.com\/index.php\/wp-json\/wp\/v2\/media\/180905"}],"wp:attachment":[{"href":"http:\/\/www.tvturk.com\/index.php\/wp-json\/wp\/v2\/media?parent=180904"}],"wp:term":[{"taxonomy":"category","embeddable":true,"href":"http:\/\/www.tvturk.com\/index.php\/wp-json\/wp\/v2\/categories?post=180904"},{"taxonomy":"post_tag","embeddable":true,"href":"http:\/\/www.tvturk.com\/index.php\/wp-json\/wp\/v2\/tags?post=180904"}],"curies":[{"name":"wp","href":"https:\/\/api.w.org\/{rel}","templated":true}]}}