{"id":180910,"date":"2019-07-11T17:02:20","date_gmt":"2019-07-11T14:02:20","guid":{"rendered":"http:\/\/www.tvturk.com\/index.php\/60-yil-sonra-yeniden-gormeye-basladi\/"},"modified":"2019-07-11T17:02:20","modified_gmt":"2019-07-11T14:02:20","slug":"60-yil-sonra-yeniden-gormeye-basladi","status":"publish","type":"post","link":"http:\/\/www.tvturk.com\/index.php\/60-yil-sonra-yeniden-gormeye-basladi\/","title":{"rendered":"60 y\u0131l sonra yeniden g\u00f6rmeye ba\u015flad\u0131"},"content":{"rendered":"<p>Nev\u015fehir\u2019de 60 y\u0131l \u00f6nce ya\u015fam\u0131\u015f oldu\u011fu bir kaza sonras\u0131nda g\u00f6rme yetisini kaybeden 75 ya\u015f\u0131ndaki M.G. ba\u015far\u0131l\u0131 bir operasyonun ard\u0131ndan yeniden g\u00f6rmeye ba\u015flad\u0131.<\/p>\n<p>Edinilen bilgilere g\u00f6re, Nev\u015fehir\u2019de 60 y\u0131l \u00f6nce ya\u015fam\u0131\u015f oldu\u011fu bir kaza sonras\u0131nda g\u00f6rme yetene\u011fini kaybeden M.G., Nev\u015fehir Devlet Hastanesinde G\u00f6z Hastal\u0131klar\u0131 Uzman\u0131 Op. Dr. Bahad\u0131r D\u00fczg\u00fcn taraf\u0131ndan yap\u0131lan muayene ve tetkiklerden sonra hastan\u0131n sol g\u00f6z\u00fcnde \u0131\u015f\u0131k hissi seviyesinde g\u00f6rmesi oldu\u011fu tespit edildi. Nev\u015fehir Devlet Hastanesinde yap\u0131lan ba\u015far\u0131l\u0131 operasyon sonras\u0131nda ise M.G. tam 60 y\u0131l sonra yeniden g\u00f6rmeye ba\u015flad\u0131.<\/p>\n<p>G\u00f6z Hastal\u0131klar\u0131 uzman\u0131 Op. Dr. Bahad\u0131r D\u00fczg\u00fcn, \u201cHastan\u0131n lens \u00f6n kaps\u00fcl\u00fc par\u00e7alanm\u0131\u015f ve g\u00f6z i\u00e7i merce\u011fi g\u00f6z bebe\u011fine yap\u0131\u015ft\u0131\u011f\u0131 tespit edildi. \u00d6ncelikle yap\u0131\u015fan dokular\u0131 dikkatlice temizlendi, lens kaps\u00fcl\u00fc uygun bir \u015fekilde geni\u015fletilerek fako cerrahisi yap\u0131ld\u0131. Diki\u015fsiz ameliyatla lens par\u00e7alar\u0131 dikkatlice \u00e7\u0131kar\u0131ld\u0131. Ameliyat sonras\u0131 d\u00f6nemde, 60 y\u0131l gibi uzun bir zamandan sonra bir insan\u0131n yeniden sa\u011fl\u0131\u011f\u0131na kavu\u015ftu\u011fu ve g\u00f6rmeye ba\u015flamas\u0131 bizler i\u00e7in mutluluk verici\u201d dedi.<\/p>\n","protected":false},"excerpt":{"rendered":"<p>NEV\u015eEH\u0130R\u2019DE 60 YIL \u00d6NCE YA\u015eADI\u011eI KAZA SONRASINDA G\u00d6RME YET\u0130S\u0130N\u0130 KAYBEDEN 75 YA\u015eINDAK\u0130 M.G., BA\u015eARILI B\u0130R OPERASYONUN ARDINDAN YEN\u0130DEN G\u00d6RMEYE BA\u015eLADI.<\/p>\n","protected":false},"author":1,"featured_media":180911,"comment_status":"closed","ping_status":"open","sticky":false,"template":"","format":"standard","meta":{"jetpack_post_was_ever_published":false,"_jetpack_newsletter_access":"","_jetpack_dont_email_post_to_subs":false,"_jetpack_newsletter_tier_id":0,"_jetpack_memberships_contains_paywalled_content":false,"_jetpack_memberships_contains_paid_content":false,"footnotes":"","jetpack_publicize_message":"","jetpack_publicize_feature_enabled":true,"jetpack_social_post_already_shared":true,"jetpack_social_options":{"image_generator_settings":{"template":"highway","default_image_id":0,"font":"","enabled":false},"version":2}},"categories":[1],"tags":[55,21006,2022,720,231],"class_list":["post-180910","post","type-post","status-publish","format-standard","has-post-thumbnail","hentry","category-genel","tag-basladi","tag-gormeye","tag-sonra","tag-yeniden","tag-yil"],"jetpack_publicize_connections":[],"jetpack_featured_media_url":"https:\/\/i0.wp.com\/www.tvturk.com\/wp-content\/uploads\/2019\/07\/60-yil-sonra-yeniden-gormeye-basladi_b3eed39.jpg?fit=1000%2C750","jetpack_sharing_enabled":true,"jetpack_shortlink":"https:\/\/wp.me\/paKIfm-L3U","_links":{"self":[{"href":"http:\/\/www.tvturk.com\/index.php\/wp-json\/wp\/v2\/posts\/180910","targetHints":{"allow":["GET"]}}],"collection":[{"href":"http:\/\/www.tvturk.com\/index.php\/wp-json\/wp\/v2\/posts"}],"about":[{"href":"http:\/\/www.tvturk.com\/index.php\/wp-json\/wp\/v2\/types\/post"}],"author":[{"embeddable":true,"href":"http:\/\/www.tvturk.com\/index.php\/wp-json\/wp\/v2\/users\/1"}],"replies":[{"embeddable":true,"href":"http:\/\/www.tvturk.com\/index.php\/wp-json\/wp\/v2\/comments?post=180910"}],"version-history":[{"count":0,"href":"http:\/\/www.tvturk.com\/index.php\/wp-json\/wp\/v2\/posts\/180910\/revisions"}],"wp:featuredmedia":[{"embeddable":true,"href":"http:\/\/www.tvturk.com\/index.php\/wp-json\/wp\/v2\/media\/180911"}],"wp:attachment":[{"href":"http:\/\/www.tvturk.com\/index.php\/wp-json\/wp\/v2\/media?parent=180910"}],"wp:term":[{"taxonomy":"category","embeddable":true,"href":"http:\/\/www.tvturk.com\/index.php\/wp-json\/wp\/v2\/categories?post=180910"},{"taxonomy":"post_tag","embeddable":true,"href":"http:\/\/www.tvturk.com\/index.php\/wp-json\/wp\/v2\/tags?post=180910"}],"curies":[{"name":"wp","href":"https:\/\/api.w.org\/{rel}","templated":true}]}}