{"id":180916,"date":"2019-07-11T17:16:05","date_gmt":"2019-07-11T14:16:05","guid":{"rendered":"http:\/\/www.tvturk.com\/index.php\/demokratik-kongoda-genis-capli-kizamik-asisi-kampanyasi\/"},"modified":"2019-07-11T17:16:05","modified_gmt":"2019-07-11T14:16:05","slug":"demokratik-kongoda-genis-capli-kizamik-asisi-kampanyasi","status":"publish","type":"post","link":"http:\/\/www.tvturk.com\/index.php\/demokratik-kongoda-genis-capli-kizamik-asisi-kampanyasi\/","title":{"rendered":"Demokratik Kongo\u2019da geni\u015f \u00e7apl\u0131 k\u0131zam\u0131k a\u015f\u0131s\u0131 kampanyas\u0131"},"content":{"rendered":"<p>Demokratik Kongo\u2019nun Ituru eyaletinde geni\u015f \u00e7apl\u0131 bir k\u0131zam\u0131k a\u015f\u0131s\u0131 kampanyas\u0131 ba\u015flat\u0131ld\u0131.<\/p>\n<p>Demokratik Kongo\u2019nun kuzeydo\u011fusundaki \u00f6l\u00fcmc\u00fcl Ebola salg\u0131n\u0131n\u0131n iki kez vurdu\u011fu Ituru eyaletinde sa\u011fl\u0131k \u00e7al\u0131\u015fanlar\u0131 geni\u015f \u00e7apl\u0131 bir k\u0131zam\u0131k a\u015f\u0131s\u0131 kampanyas\u0131 ba\u015flatt\u0131. Birle\u015fmi\u015f Milletler (BM) \u00c7ocuk Fonu UNICEF\u2019ten bug\u00fcn yap\u0131lan a\u00e7\u0131klamada, Ituri eyaletinde 67 bin \u00e7ocu\u011fun a\u015f\u0131lanmas\u0131n\u0131 hedefledi\u011fini s\u00f6yledi. K\u0131zam\u0131k a\u015f\u0131lar\u0131n\u0131n Itutu\u2019nun Tchoma ve Ayankunde sa\u011fl\u0131k b\u00f6lgelerinde de yap\u0131lmas\u0131 planlan\u0131yor.<\/p>\n<p>Kongo\u2019da h\u00fck\u00fcmet g\u00fc\u00e7leriyle silahl\u0131 militanlar aras\u0131nda ya\u015fanan \u00e7at\u0131\u015fmalar ve topluluklar aras\u0131 \u015fiddet olaylar\u0131 nedeniyle 400 bin ki\u015fi yerlerinden edildi. UNICEF\u2019e g\u00f6re, bu y\u0131l bug\u00fcne kadar Kongo\u2019da k\u0131zam\u0131ktan yakla\u015f\u0131k 2 bin ki\u015fi \u00f6ld\u00fc, bu rakam\u0131n \u00fc\u00e7te ikisinden fazlas\u0131 be\u015f ya\u015f\u0131n alt\u0131ndaki \u00e7ocuklar. Kongo\u2019dan al\u0131nan son sa\u011fl\u0131k verileri, \u00fclkede ge\u00e7en y\u0131l 65 binden fazla g\u00f6r\u00fclen k\u0131zam\u0131k vakalar\u0131n\u0131n say\u0131s\u0131n\u0131n bu y\u0131l 115 bin civar\u0131nda oldu\u011funu g\u00f6steriyor.<\/p>\n<p>Kongo\u2019da k\u0131zam\u0131k salg\u0131n\u0131yla m\u00fccadele ate\u015f, g\u00f6z \u00e7evresinde k\u0131zar\u0131kl\u0131k ve ishal gibi semptomlar\u0131n Ebola vir\u00fcs\u00fc ta\u015f\u0131yanlar\u0131n g\u00f6sterdi\u011fi belirtilerle ayn\u0131 olmas\u0131 y\u00fcz\u00fcnden zor.<\/p>\n<p>Kongo\u2019da yetkililer d\u00fcn yapt\u0131klar\u0131 a\u00e7\u0131klamada Ituri ve Kuzey Kivu eyaletlerinde ge\u00e7ti\u011fimiz A\u011fustos\u2019ta patlak veren ebola salg\u0131n\u0131n\u0131n bin 646 ki\u015finin hayat\u0131n\u0131 kaybetmesine neden olurken, 683 ki\u015finin ise hastal\u0131\u011f\u0131 atlatt\u0131\u011f\u0131n\u0131 bildirdi.<\/p>\n","protected":false},"excerpt":{"rendered":"<p>DEMOKRAT\u0130K KONGO&#8217;NUN ITURU EYALET\u0130NDE GEN\u0130\u015e \u00c7APLI B\u0130R KIZAMIK A\u015eISI KAMPANYASI BA\u015eLATILDI.<\/p>\n","protected":false},"author":1,"featured_media":180917,"comment_status":"closed","ping_status":"open","sticky":false,"template":"","format":"standard","meta":{"jetpack_post_was_ever_published":false,"_jetpack_newsletter_access":"","_jetpack_dont_email_post_to_subs":false,"_jetpack_newsletter_tier_id":0,"_jetpack_memberships_contains_paywalled_content":false,"_jetpack_memberships_contains_paid_content":false,"footnotes":"","jetpack_publicize_message":"","jetpack_publicize_feature_enabled":true,"jetpack_social_post_already_shared":true,"jetpack_social_options":{"image_generator_settings":{"template":"highway","default_image_id":0,"font":"","enabled":false},"version":2}},"categories":[10],"tags":[20218,4090,11675,3010,6858,749,32933],"class_list":["post-180916","post","type-post","status-publish","format-standard","has-post-thumbnail","hentry","category-dunya","tag-kizamik","tag-asisi","tag-capli","tag-demokratik","tag-genis","tag-kampanyasi","tag-kongoda"],"jetpack_publicize_connections":[],"jetpack_featured_media_url":"https:\/\/i0.wp.com\/www.tvturk.com\/wp-content\/uploads\/2019\/07\/demokratik-kongoda-genis-capli-kizamik-asisi-kampanyasi_1070e57.jpg?fit=1000%2C667","jetpack_sharing_enabled":true,"jetpack_shortlink":"https:\/\/wp.me\/paKIfm-L40","_links":{"self":[{"href":"http:\/\/www.tvturk.com\/index.php\/wp-json\/wp\/v2\/posts\/180916","targetHints":{"allow":["GET"]}}],"collection":[{"href":"http:\/\/www.tvturk.com\/index.php\/wp-json\/wp\/v2\/posts"}],"about":[{"href":"http:\/\/www.tvturk.com\/index.php\/wp-json\/wp\/v2\/types\/post"}],"author":[{"embeddable":true,"href":"http:\/\/www.tvturk.com\/index.php\/wp-json\/wp\/v2\/users\/1"}],"replies":[{"embeddable":true,"href":"http:\/\/www.tvturk.com\/index.php\/wp-json\/wp\/v2\/comments?post=180916"}],"version-history":[{"count":0,"href":"http:\/\/www.tvturk.com\/index.php\/wp-json\/wp\/v2\/posts\/180916\/revisions"}],"wp:featuredmedia":[{"embeddable":true,"href":"http:\/\/www.tvturk.com\/index.php\/wp-json\/wp\/v2\/media\/180917"}],"wp:attachment":[{"href":"http:\/\/www.tvturk.com\/index.php\/wp-json\/wp\/v2\/media?parent=180916"}],"wp:term":[{"taxonomy":"category","embeddable":true,"href":"http:\/\/www.tvturk.com\/index.php\/wp-json\/wp\/v2\/categories?post=180916"},{"taxonomy":"post_tag","embeddable":true,"href":"http:\/\/www.tvturk.com\/index.php\/wp-json\/wp\/v2\/tags?post=180916"}],"curies":[{"name":"wp","href":"https:\/\/api.w.org\/{rel}","templated":true}]}}