{"id":180920,"date":"2019-07-11T17:16:29","date_gmt":"2019-07-11T14:16:29","guid":{"rendered":"http:\/\/www.tvturk.com\/index.php\/bisikletle-yuz-yillik-macerada-pedallar-donmeye-basladi\/"},"modified":"2019-07-11T17:16:29","modified_gmt":"2019-07-11T14:16:29","slug":"bisikletle-yuz-yillik-macerada-pedallar-donmeye-basladi","status":"publish","type":"post","link":"http:\/\/www.tvturk.com\/index.php\/bisikletle-yuz-yillik-macerada-pedallar-donmeye-basladi\/","title":{"rendered":"\u201cBisikletle Y\u00fcz Y\u0131ll\u0131k Macera\u201dda pedallar d\u00f6nmeye ba\u015flad\u0131"},"content":{"rendered":"<p>Nil\u00fcfer Belediyesi ve BUB\u0130DOSD i\u015f birli\u011fiyle d\u00fczenlenen \u201cBisikletle Y\u00fcz Y\u0131ll\u0131k Macera\u201d turunda pedallar, Ba\u015fkan Turgay Erdem\u2019in damal\u0131 bayrakl\u0131 i\u015faretiyle d\u00f6nmeye ba\u015flad\u0131. Erdem, \u201cBu gelenek y\u00fcz y\u0131llarca s\u00fcrmeli\u201d dedi.<\/p>\n<p>1897 y\u0131l\u0131nda Bursa\u2019da ger\u00e7ekle\u015ftirilen ve Ahmet Tevfik\u2019in \u201cH\u00fcdavendig\u00e2r Vil\u00e2yeti Dahilinde Velespitle Bir Cevel\u00e2n\u201d adl\u0131 kitab\u0131nda anlatt\u0131\u011f\u0131 bisiklet turunun bir benzeri olan \u201cBisikletle Y\u00fcz Y\u0131ll\u0131k Macera\u201d, bu y\u0131l da yap\u0131l\u0131yor. Bursa Bisiklet ve Do\u011fay\u0131 Sevenler Derne\u011fi \u00f6nc\u00fcl\u00fc\u011f\u00fcnde bu y\u0131l 10\u2019uncusu d\u00fczenlenen ve Nil\u00fcfer Belediyesi\u2019nin de destek verdi\u011fi Bisikletle Y\u00fcz Y\u0131ll\u0131k Macera turu, Nil\u00fcfer Belediye Ba\u015fkan\u0131 Turgay Erdem\u2019in damal\u0131 bayra\u011f\u0131 sallamas\u0131yla Mudanya\u2019dan ba\u015flad\u0131. T\u00fcrkiye\u2019nin d\u00f6rt bir yan\u0131ndan gelen bisiklet tutkunlar\u0131, 4 g\u00fcn s\u00fcrecek turda yakla\u015f\u0131k 200 kilometre pedal \u00e7evirecek.<\/p>\n<p>\u201cBisikletle Y\u00fcz Y\u0131ll\u0131k Macera\u201d turu \u00f6ncesi bisiklet tutkunlar\u0131yla bir araya gelen Ba\u015fkan Turgay Erdem, \u201c100 y\u0131l\u0131n \u00fczerindeki bir gelene\u011fi ya\u015fatman\u0131zdan dolay\u0131 sizleri tebrik ediyorum. Kazas\u0131z bir tur ge\u00e7irmenizi diliyorum. Pedal\u0131n\u0131za ta\u015f de\u011fmesin\u201d dedi.<\/p>\n<p>Nil\u00fcfer Belediyesi, Kent Konseyi ve BUB\u0130DOSD ile 10 y\u0131l \u00f6nce turun ilkini ger\u00e7ekle\u015ftirdiklerini belirten Turgay Erdem, \u201cBisikletle Y\u00fcz Y\u0131ll\u0131k Macera\u201d turunun y\u00fcz y\u0131llar boyunca s\u00fcrmesi gerekti\u011fini s\u00f6yledi. Erdem, \u201cSiz bu i\u015fte oldu\u011funuz s\u00fcrece, Nil\u00fcfer Belediyesi olarak biz de sizlerin yan\u0131nda var olmaya devam edece\u011fiz. Nil\u00fcfer Belediyesi olarak bisiklet, do\u011fa ve sa\u011fl\u0131k konusunda her zaman \u00f6nc\u00fcl\u00fc\u011f\u00fc yapan bir belediye olman\u0131n mutlulu\u011funu ya\u015f\u0131yoruz. 158 kilometreye varan bisiklet yoluna sahibiz. Daha sa\u011fl\u0131kl\u0131 ve kolay ula\u015f\u0131m sa\u011flamak i\u00e7in Nilespit projemizle insanlar\u0131 bisiklete te\u015fvik ediyoruz. Sizlerin yapm\u0131\u015f oldu\u011fu bu g\u00fczel organizasyonu, Bursa\u2019n\u0131n en \u00f6nemli faaliyetlerinden biri olarak g\u00f6r\u00fcyoruz. Pedallar\u0131n\u0131z dostluk, \u00e7evre ve sa\u011fl\u0131k i\u00e7in d\u00f6ns\u00fcn\u201d \u015feklinde konu\u015ftu.<\/p>\n<p>Erdem\u2019in Mudanya\u2019da ba\u015flang\u0131c\u0131n\u0131 yapt\u0131\u011f\u0131 \u201cBisikletle Y\u00fcz Y\u0131ll\u0131k Macera\u201d turuna kat\u0131lanlar, Nil\u00fcfer, Kestel, \u0130neg\u00f6l, Yeni\u015fehir ve Orhangazi\u2019den ge\u00e7erek, turu Gemlik\u2019te sona erdirecek.<\/p>\n","protected":false},"excerpt":{"rendered":"<p>N\u0130L\u00dcFER BELED\u0130YES\u0130 VE BUB\u0130DOSD \u0130\u015e B\u0130RL\u0130\u011e\u0130YLE D\u00dcZENLENEN \u201cB\u0130S\u0130KLETLE Y\u00dcZ YILLIK MACERA\u201d TURUNDA PEDALLAR, BA\u015eKAN TURGAY ERDEM\u2019\u0130N DAMALI BAYRAKLI \u0130\u015eARET\u0130YLE D\u00d6NMEYE BA\u015eLADI<\/p>\n","protected":false},"author":1,"featured_media":180921,"comment_status":"closed","ping_status":"open","sticky":false,"template":"","format":"standard","meta":{"jetpack_post_was_ever_published":false,"_jetpack_newsletter_access":"","_jetpack_dont_email_post_to_subs":false,"_jetpack_newsletter_tier_id":0,"_jetpack_memberships_contains_paywalled_content":false,"_jetpack_memberships_contains_paid_content":false,"footnotes":"","jetpack_publicize_message":"","jetpack_publicize_feature_enabled":true,"jetpack_social_post_already_shared":true,"jetpack_social_options":{"image_generator_settings":{"template":"highway","default_image_id":0,"font":"","enabled":false},"version":2}},"categories":[1],"tags":[55,12310,28397,44559,34761,710,9097],"class_list":["post-180920","post","type-post","status-publish","format-standard","has-post-thumbnail","hentry","category-genel","tag-basladi","tag-bisikletle","tag-donmeye","tag-macerada","tag-pedallar","tag-yillik","tag-yuz"],"jetpack_publicize_connections":[],"jetpack_featured_media_url":"https:\/\/i0.wp.com\/www.tvturk.com\/wp-content\/uploads\/2019\/07\/bisikletle-yuz-yillik-macerada-pedallar-donmeye-basladi_41195b2.jpg?fit=1000%2C656","jetpack_sharing_enabled":true,"jetpack_shortlink":"https:\/\/wp.me\/paKIfm-L44","_links":{"self":[{"href":"http:\/\/www.tvturk.com\/index.php\/wp-json\/wp\/v2\/posts\/180920","targetHints":{"allow":["GET"]}}],"collection":[{"href":"http:\/\/www.tvturk.com\/index.php\/wp-json\/wp\/v2\/posts"}],"about":[{"href":"http:\/\/www.tvturk.com\/index.php\/wp-json\/wp\/v2\/types\/post"}],"author":[{"embeddable":true,"href":"http:\/\/www.tvturk.com\/index.php\/wp-json\/wp\/v2\/users\/1"}],"replies":[{"embeddable":true,"href":"http:\/\/www.tvturk.com\/index.php\/wp-json\/wp\/v2\/comments?post=180920"}],"version-history":[{"count":0,"href":"http:\/\/www.tvturk.com\/index.php\/wp-json\/wp\/v2\/posts\/180920\/revisions"}],"wp:featuredmedia":[{"embeddable":true,"href":"http:\/\/www.tvturk.com\/index.php\/wp-json\/wp\/v2\/media\/180921"}],"wp:attachment":[{"href":"http:\/\/www.tvturk.com\/index.php\/wp-json\/wp\/v2\/media?parent=180920"}],"wp:term":[{"taxonomy":"category","embeddable":true,"href":"http:\/\/www.tvturk.com\/index.php\/wp-json\/wp\/v2\/categories?post=180920"},{"taxonomy":"post_tag","embeddable":true,"href":"http:\/\/www.tvturk.com\/index.php\/wp-json\/wp\/v2\/tags?post=180920"}],"curies":[{"name":"wp","href":"https:\/\/api.w.org\/{rel}","templated":true}]}}