{"id":180932,"date":"2019-07-11T17:31:42","date_gmt":"2019-07-11T14:31:42","guid":{"rendered":"http:\/\/www.tvturk.com\/index.php\/turkiye-barolar-birligi-baskani-prof-dr-metin-feyziogluturkiyenin-sahlanmasinin-onunde-hicbir-engel-bulunmamaktadir\/"},"modified":"2019-07-11T17:31:42","modified_gmt":"2019-07-11T14:31:42","slug":"turkiye-barolar-birligi-baskani-prof-dr-metin-feyziogluturkiyenin-sahlanmasinin-onunde-hicbir-engel-bulunmamaktadir","status":"publish","type":"post","link":"http:\/\/www.tvturk.com\/index.php\/turkiye-barolar-birligi-baskani-prof-dr-metin-feyziogluturkiyenin-sahlanmasinin-onunde-hicbir-engel-bulunmamaktadir\/","title":{"rendered":"T\u00fcrkiye Barolar Birli\u011fi Ba\u015fkan\u0131 Prof. Dr. Metin Feyzio\u011flu,\u201cT\u00fcrkiye\u2019nin \u015fahlanmas\u0131n\u0131n \u00f6n\u00fcnde hi\u00e7bir engel bulunmamaktad\u0131r\u201d"},"content":{"rendered":"<p>T\u00fcrkiye Barolar Birli\u011fi Ba\u015fkan\u0131 Prof. Dr. Metin Feyzio\u011flu,  \u201cT\u00fcrkiye\u2019nin \u015fahlanmas\u0131n\u0131n \u00f6n\u00fcnde hi\u00e7bir engel bulunmamaktad\u0131r\u201d dedi.<\/p>\n<p>Yarg\u0131 Reformunun ilk paketinin haz\u0131r oldu\u011funu dile getiren Feyzio\u011flu, \u201cBunun Temmuz ay\u0131 i\u00e7erisinde kanunla\u015fmas\u0131n\u0131 diliyoruz. Bu konuda Say\u0131n Cumhurba\u015fkan\u0131m\u0131z\u0131n da Milletimize bir taahh\u00fcd\u00fc olmu\u015ftur. Dolay\u0131s\u0131yla T\u00fcrkiye B\u00fcy\u00fck Millet Meclisi\u2019nin Devletimizin Cumhurba\u015fkan\u0131n\u0131n s\u00f6z\u00fcn\u00fc havada b\u0131rakmamas\u0131n\u0131 diliyoruz\u201d diye konu\u015ftu.<\/p>\n<p>Milli M\u00fccadelenin 100. Y\u0131l d\u00f6n\u00fcm\u00fc etkinlikleri kapsam\u0131nda Erzurum Barosu ve Atat\u00fcrk \u00dcniversitesi i\u015fbirli\u011finde \u201c100. Y\u0131l\u0131nda Erzurum Kongresi\u201d konulu panel d\u00fczenlendi. T\u00fcrkiye Barolar Birli\u011fi Ba\u015fkan\u0131 Prof. Dr. Metin Feyzio\u011flu\u2019nun da kat\u0131ld\u0131\u011f\u0131 panelde Erzurum kongresi t\u00fcm boyutlar\u0131yla anlat\u0131ld\u0131.<\/p>\n<p>Etkinlik i\u00e7in Erzurum\u2019a gelen T\u00fcrkiye Barolar Birli\u011fi Ba\u015fkan\u0131 Prof. Dr. Metin Feyzio\u011flu daha sonra Erzurum Atat\u00fcrk \u00dcniversitesi Rekt\u00f6r\u00fc Prof.Dr. \u00d6mer \u00c7omakl\u0131\u2019y\u0131 makam\u0131nda ziyaret etti. \u00c7omakl\u0131yla bir s\u00fcre g\u00f6r\u00fc\u015fen Baro Ba\u015fkan\u0131 Feyzio\u011flu d\u00fczenlenen panel \u00f6ncesi bas\u0131na a\u00e7\u0131klama yapt\u0131.<\/p>\n<p>Panele T\u00fcrkiye Barolar Birli\u011fi Ba\u015fkan\u0131 Prof.Dr.Metin Feyzio\u011flu, Erzurum Atat\u00fcrk \u00dcniversitesi Rekt\u00f6r\u00fc Prof.Dr.\u00d6mer \u00c7omakl\u0131, Jandarma B\u00f6lge Komutan\u0131 T\u00fcmgeneral Ahmet Hac\u0131o\u011flu, Erzurum Baro Ba\u015fkan\u0131 Avukat Talat G\u00f6\u011febakan, Panelistler Dr. \u00d6\u011fretim \u00dcyesi Zekeriya T\u00fcrkmen, Prof.Dr.Esin Day\u0131, Avukat H\u00fcseyin \u00d6zbek, Prof.Dr.Yavuz Aslan, Bing\u00f6l ve Sivas Baro Ba\u015fkanlar\u0131 avukatlar kat\u0131ld\u0131.<\/p>\n<p>Milli M\u00fccadelenin Y\u00fcz\u00fcnc\u00fc Y\u0131l\u0131 etkinlikleri kapsam\u0131ndaki panelde a\u00e7\u0131l\u0131\u015f konu\u015fmas\u0131n\u0131 Erzurum Baro Ba\u015fkan\u0131 Avukat Talat G\u00f6\u011febakan ve Atat\u00fcrk \u00dcniversitesi Rekt\u00f6r\u00fc Prof. Dr. \u00d6mer \u00c7omakl\u0131 selamlama konu\u015fmas\u0131 yapt\u0131.<\/p>\n<p>T\u00fcrkiye Barolar Birli\u011fi Ba\u015fkan\u0131 Prof.Dr.Metin Feyzio\u011flu a\u00e7\u0131l\u0131\u015f konu\u015fmas\u0131nda, \u201cBu toplant\u0131 yaln\u0131zca bir toplant\u0131 veya bir protokol toplant\u0131s\u0131 de\u011fildir. Bir anma olmamal\u0131d\u0131r. \u00c7\u00fcnk\u00fc bu g\u00fcn asl\u0131nda gelece\u011fimiz i\u00e7in \u00e7ok ihtiya\u00e7 duydu\u011fumuz o Milli hissi, o Milli bilinci canland\u0131rabilece\u011fimiz bir g\u00fcnd\u00fcr. Y\u00fcz\u00fcnc\u00fc y\u0131l\u0131 kutluyoruz. Milli \u0130radenin Erzurum\u2019dan t\u00fcm Anadolu\u2019yu bir g\u00fcne\u015f gibi ayd\u0131nlatt\u0131\u011f\u0131 bir Y\u00fcz\u00fcnc\u00fc y\u0131l\u0131n\u0131 kutluyoruz. Bu s\u0131k\u0131nt\u0131lar aras\u0131nda birilerinin g\u00f6stermek istedi\u011fi gibi umutsuzluk olmas\u0131d\u0131r, veya nikahs\u0131z bir g\u00fcl bah\u00e7esindeyiz, ama umutsuz olmak en b\u00fcy\u00fck felakettir. Umudumuzun zorland\u0131\u011f\u0131 yerde tarihten gelen maneviyat\u0131m\u0131zdan ve milliyet\u00e7ili\u011fimizden gelen inanc\u0131m\u0131z umudumuz olur, yola kararl\u0131l\u0131kla devam ederiz. Her zaman ba\u015fard\u0131k yine ba\u015far\u0131r\u0131z\u201d diye konu\u015ftu.<\/p>\n<p>Anayasam\u0131zda ihtiya\u00e7 duyaca\u011f\u0131m\u0131z revizyonlar\u0131 ortak ak\u0131lla hep birlikte yap\u0131laca\u011f\u0131n\u0131 dile getiren Feyzio\u011flu, \u201cKavga etmeden, birbirimize vurmadan, birbirimize tepeden bakmadan, birbirimize b\u00fcy\u00fckl\u00fck taslamadan, parmak sallamadan, bu \u00e7er\u00e7evede art\u0131k hakimlerimizin ba\u011f\u0131ms\u0131zl\u0131k ve tarafs\u0131zl\u0131\u011f\u0131n\u0131 Anayasal anlamda tam bir g\u00fcvenceye kavu\u015fturmak anlam\u0131nda Hakimler ve Savc\u0131lar Kurulunun olu\u015fumunu art\u0131k tart\u0131\u015fmaya ama dedi\u011fim gibi yap\u0131c\u0131 bir \u015fekilde tart\u0131\u015fmaya ba\u015flamam\u0131z laz\u0131m. \u00d6te yandan muhakkak surette Hukuk\u00e7unun e\u011fitimini ve liyakat\u0131n\u0131 \u00f6l\u00e7me de\u011ferlendirmesini en iyi \u015fekilde yapmak zorunday\u0131z. Yarg\u0131 Reformu Strateji Belgesi bu g\u00fcn T\u00fcrkiye\u2019nin g\u00fcndeminde olan bir belge, i\u015fte bu anlay\u0131\u015fla haz\u0131rlanm\u0131\u015ft\u0131r. \u0130\u00e7inde belli taslaklar\u0131n\u0131n yap\u0131s\u0131 konusunda ba\u015fka bir \u015fey yoktur. Ama Hukuk\u00e7unun yeti\u015ftirilmesi \u00f6l\u00e7\u00fclmesi ve de\u011ferlendirilmesi, Hakimlerimizin kararlar\u0131n\u0131n \u00f6zg\u00fcrl\u00fck\u00e7\u00fc pencereden de\u011ferlendirilmesi noktas\u0131nda \u00e7ok ama \u00e7ok \u00f6nemli c\u00fcmleler ve hedefler konulmu\u015ftur\u201d diye konu\u015ftu.<\/p>\n<p>Barolar Birli\u011fi Ba\u015fkan\u0131 Prof. Dr. Feyzio\u011flu, bas\u0131n mensuplar\u0131na y\u00f6nelik a\u00e7\u0131klamas\u0131nda ise T\u00fcrkiye\u2019nin g\u00fcndeminde \u00e7ok \u00f6nemli bir yarg\u0131, \u00e7ok \u00f6nemli bir hukuk reformu oldu\u011funa dikkat \u00e7ekerek, \u201cT\u00fcrkiye\u2019nin \u015fahlanmas\u0131n\u0131n \u00f6n\u00fcnde hi\u00e7bir engel bulunmamaktad\u0131r. T\u00fcrk Milletinin Potansiyelinin y\u00fczde y\u00fcz\u00fcn\u00fcn kullan\u0131lmas\u0131, hi\u00e7 kimsenin kendisini d\u0131\u015flanm\u0131\u015f hissetmemesi i\u00e7in 82 milyonu adalet paydas\u0131nda, eri\u015filebilir ve g\u00fcven veren bir adalet \u00e7izgisinde bulu\u015fmam\u0131z gerekmektedir. Yarg\u0131 Reformunun ilk paketi haz\u0131rd\u0131r, bunun Temmuz ay\u0131 i\u00e7erisinde kanunla\u015fmas\u0131n\u0131 diliyoruz. Bu konuda Say\u0131n Cumhurba\u015fkan\u0131m\u0131z\u0131n da Milletimize bir taahh\u00fcd\u00fc olmu\u015ftur. Dolay\u0131s\u0131yla T\u00fcrkiye B\u00fcy\u00fck Millet Meclisi\u2019nin Devletimizin Cumhurba\u015fkan\u0131n\u0131n s\u00f6z\u00fcn\u00fc havada b\u0131rakmamas\u0131n\u0131 diliyoruz. \u00c7\u00fcnk\u00fc halk\u0131m\u0131z bu konuda hakl\u0131 bir konuda beklentiye girmi\u015ftir. Bu arada \u015funu alt\u0131n\u0131 \u00f6zellikle \u00e7izerek ifade etmek istiyorum Yarg\u0131 Reformu Paketi tamamen Adalet Bakanl\u0131\u011f\u0131\u2019n\u0131n \u015fapkas\u0131 alt\u0131nda, \u00e7at\u0131s\u0131 alt\u0131nda, ilgili kurumlarca yaz\u0131lm\u0131\u015ft\u0131r \u00e7al\u0131\u015fma y\u00f6ntemi itibariyle gurur vericidir. Ben son 25 y\u0131l\u0131 bilerek s\u00f6yl\u00fcyorum daha \u00f6nce bu \u00e7apta \u00e7o\u011fulcu ve kat\u0131l\u0131mc\u0131 bir \u00e7al\u0131\u015fma y\u00fcr\u00fct\u00fclmemi\u015ftir. Bu vesile ile Adalet Bakanl\u0131\u011f\u0131\u2019m\u0131za da hepimizi i\u00e7ine katarak ger\u00e7ek anlamda katk\u0131 sunmam\u0131z\u0131 sa\u011flayarak b\u00f6yle bir \u00e7al\u0131\u015fmay\u0131 y\u00fcr\u00fctt\u00fckleri i\u00e7in de te\u015fekk\u00fcr ediyorum. \u015eimdi se\u00e7im bitti de\u011ferli bas\u0131n mensuplar\u0131, T\u00fcrkiye se\u00e7im ortam\u0131nda art\u0131k bir an \u00f6nce \u00e7\u0131kmak zorunda. Da\u011f gibi birikmi\u015f sorunlar\u0131m\u0131z var. Bu sorunlar\u0131n \u00e7\u00f6z\u00fcm\u00fcnde Yarg\u0131 Reformu anahtar \u00f6zelli\u011fi ta\u015f\u0131yacakt\u0131r. Erzurum\u2019da her halde bir benzetmeyi yerinde g\u00f6r\u00fcrs\u00fcn\u00fcz, bir k\u0131srak d\u00fc\u015f\u00fcn\u00fcn yar\u0131\u015fmaya haz\u0131r, \u015fahlanmaya haz\u0131r, \u00fclkenin buna binip \u015fahlanmas\u0131 laz\u0131m. Her kes bunu bekliyor. Bu meseleyi sadece i\u015fte ceza indirimi, sadece pasaport vesaire gibi basit ve k\u00fc\u00e7\u00fck konulara indirmek isteyenler iyi niyetli de\u011fil. Bir \u015fey daha s\u00f6ylemek istiyorum, Yurt d\u0131\u015f\u0131nda T\u00fcrkiye aleyhine yay\u0131nlara bak\u0131n\u0131z hepsinde \u015funu s\u00f6yl\u00fcyorlar, T\u00fcrkiye Cumhuriyeti Yarg\u0131 Reformunu yapmakta samimi de\u011fildir, ciddi de\u011fildir, \u00e7\u00fcnk\u00fc T\u00fcrkiye zaten bir diktat\u00f6rl\u00fckt\u00fcr, dolay\u0131s\u0131yla g\u00fcvenilmez bir Devlettir, tehlikeli bir Devlettir. Bizde buradan Erzurum\u2019dan Milli \u0130radenin Y\u00fcz sene \u00f6nce \u015fahland\u0131\u011f\u0131 bu g\u00fczel \u015fehirden t\u00fcm d\u00fcnyaya sesleniyoruz, Hukuk Devleti in\u015fas\u0131nda sa\u011flam bir demokrasiyi \u00e7ok sa\u011flam temellere oturtma iddias\u0131nda olmayan bir Devlet bir bu\u00e7uk sene boyunca binlerce ki\u015fiyi katarak neden Yarg\u0131 Reformu yapmak i\u00e7in u\u011fra\u015fs\u0131n ki, b\u00f6yle bir \u015fey olur mu ? burada samimi bir d\u00fc\u015f\u00fcnce vard\u0131r, samimi irade vard\u0131r, T\u00fcrkiye d\u00fc\u015fmanlar\u0131n\u0131n bu samimiyeti, bu iradeyi sorgulama f\u0131rsat\u0131n\u0131 T\u00fcrkiye B\u00fcy\u00fck Millet Meclisi\u2019nin vermemesi laz\u0131md\u0131r. \u00c7\u00fcnk\u00fc yarg\u0131 reformunu \u00e7\u0131kartmam\u0131z\u0131 T\u00fcrkiye d\u00fc\u015fmanlar\u0131 istemiyor. T\u00fcrkiye d\u00fc\u015fmanlar\u0131 T\u00fcrkiye\u2019yi bir diktat\u00f6rl\u00fck olarak g\u00f6sterip senaryolar\u0131n\u0131 rahatl\u0131kla uygulayacaklar\u0131 bir ortam\u0131n olu\u015fmas\u0131n\u0131 istiyorlar. Bizim d\u00fcnya kamuoylar\u0131n\u0131n T\u00fcrkiye\u2019nin Hukuk Devleti\u2019ni g\u00fc\u00e7lendirmekte, demokrasiyi g\u00fc\u00e7lendirmekte samimi olduklar\u0131na inand\u0131rmam\u0131z\u0131n tek yolu vatanda\u015f\u0131m\u0131za hukuk g\u00fcvenli\u011fini eksiksiz vermektedir\u201d ifadelerine yer verdi.<\/p>\n","protected":false},"excerpt":{"rendered":"<p>T\u00dcRK\u0130YE BAROLAR B\u0130RL\u0130\u011e\u0130 BA\u015eKANI PROF. DR. MET\u0130N FEYZ\u0130O\u011eLU,  \u201cT\u00dcRK\u0130YE\u2019N\u0130N \u015eAHLANMASININ \u00d6N\u00dcNDE H\u0130\u00c7B\u0130R ENGEL BULUNMAMAKTADIR\u201d DED\u0130.<\/p>\n","protected":false},"author":1,"featured_media":180933,"comment_status":"closed","ping_status":"open","sticky":false,"template":"","format":"standard","meta":{"jetpack_post_was_ever_published":false,"_jetpack_newsletter_access":"","_jetpack_dont_email_post_to_subs":false,"_jetpack_newsletter_tier_id":0,"_jetpack_memberships_contains_paywalled_content":false,"_jetpack_memberships_contains_paid_content":false,"footnotes":"","jetpack_publicize_message":"","jetpack_publicize_feature_enabled":true,"jetpack_social_post_already_shared":true,"jetpack_social_options":{"image_generator_settings":{"template":"highway","default_image_id":0,"font":"","enabled":false},"version":2}},"categories":[1],"tags":[6411,17072,216,668,27042,279,11939,10940,6345,3565,2750,44562,453,177],"class_list":["post-180932","post","type-post","status-publish","format-standard","has-post-thumbnail","hentry","category-genel","tag-hicbir","tag-barolar","tag-baskani","tag-birligi","tag-bulunmamaktadir","tag-dr","tag-engel","tag-feyzioglu","tag-metin","tag-onunde","tag-prof","tag-sahlanmasinin","tag-turkiye","tag-turkiyenin"],"jetpack_publicize_connections":[],"jetpack_featured_media_url":"https:\/\/i0.wp.com\/www.tvturk.com\/wp-content\/uploads\/2019\/07\/turkiye-barolar-birligi-baskani-prof-dr-metin-feyziogluturkiyenin-sahlanmasinin-onunde-hicbir-engel-bulunmamaktadir_5bc903a.jpg?fit=1000%2C666","jetpack_sharing_enabled":true,"jetpack_shortlink":"https:\/\/wp.me\/paKIfm-L4g","_links":{"self":[{"href":"http:\/\/www.tvturk.com\/index.php\/wp-json\/wp\/v2\/posts\/180932","targetHints":{"allow":["GET"]}}],"collection":[{"href":"http:\/\/www.tvturk.com\/index.php\/wp-json\/wp\/v2\/posts"}],"about":[{"href":"http:\/\/www.tvturk.com\/index.php\/wp-json\/wp\/v2\/types\/post"}],"author":[{"embeddable":true,"href":"http:\/\/www.tvturk.com\/index.php\/wp-json\/wp\/v2\/users\/1"}],"replies":[{"embeddable":true,"href":"http:\/\/www.tvturk.com\/index.php\/wp-json\/wp\/v2\/comments?post=180932"}],"version-history":[{"count":0,"href":"http:\/\/www.tvturk.com\/index.php\/wp-json\/wp\/v2\/posts\/180932\/revisions"}],"wp:featuredmedia":[{"embeddable":true,"href":"http:\/\/www.tvturk.com\/index.php\/wp-json\/wp\/v2\/media\/180933"}],"wp:attachment":[{"href":"http:\/\/www.tvturk.com\/index.php\/wp-json\/wp\/v2\/media?parent=180932"}],"wp:term":[{"taxonomy":"category","embeddable":true,"href":"http:\/\/www.tvturk.com\/index.php\/wp-json\/wp\/v2\/categories?post=180932"},{"taxonomy":"post_tag","embeddable":true,"href":"http:\/\/www.tvturk.com\/index.php\/wp-json\/wp\/v2\/tags?post=180932"}],"curies":[{"name":"wp","href":"https:\/\/api.w.org\/{rel}","templated":true}]}}