{"id":180934,"date":"2019-07-11T17:31:47","date_gmt":"2019-07-11T14:31:47","guid":{"rendered":"http:\/\/www.tvturk.com\/index.php\/karaca-ilanlarin-kesilecegini-dusunmuyorum\/"},"modified":"2019-07-11T17:31:47","modified_gmt":"2019-07-11T14:31:47","slug":"karaca-ilanlarin-kesilecegini-dusunmuyorum","status":"publish","type":"post","link":"http:\/\/www.tvturk.com\/index.php\/karaca-ilanlarin-kesilecegini-dusunmuyorum\/","title":{"rendered":"Karaca: &#8220;\u0130lanlar\u0131n kesilece\u011fini d\u00fc\u015f\u00fcnm\u00fcyorum&#8221;"},"content":{"rendered":"<p>Bas\u0131n \u0130lan Kurumu Genel M\u00fcd\u00fcr\u00fc Yakup Karaca, bas\u0131n sekt\u00f6r\u00fcn\u00fcn kalk\u0131nma planlar\u0131nda ad\u0131n\u0131n ge\u00e7mesi gerekti\u011fini belirterek, &#8220;Bizim b\u00fct\u00fcn bu projelerimizin ortak bir hedefi var, dijital d\u00f6n\u00fc\u015f\u00fcm. Ben ilanlar\u0131n kesilece\u011fini d\u00fc\u015f\u00fcnm\u00fcyorum. B\u00fct\u00fcn mesele bu d\u00f6nemeci kamyonu devirmeden d\u00f6nmektir&#8221; dedi.<\/p>\n<p>Bas\u0131n \u0130lan Kurumu Genel M\u00fcd\u00fcrl\u00fc\u011f\u00fc taraf\u0131ndan gazete sahipleri, KOSGEP, \u0130\u015eKUR ve \u00c7ukurova Kalk\u0131nma Ajans\u0131 yetkililerinin kat\u0131l\u0131m\u0131 ile \u0130\u015fbirli\u011fi ve \u0130sti\u015fare Toplant\u0131s\u0131 d\u00fczenlendi. Mersin\u2019deki bir otelde d\u00fczenlenen toplant\u0131da konu\u015fan Bas\u0131n \u0130lan Kurumu Genel M\u00fcd\u00fcr\u00fc Yakup Karaca, kurum olarak projelerin hayata ge\u00e7mesi i\u00e7in bir kataliz\u00f6r rol oynamaya \u00e7al\u0131\u015ft\u0131klar\u0131n\u0131 s\u00f6yledi. B\u00fct\u00fcn faaliyetler i\u00e7in ayr\u0131 bir b\u00fct\u00e7elerinin olmad\u0131\u011f\u0131n\u0131 belirten Karaca, &#8220;B\u00fct\u00fcn b\u00fct\u00e7emiz ilanlardan y\u00fczde 15 nispetinde al\u0131nan bir kesintidir. Onlarda maalesef ancak personel giderlerimizi kar\u015f\u0131l\u0131yor. Fakat uzun zamandan beri di\u011fer kurumlar\u0131n deste\u011fiyle projelerimizi y\u00fcr\u00fctebiliyoruz. Bizde bu imkanlar\u0131 de\u011ferlendirmeye \u00e7al\u0131\u015f\u0131yoruz. Biz \u00e7ok zengin bir \u00fclke de\u011filiz. Kamu kaynaklar\u0131n\u0131 dikkatli ve amac\u0131na uygun bir \u015fekilde harc\u0131yoruz&#8221; ifadelerini kulland\u0131.<\/p>\n<p>&#8220;B\u00fct\u00fcn bu projelerimizin ortak bir hedefi var, dijital d\u00f6n\u00fc\u015f\u00fcm&#8221;<\/p>\n<p>Bas\u0131n sekt\u00f6r\u00fcn\u00fcn \u00fclkede yap\u0131lan herhangi bir ticari sekt\u00f6rden fark\u0131 olmad\u0131\u011f\u0131n\u0131 kaydeden Karaca, &#8220;Yani sizlerde bir anlamda ticaret yap\u0131yorsunuz, bu \u00fclkenin kalk\u0131nmas\u0131na katk\u0131 sa\u011fl\u0131yorsunuz. Durum b\u00f6yle olunca bizim de sekt\u00f6r olarak kalk\u0131nma gibi bir derdimiz veya bu \u00fclkenin \u00e7abalar\u0131nda bir yerimiz olmas\u0131 laz\u0131m. Bizim bas\u0131n sekt\u00f6r\u00fc i\u00e7in bir ihtisas komisyonu kurulmas\u0131 gerekir. Bas\u0131n sekt\u00f6r\u00fcm\u00fcz\u00fcn kalk\u0131nma planlar\u0131nda ad\u0131n\u0131n ge\u00e7mesi gerekir diye d\u00fc\u015f\u00fcn\u00fcyorum. \u015eu anda gazetelerimizle ilgili karar al\u0131nacak, kimle, nas\u0131l karar al\u0131nacak belli de\u011fil. Halbuki kalk\u0131nma planlar\u0131nda yer alm\u0131\u015f olsa, herkes \u00f6n\u00fcn\u00fc g\u00f6r\u00fcr ve haz\u0131rl\u0131\u011f\u0131n\u0131 ona g\u00f6re yapar. Bizim b\u00fct\u00fcn bu projelerimizin ortak bir hedefi var, dijital d\u00f6n\u00fc\u015f\u00fcm. Biz Genel M\u00fcd\u00fcrl\u00fck olarak dijitalle\u015fmeyi kendi i\u00e7imizde sa\u011flad\u0131k. \u015eimdiye kadar ka\u011f\u0131t \u00fczerinde yapt\u0131\u011f\u0131m\u0131z, bin bir zorluk \u00e7ekerek yapt\u0131\u011f\u0131m\u0131z i\u015fleri \u015fimdi \u00e7ok rahat, h\u0131zl\u0131 yap\u0131yoruz. \u0130\u015fler art\u0131k t\u0131k\u0131r t\u0131k\u0131r i\u015fliyor. Bunlar gazetelerimiz i\u00e7in de ge\u00e7erli. Bu kendili\u011finden olan bir \u015fey de\u011fil. Sizin d\u00f6n\u00fc\u015f\u00fcm\u00fcn\u00fcz i\u00e7in biz elimizden gelen gayreti g\u00f6steriyoruz. Bizi bu konuda s\u00fcrekli rahats\u0131z etmeniz laz\u0131m. Bunlar proje ile olur. Bu projenin geli\u015ftirilmesi i\u00e7in arkada\u015flar\u0131m\u0131z size her zaman yard\u0131mc\u0131 olacakt\u0131r. Bu d\u00f6n\u00fc\u015f\u00fcm\u00fc en k\u0131sa s\u00fcrede, sorunsuz, s\u0131k\u0131nt\u0131s\u0131z bir \u015fekilde a\u015fmam\u0131z laz\u0131m&#8221; diye konu\u015ftu.<\/p>\n<p>D\u00f6n\u00fc\u015f\u00fcm\u00fcn olup, olmayaca\u011f\u0131n\u0131n karar\u0131n\u0131 siyasilerin verece\u011fini belirten Karaca, &#8220;Ben sadece d\u00f6n\u00fc\u015f\u00fcm olacaksa gazetelerimizin, gazetecilerimizin \u00f6n\u00fcm\u00fczdeki d\u00f6nemde nas\u0131l bir faaliyet yapacaklar onun alt yap\u0131s\u0131n\u0131 haz\u0131rlamakla sorumluyum. Bu kapsamda \u0130\u015eKUR ile birlikte y\u00fcr\u00fctt\u00fc\u011f\u00fcm\u00fcz bir yeni nesil gazetecilik, istihdam program\u0131 var. Size nitelikli elaman laz\u0131m. Yoksa bu d\u00f6n\u00fc\u015f\u00fcm\u00fc sa\u011flayamay\u0131z. B\u00fct\u00fcn ama\u00e7 hakikaten nitelikli elaman \u00e7al\u0131\u015ft\u0131rma imkan\u0131ndan sizlerin yararlanmas\u0131n\u0131 sa\u011flamakt\u0131r. Bu bir defaya mahsus olmayacak. \u0130\u015eKUR bizi destekledi\u011fi s\u00fcrece, sizlerde bizden talepte bulundu\u011funuz s\u00fcrece biz bunu devam ettirece\u011fiz&#8221; \u015feklinde konu\u015ftu.<\/p>\n<p>Kurum olarak iki \u00f6nemli g\u00f6revlerinin oldu\u011funa dikkat \u00e7eken Karaca, &#8220;Kamu oyunda bilinen g\u00f6revimiz gazeteleri desteklemek. Gazetelerimiz, gazetecilik faaliyeti yapt\u0131\u011f\u0131 s\u00fcrece s\u0131k\u0131nt\u0131lar\u0131n\u0131, dertlerini g\u00f6rmezden gelemeyiz. Fakat burada genel m\u00fcd\u00fcrl\u00fck olarak yapabildiklerimiz var, yapamad\u0131klar\u0131m\u0131z var. Genel kurulumuzun yetkileri \u00e7ok geni\u015f. Her anlamda sizlerin ihtiya\u00e7lar\u0131n\u0131za cevap verebilir. Bu imkanlar\u0131 ilk kez burada duymu\u015f olabilirsiniz ama bunlar\u0131n hayata ge\u00e7irilmesi \u00f6nemli. Her zaman bize ula\u015f\u0131n, taleplerinizi bize iletin. Ba\u015fka t\u00fcrl\u00fc bu d\u00f6n\u00fc\u015f\u00fcm\u00fc sa\u011flama imkan\u0131m\u0131z ve ihtimalimiz yok&#8221; dedi.<\/p>\n<p>&#8220;Ben ilanlar\u0131n kesilece\u011fini d\u00fc\u015f\u00fcnm\u00fcyorum&#8221;<\/p>\n<p>\u0130lanlarla ilgili de konu\u015fan Karaca, &#8220;Ben ilanlar\u0131n kesilece\u011fini d\u00fc\u015f\u00fcnm\u00fcyorum. B\u00fct\u00fcn mesele bu d\u00f6nemeci kamyonu devirmeden d\u00f6nmektir. Biz hep \u015funu s\u00f6yledik, gazetelerimizin haklar\u0131 korunmal\u0131d\u0131r. Gazetelerimizin yeni d\u00f6neme ge\u00e7ilecekse ilan tarifemiz bir s\u00fcre daha korunmas\u0131 laz\u0131m. \u00c7\u00fcnk\u00fc insanlar ona g\u00f6re kendini ayarlayacak. Tabi burada her\u015fey eskisi gibi olacak diye bir \u015fey yok. Tabi bu d\u00f6n\u00fc\u015f\u00fcm olursa personel de\u011fil ama gazete masraflar\u0131n\u0131z y\u00fczde 1\u2019e d\u00fc\u015fecek. D\u00fc\u015f\u00fcn\u00fcn dijital yay\u0131n yap\u0131yorsunuz. Ne da\u011f\u0131t\u0131m \u015firketi derdiniz, ne gazeteniz sabah \u015fube ula\u015ft\u0131 derdiniz, ne matbaa derdiniz var. Fakat bunlar\u0131n fark\u0131nda olup, biz genel m\u00fcd\u00fcrl\u00fck olarak bu d\u00f6n\u00fc\u015f\u00fcm\u00fc hi\u00e7bir kaza, bela ya\u015famadan yapmakt\u0131r. Tarife ayn\u0131 kal\u0131r m\u0131, kalmaz. \u00c7\u00fcnk\u00fc b\u00fcrokrasimiz uzun s\u00fcredir ilanlar\u0131 k\u0131rpa k\u0131rpa, \u015fimdide adli te\u015fkilat\u0131m\u0131z ki o giderse geriye bir \u015fey kalm\u0131yor. Demek ki ne o ne di\u011feri deyip orta yolu bulup bu i\u015fi hay\u0131rl\u0131s\u0131yla ger\u00e7ekle\u015ftirmeye \u00e7al\u0131\u015faca\u011f\u0131z&#8221; diye konu\u015ftu.<\/p>\n","protected":false},"excerpt":{"rendered":"<p>BASIN \u0130LAN KURUMU GENEL M\u00dcD\u00dcRL\u00dc\u011e\u00dc TARAFINDAN \u0130\u015eB\u0130RL\u0130\u011e\u0130 VE \u0130ST\u0130\u015eARE TOPLANTISI D\u00dcZENLEND\u0130.<\/p>\n","protected":false},"author":1,"featured_media":180935,"comment_status":"closed","ping_status":"open","sticky":false,"template":"","format":"standard","meta":{"jetpack_post_was_ever_published":false,"_jetpack_newsletter_access":"","_jetpack_dont_email_post_to_subs":false,"_jetpack_newsletter_tier_id":0,"_jetpack_memberships_contains_paywalled_content":false,"_jetpack_memberships_contains_paid_content":false,"footnotes":"","jetpack_publicize_message":"","jetpack_publicize_feature_enabled":true,"jetpack_social_post_already_shared":true,"jetpack_social_options":{"image_generator_settings":{"template":"highway","default_image_id":0,"font":"","enabled":false},"version":2}},"categories":[1],"tags":[44563,19870,238,44564],"class_list":["post-180934","post","type-post","status-publish","format-standard","has-post-thumbnail","hentry","category-genel","tag-ilanlarin","tag-dusunmuyorum","tag-karaca","tag-kesilecegini"],"jetpack_publicize_connections":[],"jetpack_featured_media_url":"https:\/\/i0.wp.com\/www.tvturk.com\/wp-content\/uploads\/2019\/07\/karaca-ilanlarin-kesilecegini-dusunmuyorum_7fd6d13.jpg?fit=1000%2C666","jetpack_sharing_enabled":true,"jetpack_shortlink":"https:\/\/wp.me\/paKIfm-L4i","_links":{"self":[{"href":"http:\/\/www.tvturk.com\/index.php\/wp-json\/wp\/v2\/posts\/180934","targetHints":{"allow":["GET"]}}],"collection":[{"href":"http:\/\/www.tvturk.com\/index.php\/wp-json\/wp\/v2\/posts"}],"about":[{"href":"http:\/\/www.tvturk.com\/index.php\/wp-json\/wp\/v2\/types\/post"}],"author":[{"embeddable":true,"href":"http:\/\/www.tvturk.com\/index.php\/wp-json\/wp\/v2\/users\/1"}],"replies":[{"embeddable":true,"href":"http:\/\/www.tvturk.com\/index.php\/wp-json\/wp\/v2\/comments?post=180934"}],"version-history":[{"count":0,"href":"http:\/\/www.tvturk.com\/index.php\/wp-json\/wp\/v2\/posts\/180934\/revisions"}],"wp:featuredmedia":[{"embeddable":true,"href":"http:\/\/www.tvturk.com\/index.php\/wp-json\/wp\/v2\/media\/180935"}],"wp:attachment":[{"href":"http:\/\/www.tvturk.com\/index.php\/wp-json\/wp\/v2\/media?parent=180934"}],"wp:term":[{"taxonomy":"category","embeddable":true,"href":"http:\/\/www.tvturk.com\/index.php\/wp-json\/wp\/v2\/categories?post=180934"},{"taxonomy":"post_tag","embeddable":true,"href":"http:\/\/www.tvturk.com\/index.php\/wp-json\/wp\/v2\/tags?post=180934"}],"curies":[{"name":"wp","href":"https:\/\/api.w.org\/{rel}","templated":true}]}}