{"id":180990,"date":"2019-07-11T21:46:30","date_gmt":"2019-07-11T18:46:30","guid":{"rendered":"http:\/\/www.tvturk.com\/index.php\/unlu-organizator-shakiranin-adanaya-gelmesi-icin-kollari-sivadi\/"},"modified":"2019-07-11T21:46:30","modified_gmt":"2019-07-11T18:46:30","slug":"unlu-organizator-shakiranin-adanaya-gelmesi-icin-kollari-sivadi","status":"publish","type":"post","link":"http:\/\/www.tvturk.com\/index.php\/unlu-organizator-shakiranin-adanaya-gelmesi-icin-kollari-sivadi\/","title":{"rendered":"\u00dcnl\u00fc organizat\u00f6r Shakira\u2019n\u0131n Adana\u2019ya gelmesi i\u00e7in kollar\u0131 s\u0131vad\u0131"},"content":{"rendered":"<p>\u00dcnl\u00fc organizat\u00f6r Fahri Cabri, Adana\u2019da konser vermesi i\u00e7in Shakira ile g\u00f6r\u00fc\u015ft\u00fc\u011f\u00fcn\u00fc a\u00e7\u0131klad\u0131.<\/p>\n<p>\u00dcnl\u00fclerin organizat\u00f6r\u00fc olarak bilinen Fahri Cabri, Adana\u2019da konser vermesi i\u00e7in Shakira ile g\u00f6r\u00fc\u015ft\u00fcklerini a\u00e7\u0131klad\u0131. Adanal\u0131lara unutulmaz bir gece ya\u015fatmay\u0131 hedefledi\u011fini s\u00f6yleyen \u00fcnl\u00fc organizat\u00f6r, \u201cG\u00f6r\u00fc\u015fmelerde sona do\u011fru geldik. Bu yaz Adana\u2019da d\u00fczenleyece\u011fimiz konser etkinli\u011fi i\u00e7in Shakira ile g\u00f6r\u00fc\u015fmeler netle\u015fti. Ayr\u0131ca Jennifer Lopez ile de g\u00f6r\u00fc\u015f\u00fcyoruz. T\u00fcrkiye\u2019de bu iki y\u0131ld\u0131zla bu yaz co\u015fku olu\u015fturaca\u011f\u0131z\u201d dedi.<\/p>\n","protected":false},"excerpt":{"rendered":"<p>\u00dcNL\u00dc ORGAN\u0130ZAT\u00d6R FAHR\u0130 CABR\u0130, ADANA\u2019DA KONSER VERMES\u0130 \u0130\u00c7\u0130N SHAK\u0130RA \u0130LE G\u00d6R\u00dc\u015eT\u00dc\u011e\u00dcN\u00dc A\u00c7IKLADI.<\/p>\n","protected":false},"author":1,"featured_media":180991,"comment_status":"closed","ping_status":"open","sticky":false,"template":"","format":"standard","meta":{"jetpack_post_was_ever_published":false,"_jetpack_newsletter_access":"","_jetpack_dont_email_post_to_subs":false,"_jetpack_newsletter_tier_id":0,"_jetpack_memberships_contains_paywalled_content":false,"_jetpack_memberships_contains_paid_content":false,"footnotes":"","jetpack_publicize_message":"","jetpack_publicize_feature_enabled":true,"jetpack_social_post_already_shared":true,"jetpack_social_options":{"image_generator_settings":{"template":"highway","default_image_id":0,"font":"","enabled":false},"version":2}},"categories":[1],"tags":[13033,11595,44,513,6666,44583,24349,5590],"class_list":["post-180990","post","type-post","status-publish","format-standard","has-post-thumbnail","hentry","category-genel","tag-adanaya","tag-gelmesi","tag-icin","tag-kollari","tag-organizator","tag-shakiranin","tag-sivadi","tag-unlu"],"jetpack_publicize_connections":[],"jetpack_featured_media_url":"https:\/\/i0.wp.com\/www.tvturk.com\/wp-content\/uploads\/2019\/07\/unlu-organizator-shakiranin-adanaya-gelmesi-icin-kollari-sivadi_dcbab05.jpg?fit=1000%2C663","jetpack_sharing_enabled":true,"jetpack_shortlink":"https:\/\/wp.me\/paKIfm-L5c","_links":{"self":[{"href":"http:\/\/www.tvturk.com\/index.php\/wp-json\/wp\/v2\/posts\/180990","targetHints":{"allow":["GET"]}}],"collection":[{"href":"http:\/\/www.tvturk.com\/index.php\/wp-json\/wp\/v2\/posts"}],"about":[{"href":"http:\/\/www.tvturk.com\/index.php\/wp-json\/wp\/v2\/types\/post"}],"author":[{"embeddable":true,"href":"http:\/\/www.tvturk.com\/index.php\/wp-json\/wp\/v2\/users\/1"}],"replies":[{"embeddable":true,"href":"http:\/\/www.tvturk.com\/index.php\/wp-json\/wp\/v2\/comments?post=180990"}],"version-history":[{"count":0,"href":"http:\/\/www.tvturk.com\/index.php\/wp-json\/wp\/v2\/posts\/180990\/revisions"}],"wp:featuredmedia":[{"embeddable":true,"href":"http:\/\/www.tvturk.com\/index.php\/wp-json\/wp\/v2\/media\/180991"}],"wp:attachment":[{"href":"http:\/\/www.tvturk.com\/index.php\/wp-json\/wp\/v2\/media?parent=180990"}],"wp:term":[{"taxonomy":"category","embeddable":true,"href":"http:\/\/www.tvturk.com\/index.php\/wp-json\/wp\/v2\/categories?post=180990"},{"taxonomy":"post_tag","embeddable":true,"href":"http:\/\/www.tvturk.com\/index.php\/wp-json\/wp\/v2\/tags?post=180990"}],"curies":[{"name":"wp","href":"https:\/\/api.w.org\/{rel}","templated":true}]}}