{"id":18103,"date":"2019-02-10T13:36:49","date_gmt":"2019-02-10T10:36:49","guid":{"rendered":"http:\/\/www.tvturk.com\/index.php\/elazigda-kasiman-vakfi-kuruldu\/"},"modified":"2019-02-10T13:36:51","modified_gmt":"2019-02-10T10:36:51","slug":"elazigda-kasiman-vakfi-kuruldu","status":"publish","type":"post","link":"http:\/\/www.tvturk.com\/index.php\/elazigda-kasiman-vakfi-kuruldu\/","title":{"rendered":"Elaz\u0131\u011f\u2019da Kas\u0131man Vakf\u0131 kuruldu"},"content":{"rendered":"<p>Elaz\u0131\u011f\u2019da kurulan Kas\u0131man Vakf\u0131 ilk toplant\u0131s\u0131n\u0131 ger\u00e7ekle\u015ftirdi.<\/p>\n<p>Zaza a\u015firetlerini en b\u00fcy\u00fcklerinden olan Kas\u0131man A\u015fireti, Elaz\u0131\u011f\u2019da Kas\u0131man Vakf\u0131\u2019n\u0131 kurdu.  Murat \u0130nce ba\u015fkanl\u0131\u011f\u0131ndan kurulan vak\u0131f,  bug\u00fcn ilk toplant\u0131s\u0131n\u0131 ger\u00e7ekle\u015ftirdi.  Tan\u0131t\u0131m ama\u00e7l\u0131 ger\u00e7ekle\u015fen toplant\u0131da, vak\u0131f ve ama\u00e7lar\u0131 hakk\u0131nda bilgi verildi.<\/p>\n<p>\u00c7ok mutlu bir g\u00fcnde olduklar\u0131n\u0131 dile getiren Kas\u0131man Vakf\u0131 Ba\u015fkan\u0131 Murat \u0130nce, \u201cKas\u0131man toplulu\u011funun bir araya gelmesi i\u00e7in hep bir eksiklik hissediyordum. Bug\u00fcn benim i\u00e7in tarihi bir g\u00fcn. \u00c7ok \u00f6nemli bir g\u00fcn.  \u0130n\u015fallah  Kas\u0131manl\u0131lar bir araya gelip ileriye devam edecektir\u201ddedi.<\/p>\n<p>B\u00f6yle bir \u00e7al\u0131\u015fmaya ihtiya\u00e7lar\u0131 oldu\u011funu belirten   Vak\u0131f Avukat\u0131 \u0130zzettin Demir, \u201cBu ihtiya\u00e7 do\u011frultusunda bir araya geldik. Bug\u00fcn bana g\u00f6re her \u015feyden<\/p>\n<p>\u00f6nce tarihi bir g\u00fcn. Bizler bu \u015fekilde bir a\u015firetin mensuplar\u0131 olarak bir araya geldik. Kendi aram\u0131zda dayan\u0131\u015fmay\u0131, kayna\u015fmay\u0131, yard\u0131mla\u015fmay\u0131 sa\u011flayaca\u011f\u0131z. Vak\u0131f olarak faaliyet g\u00f6sterece\u011fiz. Amac\u0131m\u0131z, e\u011fitim, sa\u011fl\u0131k, k\u00fclt\u00fcr ve sanatta \u00fclkemizin evrensel boyutta y\u00fccelmesi i\u00e7in sa\u011fl\u0131kl\u0131 ileti\u015fim bilincini geli\u015ftirmek. Her alanda ya\u015fanan geli\u015fmeler konusunda t\u00fcm toplumda yard\u0131mla\u015fma ve dayan\u0131\u015fma duygular\u0131n\u0131 g\u00fc\u00e7lendirmek,refah ve mutlulu\u011fu art\u0131rmak. Gen\u00e7lere \u00f6\u011frenim f\u0131rsatlar\u0131 olu\u015fturmak ve ba\u015far\u0131l\u0131 \u00f6\u011frencileri destekleme. Muhta\u00e7 hastalar\u0131n tedavilerine destek vererek gen\u00e7lerin her alanda geli\u015fmelerine yar\u0131mc\u0131 olmakt\u0131r\u201d diye konu\u015ftu.<\/p>\n<p>Toplant\u0131ya, Elaz\u0131\u011f Belediye Ba\u015fkan Yard\u0131mc\u0131s\u0131 Yusuf Dumanda\u011f, Kas\u0131man Vakf\u0131 Ba\u015fkan\u0131 Murat \u0130nce,  vak\u0131f \u00fcyeleri ve bas\u0131n mensuplar\u0131 kat\u0131ld\u0131.<div class=\"tiled-gallery type-rectangular tiled-gallery-unresized\" data-original-width=\"500\" data-carousel-extra='null' itemscope itemtype=\"http:\/\/schema.org\/ImageGallery\" > <div class=\"gallery-row\" style=\"width: 500px; height: 168px;\" data-original-width=\"500\" data-original-height=\"168\" > <div class=\"gallery-group images-1\" style=\"width: 250px; height: 168px;\" data-original-width=\"250\" data-original-height=\"168\" > <div class=\"tiled-gallery-item tiled-gallery-item-small\" itemprop=\"associatedMedia\" itemscope itemtype=\"http:\/\/schema.org\/ImageObject\"> <a href=\"http:\/\/www.tvturk.com\/index.php\/elazigda-kasiman-vakfi-kuruldu\/elazigda-kasiman-vakfi-kuruldu-3\/\" border=\"0\" itemprop=\"url\"> <meta itemprop=\"width\" content=\"246\"> <meta itemprop=\"height\" content=\"164\"> <img decoding=\"async\" class=\"\" data-attachment-id=\"18105\" data-orig-file=\"http:\/\/www.tvturk.com\/wp-content\/uploads\/2019\/02\/elazigda-kasiman-vakfi-kuruldu_4bdb65b.jpg\" data-orig-size=\"1000,666\" data-comments-opened=\"\" data-image-meta=\"{&quot;aperture&quot;:&quot;0&quot;,&quot;credit&quot;:&quot;IHA&quot;,&quot;camera&quot;:&quot;&quot;,&quot;caption&quot;:&quot;ZAZA A\\u015e\\u0130RETLER\\u0130N\\u0130 EN B\\u00dcY\\u00dcKLER\\u0130NDEN OLAN KASIMAN A\\u015e\\u0130RET\\u0130, ELAZI\\u011e\\u2019DA KASIMAN VAKFI\\u2019NI KURDU. MURAT \\u0130NCE BA\\u015eKANLI\\u011eINDAN KURULAN VAKIF, BUG\\u00dcN \\u0130LK TOPLANTISINI GER\\u00c7EKLE\\u015eT\\u0130RD\\u0130. (M\\u00dcCAH\\u0130D KANTARCIO\\u011eLU\\\/ELAZI\\u011e-\\u0130HA)&quot;,&quot;created_timestamp&quot;:&quot;0&quot;,&quot;copyright&quot;:&quot;\\u0130HLAS HABER AJANSI, www.iha.com.tr&quot;,&quot;focal_length&quot;:&quot;0&quot;,&quot;iso&quot;:&quot;0&quot;,&quot;shutter_speed&quot;:&quot;0&quot;,&quot;title&quot;:&quot;ELAZI\\u011e\\u2019DA KASIMAN VAKFI KURULDU&quot;,&quot;orientation&quot;:&quot;0&quot;}\" data-image-title=\"Elaz\u0131\u011f\u2019da Kas\u0131man Vakf\u0131 kuruldu\" data-image-description=\"&lt;p&gt;Elaz\u0131\u011f\u2019da Kas\u0131man Vakf\u0131 kuruldu&lt;\/p&gt; \" data-medium-file=\"https:\/\/i0.wp.com\/www.tvturk.com\/wp-content\/uploads\/2019\/02\/elazigda-kasiman-vakfi-kuruldu_4bdb65b.jpg?fit=300%2C200\" data-large-file=\"https:\/\/i0.wp.com\/www.tvturk.com\/wp-content\/uploads\/2019\/02\/elazigda-kasiman-vakfi-kuruldu_4bdb65b.jpg?fit=1000%2C666\" src=\"https:\/\/i0.wp.com\/www.tvturk.com\/wp-content\/uploads\/2019\/02\/elazigda-kasiman-vakfi-kuruldu_4bdb65b.jpg?w=246&#038;h=164\" srcset=\"https:\/\/i0.wp.com\/www.tvturk.com\/wp-content\/uploads\/2019\/02\/elazigda-kasiman-vakfi-kuruldu_4bdb65b.jpg?w=1000 1000w, https:\/\/i0.wp.com\/www.tvturk.com\/wp-content\/uploads\/2019\/02\/elazigda-kasiman-vakfi-kuruldu_4bdb65b.jpg?resize=150%2C100 150w, https:\/\/i0.wp.com\/www.tvturk.com\/wp-content\/uploads\/2019\/02\/elazigda-kasiman-vakfi-kuruldu_4bdb65b.jpg?resize=300%2C200 300w, https:\/\/i0.wp.com\/www.tvturk.com\/wp-content\/uploads\/2019\/02\/elazigda-kasiman-vakfi-kuruldu_4bdb65b.jpg?resize=768%2C511 768w, https:\/\/i0.wp.com\/www.tvturk.com\/wp-content\/uploads\/2019\/02\/elazigda-kasiman-vakfi-kuruldu_4bdb65b.jpg?resize=170%2C113 170w, https:\/\/i0.wp.com\/www.tvturk.com\/wp-content\/uploads\/2019\/02\/elazigda-kasiman-vakfi-kuruldu_4bdb65b.jpg?resize=120%2C80 120w\" width=\"246\" height=\"164\" loading=\"lazy\" data-original-width=\"246\" data-original-height=\"164\" itemprop=\"http:\/\/schema.org\/image\" title=\"Elaz\u0131\u011f\u2019da Kas\u0131man Vakf\u0131 kuruldu\" alt=\"Elaz\u0131\u011f\u2019da Kas\u0131man Vakf\u0131 kuruldu\" style=\"width: 246px; height: 164px;\" \/> <\/a> <\/div> <\/div> <!-- close group --> <div class=\"gallery-group images-1\" style=\"width: 250px; height: 168px;\" data-original-width=\"250\" data-original-height=\"168\" > <div class=\"tiled-gallery-item tiled-gallery-item-small\" itemprop=\"associatedMedia\" itemscope itemtype=\"http:\/\/schema.org\/ImageObject\"> <a href=\"http:\/\/www.tvturk.com\/index.php\/elazigda-kasiman-vakfi-kuruldu\/elazigda-kasiman-vakfi-kuruldu-4\/\" border=\"0\" itemprop=\"url\"> <meta itemprop=\"width\" content=\"246\"> <meta itemprop=\"height\" content=\"164\"> <img decoding=\"async\" class=\"\" data-attachment-id=\"18106\" data-orig-file=\"http:\/\/www.tvturk.com\/wp-content\/uploads\/2019\/02\/elazigda-kasiman-vakfi-kuruldu_928ae11.jpg\" data-orig-size=\"1000,666\" data-comments-opened=\"\" data-image-meta=\"{&quot;aperture&quot;:&quot;0&quot;,&quot;credit&quot;:&quot;IHA&quot;,&quot;camera&quot;:&quot;&quot;,&quot;caption&quot;:&quot;ZAZA A\\u015e\\u0130RETLER\\u0130N\\u0130 EN B\\u00dcY\\u00dcKLER\\u0130NDEN OLAN KASIMAN A\\u015e\\u0130RET\\u0130, ELAZI\\u011e\\u2019DA KASIMAN VAKFI\\u2019NI KURDU. MURAT \\u0130NCE BA\\u015eKANLI\\u011eINDAN KURULAN VAKIF, BUG\\u00dcN \\u0130LK TOPLANTISINI GER\\u00c7EKLE\\u015eT\\u0130RD\\u0130. (M\\u00dcCAH\\u0130D KANTARCIO\\u011eLU\\\/ELAZI\\u011e-\\u0130HA)&quot;,&quot;created_timestamp&quot;:&quot;0&quot;,&quot;copyright&quot;:&quot;\\u0130HLAS HABER AJANSI, www.iha.com.tr&quot;,&quot;focal_length&quot;:&quot;0&quot;,&quot;iso&quot;:&quot;0&quot;,&quot;shutter_speed&quot;:&quot;0&quot;,&quot;title&quot;:&quot;ELAZI\\u011e\\u2019DA KASIMAN VAKFI KURULDU&quot;,&quot;orientation&quot;:&quot;0&quot;}\" data-image-title=\"Elaz\u0131\u011f\u2019da Kas\u0131man Vakf\u0131 kuruldu\" data-image-description=\"&lt;p&gt;Elaz\u0131\u011f\u2019da Kas\u0131man Vakf\u0131 kuruldu&lt;\/p&gt; \" data-medium-file=\"https:\/\/i0.wp.com\/www.tvturk.com\/wp-content\/uploads\/2019\/02\/elazigda-kasiman-vakfi-kuruldu_928ae11.jpg?fit=300%2C200\" data-large-file=\"https:\/\/i0.wp.com\/www.tvturk.com\/wp-content\/uploads\/2019\/02\/elazigda-kasiman-vakfi-kuruldu_928ae11.jpg?fit=1000%2C666\" src=\"https:\/\/i0.wp.com\/www.tvturk.com\/wp-content\/uploads\/2019\/02\/elazigda-kasiman-vakfi-kuruldu_928ae11.jpg?w=246&#038;h=164\" srcset=\"https:\/\/i0.wp.com\/www.tvturk.com\/wp-content\/uploads\/2019\/02\/elazigda-kasiman-vakfi-kuruldu_928ae11.jpg?w=1000 1000w, https:\/\/i0.wp.com\/www.tvturk.com\/wp-content\/uploads\/2019\/02\/elazigda-kasiman-vakfi-kuruldu_928ae11.jpg?resize=150%2C100 150w, https:\/\/i0.wp.com\/www.tvturk.com\/wp-content\/uploads\/2019\/02\/elazigda-kasiman-vakfi-kuruldu_928ae11.jpg?resize=300%2C200 300w, https:\/\/i0.wp.com\/www.tvturk.com\/wp-content\/uploads\/2019\/02\/elazigda-kasiman-vakfi-kuruldu_928ae11.jpg?resize=768%2C511 768w, https:\/\/i0.wp.com\/www.tvturk.com\/wp-content\/uploads\/2019\/02\/elazigda-kasiman-vakfi-kuruldu_928ae11.jpg?resize=170%2C113 170w, https:\/\/i0.wp.com\/www.tvturk.com\/wp-content\/uploads\/2019\/02\/elazigda-kasiman-vakfi-kuruldu_928ae11.jpg?resize=120%2C80 120w\" width=\"246\" height=\"164\" loading=\"lazy\" data-original-width=\"246\" data-original-height=\"164\" itemprop=\"http:\/\/schema.org\/image\" title=\"Elaz\u0131\u011f\u2019da Kas\u0131man Vakf\u0131 kuruldu\" alt=\"Elaz\u0131\u011f\u2019da Kas\u0131man Vakf\u0131 kuruldu\" style=\"width: 246px; height: 164px;\" \/> <\/a> <\/div> <\/div> <!-- close group --> <\/div> <!-- close row --> <\/div><\/p>\n","protected":false},"excerpt":{"rendered":"<p>ZAZA A\u015e\u0130RETLER\u0130N\u0130 EN B\u00dcY\u00dcKLER\u0130NDEN OLAN KASIMAN A\u015e\u0130RET\u0130, ELAZI\u011e\u2019DA KASIMAN VAKFI\u2019NI KURDU.  MURAT \u0130NCE BA\u015eKANLI\u011eINDAN KURULAN VAKIF,  BUG\u00dcN \u0130LK TOPLANTISINI GER\u00c7EKLE\u015eT\u0130RD\u0130.<\/p>\n","protected":false},"author":1,"featured_media":18104,"comment_status":"closed","ping_status":"open","sticky":false,"template":"","format":"standard","meta":{"jetpack_post_was_ever_published":false,"_jetpack_newsletter_access":"","_jetpack_dont_email_post_to_subs":false,"_jetpack_newsletter_tier_id":0,"_jetpack_memberships_contains_paywalled_content":false,"_jetpack_memberships_contains_paid_content":false,"footnotes":"","jetpack_publicize_message":"","jetpack_publicize_feature_enabled":true,"jetpack_social_post_already_shared":false,"jetpack_social_options":{"image_generator_settings":{"template":"highway","default_image_id":0,"font":"","enabled":false},"version":2}},"categories":[655],"tags":[2479,8307,415,6604],"class_list":["post-18103","post","type-post","status-publish","format-standard","has-post-thumbnail","hentry","category-son-dakika","tag-elazigda","tag-kasiman","tag-kuruldu","tag-vakfi"],"jetpack_publicize_connections":[],"jetpack_featured_media_url":"https:\/\/i0.wp.com\/www.tvturk.com\/wp-content\/uploads\/2019\/02\/elazigda-kasiman-vakfi-kuruldu_7d5ff90.jpg?fit=1000%2C666","jetpack_sharing_enabled":true,"jetpack_shortlink":"https:\/\/wp.me\/paKIfm-4HZ","_links":{"self":[{"href":"http:\/\/www.tvturk.com\/index.php\/wp-json\/wp\/v2\/posts\/18103","targetHints":{"allow":["GET"]}}],"collection":[{"href":"http:\/\/www.tvturk.com\/index.php\/wp-json\/wp\/v2\/posts"}],"about":[{"href":"http:\/\/www.tvturk.com\/index.php\/wp-json\/wp\/v2\/types\/post"}],"author":[{"embeddable":true,"href":"http:\/\/www.tvturk.com\/index.php\/wp-json\/wp\/v2\/users\/1"}],"replies":[{"embeddable":true,"href":"http:\/\/www.tvturk.com\/index.php\/wp-json\/wp\/v2\/comments?post=18103"}],"version-history":[{"count":1,"href":"http:\/\/www.tvturk.com\/index.php\/wp-json\/wp\/v2\/posts\/18103\/revisions"}],"predecessor-version":[{"id":18107,"href":"http:\/\/www.tvturk.com\/index.php\/wp-json\/wp\/v2\/posts\/18103\/revisions\/18107"}],"wp:featuredmedia":[{"embeddable":true,"href":"http:\/\/www.tvturk.com\/index.php\/wp-json\/wp\/v2\/media\/18104"}],"wp:attachment":[{"href":"http:\/\/www.tvturk.com\/index.php\/wp-json\/wp\/v2\/media?parent=18103"}],"wp:term":[{"taxonomy":"category","embeddable":true,"href":"http:\/\/www.tvturk.com\/index.php\/wp-json\/wp\/v2\/categories?post=18103"},{"taxonomy":"post_tag","embeddable":true,"href":"http:\/\/www.tvturk.com\/index.php\/wp-json\/wp\/v2\/tags?post=18103"}],"curies":[{"name":"wp","href":"https:\/\/api.w.org\/{rel}","templated":true}]}}