{"id":181064,"date":"2019-07-12T10:31:53","date_gmt":"2019-07-12T07:31:53","guid":{"rendered":"http:\/\/www.tvturk.com\/index.php\/ozel-almanyada-yasayan-aile-cocuklari-icin-umudu-3-bin-kilometre-uzakliktaki-turkiyede-buldu\/"},"modified":"2019-07-12T10:31:53","modified_gmt":"2019-07-12T07:31:53","slug":"ozel-almanyada-yasayan-aile-cocuklari-icin-umudu-3-bin-kilometre-uzakliktaki-turkiyede-buldu","status":"publish","type":"post","link":"http:\/\/www.tvturk.com\/index.php\/ozel-almanyada-yasayan-aile-cocuklari-icin-umudu-3-bin-kilometre-uzakliktaki-turkiyede-buldu\/","title":{"rendered":"(\u00d6ZEL) Almanya\u2019da ya\u015fayan aile, \u00e7ocuklar\u0131 i\u00e7in umudu 3 bin kilometre uzakl\u0131ktaki T\u00fcrkiye\u2019de buldu"},"content":{"rendered":"<p>Almanya\u2019da ya\u015fayan 4 ya\u015f\u0131ndaki Muhammet Ali\u2019nin ya\u015fad\u0131\u011f\u0131 ileti\u015fim ve \u00e7e\u015fitli davran\u0131\u015f bozukluklar\u0131 i\u00e7in ailesi, \u00e7areyi yakla\u015f\u0131k 3 bin kilometre uzakl\u0131ktaki T\u00fcrkiye\u2019de buldu. K\u00fc\u00e7\u00fck \u00e7ocuktaki geli\u015fim ailesine umut oldu.<\/p>\n<p>Almanya\u2019n\u0131n Stuttgart kentinde ya\u015fayan Emine ve Kaz\u0131m \u00c7ak\u0131r \u00e7ifti, k\u00fc\u00e7\u00fck ya\u015ftaki o\u011fullar\u0131 Muhammet Ali\u2019de 2 bu\u00e7uk ya\u015f\u0131ndayken ileti\u015fim bozuklu\u011fu, dikkat eksikli\u011fi ve \u00e7e\u015fitli davran\u0131\u015f problemlerinin oldu\u011funu fark etti. Muhammet Ali\u2019deki davran\u0131\u015f ve ileti\u015fim bozukluklar\u0131n\u0131n devam etti\u011fini ve ilerledi\u011fini fark eden \u00e7ift, Stuttgart\u2019ta hastaneye gitti. Gittikleri hastanede Muhammet Ali i\u00e7in te\u015fhis konulamad\u0131. Ya\u015fanan durum sonras\u0131nda b\u00fcy\u00fck h\u00fcz\u00fcn ya\u015fayan \u00c7ak\u0131r \u00e7ifti, Muhammet Ali i\u00e7in ya\u015fad\u0131klar\u0131 kentte Muhammet Ali\u2019nin 4 ya\u015f\u0131na geldi\u011finde ya\u015fad\u0131\u011f\u0131 problemlerin devam etti\u011fini g\u00f6ren anne ve babas\u0131, sosyal medya \u00fczerinden \u00e7ocuklar\u0131n\u0131n sa\u011fl\u0131\u011f\u0131na kavu\u015fmas\u0131 i\u00e7in ara\u015ft\u0131rma yapmaya ba\u015flad\u0131. Kaz\u0131m \u00e7ifti, yapt\u0131klar\u0131 ara\u015ft\u0131rmalarda Kocaeli\u2019nin Ba\u015fiskele il\u00e7esinde bulunan Atlantis \u00d6zel E\u011fitim ve Rehabilitasyon Merkezi\u2019nde daha \u00f6nce bir\u00e7ok benzer problemlere sahip \u00e7ocu\u011fun sa\u011fl\u0131\u011f\u0131na kavu\u015ftu\u011funu \u00f6\u011frendi.<\/p>\n<p>Muhammet Ali\u2019nin geli\u015fimi ailesini sevince bo\u011fdu<\/p>\n<p>\u00c7ak\u0131r \u00e7ifti, \u00e7ocuklar\u0131 i\u00e7in son umut olarak Son umut olarak T\u00fcrkiye\u2019ye gelmeye karar verdi. Kurumla ileti\u015fime ge\u00e7en \u00c7ak\u0131r \u00e7ifti, 10 g\u00fcnl\u00fck yo\u011fun e\u011fitim program\u0131 i\u00e7in yakla\u015f\u0131k 3 bin kilometre uzakl\u0131ktaki e\u011fitim ve rehabilitasyon merkezinin yolunu tuttu. Ailesiyle Kocaeli\u2019ye gelen Muhammet Ali, Ba\u015fiskele il\u00e7esindeki rehabilitasyon merkezinde e\u011fitime ba\u015flad\u0131. Atl\u0131 rehabilitasyon, bireysel e\u011fitim, duyu b\u00fct\u00fcnlemenin oldu\u011fu yo\u011fun bir e\u011fitim sonras\u0131nda Muhammet Ali\u2019nin ileti\u015fim becerisinin artt\u0131\u011f\u0131, davran\u0131\u015f ve dikkat problemlerinin ise azald\u0131\u011f\u0131 g\u00f6zlemlendi.  \u00c7ak\u0131r \u00e7ifti, y\u0131llard\u0131r \u00e7are bulamad\u0131klar\u0131 Muhammet Ali\u2019nin de\u011fi\u015fimi sonras\u0131 b\u00fcy\u00fck mutluluk ya\u015fad\u0131. O\u011flundaki geli\u015fmelerin kendisine umut oldu\u011funu s\u00f6yleyen baba Kaz\u0131m \u00c7ak\u0131r, b\u00fcy\u00fck mutluluk ya\u015fad\u0131klar\u0131n\u0131 ifade etti.<\/p>\n<p>\u201cMuhammet Ali\u2019nin dikkat s\u00fcresinin artt\u0131\u011f\u0131n\u0131 fark ettik\u201d<\/p>\n<p>Muhammet Ali\u2019nin sa\u011fl\u0131k durumu ve ya\u015fanan geli\u015fmenin sa\u011flanmas\u0131 i\u00e7in kullan\u0131lan e\u011fitim metotlar\u0131 hakk\u0131nda bilgiler veren Fizyoterapist K\u00fcbra Y\u00fcksel, \u201cAilemiz Muhammet Ali\u2019nin e\u011fitimi i\u00e7in yakla\u015f\u0131k 3 bin kilometre kat ederek geldi. Ali kurumumuza ilk geldi\u011finde kelime \u00e7\u0131kt\u0131lar\u0131 vard\u0131 ama ileti\u015fim olarak say\u0131lmayacak kadar anlams\u0131z ve tekrarlay\u0131c\u0131 \u015fekildeydi. Burada vermi\u015f oldu\u011fumuz e\u011fitimde Ali\u2019ye beklemeye ve dikkat s\u00fcresinin artt\u0131r\u0131lmas\u0131na y\u00f6nelik \u00e7al\u0131\u015fmalar yap\u0131ld\u0131. Verdi\u011fimiz bireysel e\u011fitimin yan\u0131 s\u0131ra, duyu b\u00fct\u00fcnleme, spor e\u011fitimi ve at terapisi uygulad\u0131k. Bu sayede Muhammet Ali\u2019nin dikkat s\u00fcresinin artt\u0131\u011f\u0131 ve uzun s\u00fcreli g\u00f6z konta\u011f\u0131 kurabildi\u011fini fark ettik\u201d dedi.<\/p>\n<p>\u201cT\u00fcrkiye\u2019de \u00f6zel e\u011fitim konusunda g\u00fczel ilerlemeler kaydedildi\u201d<\/p>\n<p>Yabanc\u0131 \u00fclkelerden gelen ailelerin T\u00fcrkiye\u2019deki rehabilitasyon ve e\u011fitim merkezlerindeki geli\u015fimi g\u00f6zlediklerini ifade eden Y\u00fcksel, \u201cAli\u2019nin sadece atla de\u011fil, di\u011fer hayvanlarla kurmu\u015f oldu\u011fu ileti\u015fim de verdi\u011fimiz e\u011fitime olumlu bir \u015fekilde yans\u0131d\u0131. Bunlar\u0131 g\u00f6rd\u00fck\u00e7e hayvanlar\u0131n terapide \u00e7ok \u00f6nemli bir yer edindi\u011fini g\u00f6r\u00fcyoruz. T\u00fcm bunlar\u0131 birle\u015ftirdi\u011fimizde g\u00fczel bir e\u011fitim ortaya \u00e7\u0131kartm\u0131\u015f oluyoruz. T\u00fcrkiye\u2019de \u00f6zel e\u011fitim konusunda g\u00fczel ilerlemeler kaydedildi. Bunu Avrupa\u2019n\u0131n bir\u00e7ok kentinden gelen ailelerimizle duyuyor ve anl\u0131yoruz. Ali\u2019deki g\u00fczel geli\u015fmeler aileye umut oldu. Biz bu noktada en b\u00fcy\u00fck etkenlerden birisinin sevgi oldu\u011funa inan\u0131yoruz. Bu y\u00fczden ba\u015far\u0131yoruz\u201d diye konu\u015ftu.<\/p>\n","protected":false},"excerpt":{"rendered":"<p>ALMANYA\u2019DA YA\u015eAYAN 4 YA\u015eINDAK\u0130 MUHAMMET AL\u0130\u2019N\u0130N YA\u015eADI\u011eI \u0130LET\u0130\u015e\u0130M VE \u00c7E\u015e\u0130TL\u0130 DAVRANI\u015e BOZUKLUKLARI \u0130\u00c7\u0130N A\u0130LES\u0130, \u00c7AREY\u0130 YAKLA\u015eIK 3 B\u0130N K\u0130LOMETRE UZAKLIKTAK\u0130 T\u00dcRK\u0130YE\u2019DE BULDU. K\u00dc\u00c7\u00dcK \u00c7OCUKTAK\u0130 GEL\u0130\u015e\u0130M A\u0130LES\u0130NE UMUT OLDU.<\/p>\n","protected":false},"author":1,"featured_media":181065,"comment_status":"closed","ping_status":"open","sticky":false,"template":"","format":"standard","meta":{"jetpack_post_was_ever_published":false,"_jetpack_newsletter_access":"","_jetpack_dont_email_post_to_subs":false,"_jetpack_newsletter_tier_id":0,"_jetpack_memberships_contains_paywalled_content":false,"_jetpack_memberships_contains_paid_content":false,"footnotes":"","jetpack_publicize_message":"","jetpack_publicize_feature_enabled":true,"jetpack_social_post_already_shared":true,"jetpack_social_options":{"image_generator_settings":{"template":"highway","default_image_id":0,"font":"","enabled":false},"version":2}},"categories":[1],"tags":[1073,3014,6637,213,5392,139,44,11542,2383,12297,44608,3462],"class_list":["post-181064","post","type-post","status-publish","format-standard","has-post-thumbnail","hentry","category-genel","tag-ozel","tag-aile","tag-almanyada","tag-bin","tag-buldu","tag-cocuklari","tag-icin","tag-kilometre","tag-turkiyede","tag-umudu","tag-uzakliktaki","tag-yasayan"],"jetpack_publicize_connections":[],"jetpack_featured_media_url":"https:\/\/i0.wp.com\/www.tvturk.com\/wp-content\/uploads\/2019\/07\/ozel-almanyada-yasayan-aile-cocuklari-icin-umudu-3-bin-kilometre-uzakliktaki-turkiyede-buldu_707d419.jpg?fit=1000%2C666","jetpack_sharing_enabled":true,"jetpack_shortlink":"https:\/\/wp.me\/paKIfm-L6o","_links":{"self":[{"href":"http:\/\/www.tvturk.com\/index.php\/wp-json\/wp\/v2\/posts\/181064","targetHints":{"allow":["GET"]}}],"collection":[{"href":"http:\/\/www.tvturk.com\/index.php\/wp-json\/wp\/v2\/posts"}],"about":[{"href":"http:\/\/www.tvturk.com\/index.php\/wp-json\/wp\/v2\/types\/post"}],"author":[{"embeddable":true,"href":"http:\/\/www.tvturk.com\/index.php\/wp-json\/wp\/v2\/users\/1"}],"replies":[{"embeddable":true,"href":"http:\/\/www.tvturk.com\/index.php\/wp-json\/wp\/v2\/comments?post=181064"}],"version-history":[{"count":0,"href":"http:\/\/www.tvturk.com\/index.php\/wp-json\/wp\/v2\/posts\/181064\/revisions"}],"wp:featuredmedia":[{"embeddable":true,"href":"http:\/\/www.tvturk.com\/index.php\/wp-json\/wp\/v2\/media\/181065"}],"wp:attachment":[{"href":"http:\/\/www.tvturk.com\/index.php\/wp-json\/wp\/v2\/media?parent=181064"}],"wp:term":[{"taxonomy":"category","embeddable":true,"href":"http:\/\/www.tvturk.com\/index.php\/wp-json\/wp\/v2\/categories?post=181064"},{"taxonomy":"post_tag","embeddable":true,"href":"http:\/\/www.tvturk.com\/index.php\/wp-json\/wp\/v2\/tags?post=181064"}],"curies":[{"name":"wp","href":"https:\/\/api.w.org\/{rel}","templated":true}]}}