{"id":181086,"date":"2019-07-12T11:01:42","date_gmt":"2019-07-12T08:01:42","guid":{"rendered":"http:\/\/www.tvturk.com\/index.php\/lavanta-tarlalari-turistlerin-yeni-mekani-oldu\/"},"modified":"2019-07-12T11:01:42","modified_gmt":"2019-07-12T08:01:42","slug":"lavanta-tarlalari-turistlerin-yeni-mekani-oldu","status":"publish","type":"post","link":"http:\/\/www.tvturk.com\/index.php\/lavanta-tarlalari-turistlerin-yeni-mekani-oldu\/","title":{"rendered":"Lavanta tarlalar\u0131 turistlerin yeni mekan\u0131 oldu"},"content":{"rendered":"<p>Denizli\u2019de ekim alan\u0131 giderek artan lavanta, \u00fcretimiyle ekonomiye katk\u0131 sa\u011flad\u0131\u011f\u0131 kadar sundu\u011fu e\u015fsiz manzaras\u0131yla turizmi canland\u0131rarak foto\u011fraf tutkunlar\u0131 ile yerli ve yabanc\u0131 turistler taraf\u0131ndan yo\u011fun ilgi g\u00f6r\u00fcyor. Do\u011fal bir foto\u011fraf st\u00fcdyosu haline gelen lavanta tarlalar\u0131 her g\u00fcn y\u00fczlerce ziyaret\u00e7isine g\u00f6rsel \u015f\u00f6len sunuyor.<\/p>\n<p>Denizli\u2019de son y\u0131llarda ekim alan\u0131 h\u0131zla artan lavanta, \u00fcretimiyle ekonomiye sa\u011flad\u0131\u011f\u0131 katk\u0131lar kadar, g\u00f6rselli\u011fiyle de turizme can veriyor. Kentteki ekim alan\u0131 bin dekar\u0131n \u00fczerine \u00e7\u0131karak 4 y\u0131lda yakla\u015f\u0131k 400 kat artan lavantada hedefin 50 bin dekar oldu\u011fu Denizli Valisi Hasan Karahan taraf\u0131ndan a\u00e7\u0131kland\u0131. Ac\u0131payam il\u00e7esi Yukar\u0131 mahallede bulunan ve kentin en b\u00fcy\u00fc\u011f\u00fc olan 50 dekarl\u0131k lavanta tarlas\u0131, foto\u011fraf\u00e7\u0131lar ba\u015fta olmak \u00fczere yerli ve yabanc\u0131 turistlerin u\u011frak noktas\u0131 oluyor. D\u00fc\u011f\u00fcn yapan gen\u00e7 \u00e7iftler foto\u011fraf \u00e7ekimi i\u00e7in lavanta tarlalar\u0131n\u0131 tercih ederken, lavanta tarlas\u0131nda \u00e7ekilen foto\u011fraflar\u0131 sosyal medyada g\u00f6ren turistler de e\u015fsiz manzaray\u0131 g\u00f6rmek ve foto\u011fraflamak i\u00e7in b\u00f6lgeye geliyor.<\/p>\n<p>\u201cDo\u011fa harikas\u0131 bir yer\u201d<\/p>\n<p>Bel\u00e7ika\u2019n\u0131n ba\u015fkenti Br\u00fcksel\u2019den tatil i\u00e7in Denizli\u2019ye gelen Yasemin Ak\u00e7a, lavanta tarlas\u0131n\u0131n \u00fcn\u00fcn\u00fc duyup \u00e7ocuklar\u0131yla birlikte tarlaya foto\u011fraf \u00e7ekinmeye geldi\u011fini belirterek, \u201cBuray\u0131 \u00e7ok be\u011fendik, \u00e7ok g\u00fczel. Do\u011fa harikas\u0131 bir yer\u201d dedi.<\/p>\n<p>Turistlerin u\u011frak noktas\u0131 oldu<\/p>\n<p>Pamukkale\u2019ye turist olarak gelip sosyal medyadan tarlan\u0131n foto\u011fraf\u0131n\u0131 g\u00f6rerek tarlaya foto\u011fraf \u00e7ekinmeye geldi\u011fini belirten Ukraynal\u0131 Natelia Marini\u00e7 de, \u201cBuray\u0131 sosyal medyada g\u00f6rd\u00fck ve \u00e7ok etkilendik, arkada\u015flar\u0131m\u0131zla geldik. Ukrayna\u2019da lavanta turizmi \u015fuan \u00e7ok pop\u00fcler ama bu kadar b\u00fcy\u00fck bir lavanta tarlas\u0131n\u0131 ilk kez g\u00f6r\u00fcyorum. Buraya gelmekten \u00e7ok keyif ald\u0131m\u201d diye konu\u015ftu.<\/p>\n","protected":false},"excerpt":{"rendered":"<p>DEN\u0130ZL\u0130\u2019DE EK\u0130M ALANI G\u0130DEREK ARTAN LAVANTA, \u00dcRET\u0130M\u0130YLE EKONOM\u0130YE KATKI SA\u011eLADI\u011eI KADAR SUNDU\u011eU E\u015eS\u0130Z MANZARASIYLA FOTO\u011eRAF TUTKUNLARI \u0130LE YERL\u0130 VE YABANCI TUR\u0130STLER TARAFINDAN YO\u011eUN \u0130LG\u0130 G\u00d6R\u00dcYOR. DO\u011eAL B\u0130R FOTO\u011eRAF ST\u00dcDYOSU HAL\u0130NE GELEN LAVANTA TARLALARI, HER G\u00dcN Y\u00dcZLERCE Z\u0130YARET\u00c7\u0130S\u0130NE G\u00d6RSEL \u015e\u00d6LEN SUNUYOR.<\/p>\n","protected":false},"author":1,"featured_media":181087,"comment_status":"closed","ping_status":"open","sticky":false,"template":"","format":"standard","meta":{"jetpack_post_was_ever_published":false,"_jetpack_newsletter_access":"","_jetpack_dont_email_post_to_subs":false,"_jetpack_newsletter_tier_id":0,"_jetpack_memberships_contains_paywalled_content":false,"_jetpack_memberships_contains_paid_content":false,"footnotes":"","jetpack_publicize_message":"","jetpack_publicize_feature_enabled":true,"jetpack_social_post_already_shared":true,"jetpack_social_options":{"image_generator_settings":{"template":"highway","default_image_id":0,"font":"","enabled":false},"version":2}},"categories":[1],"tags":[33462,24185,77,25892,21482,87],"class_list":["post-181086","post","type-post","status-publish","format-standard","has-post-thumbnail","hentry","category-genel","tag-lavanta","tag-mekani","tag-oldu","tag-tarlalari","tag-turistlerin","tag-yeni"],"jetpack_publicize_connections":[],"jetpack_featured_media_url":"https:\/\/i0.wp.com\/www.tvturk.com\/wp-content\/uploads\/2019\/07\/lavanta-tarlalari-turistlerin-yeni-mekani-oldu_1f5191c.jpg?fit=%2C","jetpack_sharing_enabled":true,"jetpack_shortlink":"https:\/\/wp.me\/paKIfm-L6K","_links":{"self":[{"href":"http:\/\/www.tvturk.com\/index.php\/wp-json\/wp\/v2\/posts\/181086","targetHints":{"allow":["GET"]}}],"collection":[{"href":"http:\/\/www.tvturk.com\/index.php\/wp-json\/wp\/v2\/posts"}],"about":[{"href":"http:\/\/www.tvturk.com\/index.php\/wp-json\/wp\/v2\/types\/post"}],"author":[{"embeddable":true,"href":"http:\/\/www.tvturk.com\/index.php\/wp-json\/wp\/v2\/users\/1"}],"replies":[{"embeddable":true,"href":"http:\/\/www.tvturk.com\/index.php\/wp-json\/wp\/v2\/comments?post=181086"}],"version-history":[{"count":0,"href":"http:\/\/www.tvturk.com\/index.php\/wp-json\/wp\/v2\/posts\/181086\/revisions"}],"wp:featuredmedia":[{"embeddable":true,"href":"http:\/\/www.tvturk.com\/index.php\/wp-json\/wp\/v2\/media\/181087"}],"wp:attachment":[{"href":"http:\/\/www.tvturk.com\/index.php\/wp-json\/wp\/v2\/media?parent=181086"}],"wp:term":[{"taxonomy":"category","embeddable":true,"href":"http:\/\/www.tvturk.com\/index.php\/wp-json\/wp\/v2\/categories?post=181086"},{"taxonomy":"post_tag","embeddable":true,"href":"http:\/\/www.tvturk.com\/index.php\/wp-json\/wp\/v2\/tags?post=181086"}],"curies":[{"name":"wp","href":"https:\/\/api.w.org\/{rel}","templated":true}]}}