{"id":181116,"date":"2019-07-12T11:31:57","date_gmt":"2019-07-12T08:31:57","guid":{"rendered":"http:\/\/www.tvturk.com\/index.php\/cevre-ve-sehircilik-bakani-kurum-15-maddelik-karadeniz-bolgesi-iklim-degisikligi-eylem-planinin-detaylarini-acikladi\/"},"modified":"2019-07-12T11:31:57","modified_gmt":"2019-07-12T08:31:57","slug":"cevre-ve-sehircilik-bakani-kurum-15-maddelik-karadeniz-bolgesi-iklim-degisikligi-eylem-planinin-detaylarini-acikladi","status":"publish","type":"post","link":"http:\/\/www.tvturk.com\/index.php\/cevre-ve-sehircilik-bakani-kurum-15-maddelik-karadeniz-bolgesi-iklim-degisikligi-eylem-planinin-detaylarini-acikladi\/","title":{"rendered":"\u00c7evre ve \u015eehircilik Bakan\u0131 Kurum 15 maddelik \u2018Karadeniz B\u00f6lgesi \u0130klim De\u011fi\u015fikli\u011fi Eylem Plan\u0131\u2019n\u0131n detaylar\u0131n\u0131 a\u00e7\u0131klad\u0131"},"content":{"rendered":"<p>\u00c7evre ve \u015eehircilik Bakan\u0131 Murat Kurum, bakanl\u0131\u011f\u0131nca iklim de\u011fi\u015fikli\u011fiyle m\u00fccadele kapsam\u0131nda haz\u0131rlanan ve Trabzon, Samsun, Ordu, Rize, Giresun ve Artvin illerini kapsayan 15 maddelik \u2018Karadeniz B\u00f6lgesi \u0130klim De\u011fi\u015fikli\u011fi Eylem Plan\u0131\u2019n\u0131n detaylar\u0131n\u0131 bug\u00fcn Trabzon\u2019da d\u00fczenledi\u011fi bas\u0131n toplant\u0131s\u0131 ile a\u00e7\u0131klad\u0131.<\/p>\n<p>\u00c7evre ve \u015eehircilik Bakan\u0131 Murat Kurum, Trabzon\u2019un Arakl\u0131 il\u00e7esinde 18 Haziran\u2019da ya\u015fanan ve 8 ki\u015finin \u00f6l\u00fcm\u00fc, 2 ki\u015finin de kaybolmas\u0131 ile sonu\u00e7lanan sel b\u00f6lgesindeki incelemeleri s\u0131ras\u0131nda gazetecilere &#8220;Trabzon, Rize, Ordu, Giresun ilimizde dere g\u00fczergah\u0131 \u00fczerindeki \u015fu an iklim de\u011fi\u015fikli\u011fi sebebiyle olmamas\u0131 gereken binalar\u0131n tespitini de bir ay i\u00e7inde tamamlayaca\u011f\u0131z. \u0130n\u015fallah 4 ilimizde bu tespitleri yap\u0131p vatanda\u015flar\u0131m\u0131z\u0131 sa\u011flam, g\u00fcvenli konutlar\u0131na ta\u015f\u0131ma s\u00fcrecine ve yeni in\u015faatlar\u0131n yap\u0131m s\u00fcrecine bu y\u0131l i\u00e7inde ba\u015flamak istiyoruz&#8221; a\u00e7\u0131klamas\u0131nda bulunmu\u015ftu. Kurum, selin \u00fczerinden bir ay ge\u00e7meden bug\u00fcn Trabzon\u2019da bir otelde tekrar bas\u0131n\u0131n kar\u015f\u0131s\u0131na ge\u00e7erek bu konuda gelinen nokta ve yol haritas\u0131na ili\u015fkin bilgi verdi.<\/p>\n<p>\u201cKaradeniz\u2019imizi, \u00fclkemizi ve t\u00fcm d\u00fcnyay\u0131 yak\u0131ndan ilgilendiren \u00f6nemli bir meseleyle ilgili topland\u0131k\u201d diyen Bakan Kurum \u201cDeniz suyu seviyesi 19 cm y\u00fckseldi. 2100 y\u0131l\u0131nda denizlerimizde su seviyesinin 5 metre y\u00fckselmesi bekleniyor.  Bu k\u00f6t\u00fc senaryo ger\u00e7ekle\u015firse, bir\u00e7ok adan\u0131n sular alt\u0131nda kalmas\u0131, pek \u00e7ok yerel k\u00fclt\u00fcr\u00fcn yok olmas\u0131 ve buna ba\u011fl\u0131 olarak \u0130klim g\u00f6\u00e7\u00fc meydana gelmesi \u00f6ng\u00f6r\u00fcl\u00fcyor. Yani, d\u00fcnyada ya\u015fayan insan n\u00fcfusunun \u00fc\u00e7te biri k\u00fcresel \u0131s\u0131nmadan etkilenecek gibi g\u00f6z\u00fck\u00fcyor. \u00d6n\u00fcm\u00fczdeki 100 y\u0131l\u0131n sonunda, tar\u0131m i\u00e7in uygun alanlar\u0131n miktar\u0131 azalacak, k\u0131tl\u0131k ve kurakl\u0131k ba\u015f g\u00f6sterecek. Sel, f\u0131rt\u0131na, tayfun gibi do\u011fal afetlerin say\u0131s\u0131, \u015fiddeti ve yeri de artacak. Tatl\u0131 su kaynaklar\u0131yla ilgili s\u0131k\u0131nt\u0131lar meydana gelecek. Sadece insanlar i\u00e7in de\u011fil,  t\u00fcm canl\u0131lar i\u00e7in d\u00fcnya, ya\u015fanmas\u0131 zor bir yer olacak.<\/p>\n<p>Yine, d\u00fcnyam\u0131zda bir\u00e7ok canl\u0131 t\u00fcr\u00fcn\u00fcn yok olaca\u011f\u0131na, eko sistemin bozulaca\u011f\u0131na dair \u00f6ng\u00f6r\u00fcler bulunuyor. \u0130klim de\u011fi\u015fikli\u011finin etkilerini \u00f6nleyecek olan da yine bizleriz. Sadece devletlerin, ilgili kurulu\u015flar\u0131n de\u011fil t\u00fcm bireylerin \u00e7evre i\u00e7in duyarl\u0131 olmas\u0131 gerekiyor. 2100 y\u0131l\u0131 bize uzak gelmesin. \u00c7ocuklar\u0131m\u0131za, gelecek ku\u015faklara ya\u015fanabilir bir d\u00fcnya b\u0131rakmak hepimizin g\u00f6revi\u201d ifadelerini kulland\u0131.<\/p>\n<p>\u201cT\u00fcrkiye ciddi tehdit alt\u0131nda\u201d<\/p>\n<p>\u0130klim de\u011fi\u015fikli\u011fi nedeniyle T\u00fcrkiye\u2019nin ciddi tehdit alt\u0131nda oldu\u011funa dikkat \u00e7eken Kurum \u201c\u00c7\u00fcnk\u00fc \u00fclkemiz iklim de\u011fi\u015fikli\u011finden en \u00e7ok etkilenecek b\u00f6lgeler aras\u0131nda olan Akdeniz Havzas\u0131\u2019nda yer al\u0131yor. Son y\u0131llarda bu iklim de\u011fi\u015fikli\u011finin olumsuz sonu\u00e7lar\u0131n\u0131 hep birlikte ya\u015famaya ba\u015flad\u0131k. K\u0131y\u0131lar\u0131m\u0131zdaki \u00f6l\u00e7\u00fcmler, deniz seviyesinin y\u0131ll\u0131k 6 mm civar\u0131nda y\u00fckseldi\u011fini g\u00f6steriyor. Deniz suyu s\u0131cakl\u0131\u011f\u0131m\u0131z da artt\u0131, bu art\u0131\u015fa ba\u011fl\u0131 olarak \u015fiddetli ve s\u0131k ya\u011f\u0131\u015flar meydana geldi. \u0130nsanlar i\u00e7in \u00f6nemli oksijen kaynaklar\u0131ndan olan deniz \u00e7ay\u0131rlar\u0131 yok oluyor. Akdeniz \u00e7\u00f6lle\u015fiyor. Bu s\u00fcre\u00e7te, Tropikal canl\u0131 t\u00fcrleri K\u0131z\u0131ldeniz \u00fczerinden k\u0131y\u0131lar\u0131m\u0131za geliyor. Daha \u00f6nce \u00fclkemizin sahillerinde bulunmayan, g\u00f6rselde de g\u00f6rm\u00fc\u015f oldu\u011fumuz balon bal\u0131\u011f\u0131, aslan bal\u0131\u011f\u0131 gibi istilac\u0131 t\u00fcr bal\u0131klara rastlar olduk. Bu t\u00fcr bal\u0131klar, denizlerimizdeki bal\u0131k \u00e7e\u015fitlili\u011fini de tehdit etmeye ba\u015flad\u0131. Yine, \u00fclkemizin akci\u011ferleri olan ormanlar\u0131m\u0131zda k\u00fcresel \u0131s\u0131nmaya ba\u011fl\u0131 olarak yang\u0131n riski art\u0131yor. \u0130klim de\u011fi\u015fikli\u011fi ekonomiye de zarar veriyor ve tedarik zincirini bozuyor. Akdeniz normalde kapal\u0131 havza oldu\u011fu i\u00e7in, hortum ihtimali d\u00fc\u015f\u00fckt\u00fcr. Ama son d\u00f6nemde ne yaz\u0131k ki s\u0131k\u00e7a hortumlara \u015fahit oluyoruz. Ayn\u0131 zamanda \u015fiddetli dolu ya\u011f\u0131\u015f\u0131n\u0131 da ya\u015f\u0131yoruz. Antalya\u2019da ceviz b\u00fcy\u00fckl\u00fc\u011f\u00fcnde dolu ya\u011fd\u0131. Sel sular\u0131, seralar\u0131 yerle bir etti. T\u00fcm bunlar y\u00fcz\u00fcnden mahsullerimiz zarar g\u00f6r\u00fcyor, bu da fiyatlara yans\u0131yor\u201d diye konu\u015ftu.<\/p>\n<p>\u201c\u0130stanbul\u2019a 15 dakikal\u0131k dolu ya\u011f\u0131\u015f\u0131n\u0131n neden oldu\u011fu zarar 3 milyar lira oldu\u201d<\/p>\n<p>Ge\u00e7en A\u011fustos ay\u0131nda \u0130stanbul\u2019da meydana gelen dolu ya\u011f\u0131\u015f\u0131na vurgu yapan Bakan Kurum \u201cArabalarda, evlerde, i\u015f yerlerinde, yollarda \u00e7ok ciddi hasara yol a\u00e7t\u0131. Sadece 15 dakikal\u0131k dolu ya\u011f\u0131\u015f\u0131 3 milyar liral\u0131k zarara neden oldu. Bu maliyetle 12 bin konut in\u015fa edebilir, hastaneler ve okullar yapabilir, istihdam sahalar\u0131 olu\u015fturabilirdik. K\u0131sacas\u0131 iklim de\u011fi\u015fikli\u011fi herkesi ve her yeri etkileyecek. Sadece k\u0131y\u0131 kesimlerimiz de\u011fil, \u0130\u00e7 b\u00f6lgelerimizde de iklim de\u011fi\u015fikli\u011fini hissedece\u011fiz. \u0130\u00e7 Anadolu b\u00f6lgemizde 2100 y\u0131l\u0131na kadar gereken \u00f6nlemler al\u0131nmazsa, kurakl\u0131k artacak ve tar\u0131m \u00fcr\u00fcn\u00fc \u00e7e\u015fitlili\u011fi azalacakt\u0131r. Konya Karap\u0131narl\u0131y\u0131m. D\u00fcnyan\u0131n nazar boncu\u011fu olarak adland\u0131r\u0131lan Meke G\u00f6l\u00fc Karap\u0131nar\u2019da. Bakanl\u0131k olarak, \u00fclkemizin di\u011fer do\u011fal g\u00fczellikleri gibi buray\u0131 da koruma alt\u0131na ald\u0131k. Bu g\u00f6l kuruma tehlikesiyle kar\u015f\u0131 kar\u015f\u0131ya kald\u0131. B\u00f6lgede obruklar meydana geliyor ve \u00e7\u00f6kmeler ya\u015fan\u0131yor. Konya gibi tar\u0131m\u0131n ba\u015fkenti bir ilimizde seller ya\u015fanmaya ba\u015flad\u0131. Bunun tabi ki ba\u015fka etmenleri de var ama en belirgin nedeni \u0130klim De\u011fi\u015fikli\u011fi. En bereketli ovalar\u0131m\u0131z, \u00fclkemizin g\u0131da deposu b\u00f6lgelerimiz k\u00fcresel \u0131s\u0131nman\u0131n tehdidi alt\u0131nda\u201d \u015feklinde konu\u015ftu.<\/p>\n<p>\u201cGe\u00e7ti\u011fimiz y\u0131l\u0131n ilk 6 ay\u0131nda 2 milyar 54 milyon olan po\u015fet sarfiyat\u0131n\u0131 bu y\u0131l 464 milyona d\u00fc\u015f\u00fcrd\u00fck\u201d<\/p>\n<p>Bakanl\u0131\u011f\u0131n\u0131n \u00e7al\u0131\u015fmalar\u0131 hakk\u0131nda da rakamlar veren ve yapt\u0131klar\u0131 \u00e7al\u0131\u015fmalar\u0131 anlatan Bakan Kurum, \u015funlar\u0131 s\u00f6yledi:<\/p>\n<p>\u201c\u00d6n\u00fcm\u00fczdeki g\u00fcnlerde S\u0131f\u0131r At\u0131k Y\u00f6netmenli\u011fini yay\u0131mlayarak,  t\u00fcm \u00fclkede s\u0131f\u0131r at\u0131k projesini yayg\u0131nla\u015ft\u0131raca\u011f\u0131z. Plastik po\u015fetlerin olu\u015fturdu\u011fu kirlilikle m\u00fccadele i\u00e7in bir karar ald\u0131k. 2019 y\u0131l\u0131 itibariyle, \u00fclkemizde plastik po\u015fetleri \u00fccretli hale getirdik. \u00c7ok \u015f\u00fck\u00fcr, \u00f6nemli bir yol da kat ettik. Burada \u00e7ok \u00f6nemli bir g\u00fcncel veriyi sizlerle payla\u015fmak isterim. T\u00fcrkiye\u2019deki be\u015f b\u00fcy\u00fck market zincirinin verilerine g\u00f6re, ge\u00e7ti\u011fimiz y\u0131l\u0131n ilk 6 ay\u0131nda 2 milyar 54 milyon olan po\u015fet sarfiyat\u0131n\u0131 bu y\u0131l 464 milyona d\u00fc\u015f\u00fcrd\u00fck. Buna g\u00f6re, plastik po\u015fet kullan\u0131m\u0131nda  y\u00fczde 78 azalma g\u00f6r\u00fcld\u00fc.\u201d<\/p>\n<p>\u201c\u0130klim De\u011fi\u015fikli\u011fi Eylem Plan\u0131\u2019na Karadeniz\u2019den ba\u015flad\u0131k\u201d<\/p>\n<p>Bakanl\u0131k olarak T\u00fcrkiye\u2019nin 7 b\u00f6lgesi i\u00e7in ayr\u0131 ayr\u0131 \u0130klim De\u011fi\u015fikli\u011fi Eylem Plan\u0131 haz\u0131rlayacaklar\u0131n\u0131, ve buna Karadeniz B\u00f6lgesi\u2019nden ba\u015flad\u0131klar\u0131n\u0131 kaydeden Kurum \u201cDeniz suyu s\u0131cakl\u0131\u011f\u0131n\u0131n son 40 y\u0131l\u0131n en y\u00fcksek seviyesinde g\u00f6zlenmesi, buna ba\u011fl\u0131 olarak ya\u011f\u0131\u015flar\u0131n artmas\u0131, b\u00f6lgenin engebeli yap\u0131s\u0131 nedeniyle afet riskinin artmas\u0131, can ve mal kayb\u0131 ya\u015fanmas\u0131ndan dolay\u0131 \u00f6nceli\u011fi Karadeniz B\u00f6lgemize verdik. Bug\u00fcn Karadeniz \u0130klim De\u011fi\u015fikli\u011fi Eylem Plan\u0131n\u0131 a\u00e7\u0131kl\u0131yoruz. Di\u011fer b\u00f6lgelerimizle ilgili \u00e7al\u0131\u015fmalar\u0131m\u0131za s\u00fcratle devam ediyoruz. \u0130n\u015fallah \u00f6n\u00fcm\u00fczdeki 6 ay i\u00e7erisinde de haz\u0131rl\u0131klar\u0131m\u0131z\u0131 tamamlayarak, her b\u00f6lge i\u00e7in eylem planlar\u0131m\u0131z\u0131 kamuoyuyla ve ilgili Bakanl\u0131klar\u0131m\u0131zla, kamu kurumlar\u0131m\u0131zla payla\u015faca\u011f\u0131z. Bu noktada en son Trabzon\u2019da ya\u015fad\u0131\u011f\u0131m\u0131z sel felaketinden sonra b\u00f6lgede \u00e7ok h\u0131zl\u0131 bir \u015fekilde, derelerin ve o dere yataklar\u0131nda bulunan binalar\u0131n ta\u015f\u0131nmas\u0131 s\u00fcrecini ba\u015flatt\u0131k\u201d bilgisini payla\u015ft\u0131.<\/p>\n<p>\u0130\u015fte 15 maddelik eylem plan\u0131<\/p>\n<p>Ba\u015fta Rize, Trabzon, Ordu, Samsun, Giresun ve Artvin illerimizi kapsayan 15 maddelik Karadeniz B\u00f6lgesi \u0130klim De\u011fi\u015fikli\u011fi Eylem Plan\u0131 ve b\u00f6lgede al\u0131nacak tedbirler ile ilgili olarak Kurum, \u015funlar\u0131 s\u00f6yledi:<\/p>\n<p>\u201c1. Mek\u00e2nsal strateji plan\u0131 ve b\u00fct\u00fcn \u00f6l\u00e7eklerdeki mek\u00e2nsal planlar iklim de\u011fi\u015fikli\u011fi parametreleri dikkate al\u0131narak haz\u0131rlanacakt\u0131r.<\/p>\n<p>B\u00f6lgeye ait Mek\u00e2nsal strateji planlar\u0131 \u00e7er\u00e7evesinde alt \u00f6l\u00e7ekli planlar\u0131 revize edece\u011fiz. Bu revize i\u015flemi biter bitmez de bahsedilen 6 ilimizdeki belediyelerden alt \u00f6l\u00e7ekli planlar\u0131n g\u00f6zden ge\u00e7irilmesini isteyece\u011fiz.<\/p>\n<p>2. Trabzon, Rize, Ordu, Giresun, Artvin ve Samsun illeri \u00f6ncelikli olmak \u00fczere dere yataklar\u0131nda yer alan binalar tespit edilecek ve uygun alanlar i\u00e7in kamula\u015ft\u0131rma ve ta\u015f\u0131ma s\u00fcreci planlanacakt\u0131r. Trabzon, Rize, Ordu, Giresun, Samsun ve Artvin illerinde \u00f6ncelikli olarak dere yataklar\u0131nda yer alan binalar\u0131n tespit \u00e7al\u0131\u015fmalar\u0131na ba\u015flad\u0131k. B\u00f6lgede yakla\u015f\u0131k 19 bin akar dere, 131 bin de kuru dere bulunuyor. 6 ilimizde bulunan ve birinci derece risk grubundaki 367 derenin taramas\u0131n\u0131 bitirdik. Temmuz ay\u0131 sonuna kadar t\u00fcm derelerin taramas\u0131n\u0131 bitirece\u011fiz. 1430 kilometre yol \u00fczerinde de inceleme yapt\u0131k. Dere yata\u011f\u0131nda bulunan ve iklim de\u011fi\u015fikli\u011fi nedeniyle risk alt\u0131nda olan, acil ve \u00f6ncelikli ta\u015f\u0131nmas\u0131 gereken 1950 adet bina tespit ettik. Riskli b\u00f6lgelerde ya\u015fayan 2000 aileyi, kentsel d\u00f6n\u00fc\u015f\u00fcm kapsam\u0131nda yapaca\u011f\u0131m\u0131z konutlara ta\u015f\u0131yaca\u011f\u0131z. Bundan b\u00f6yle Karadeniz B\u00f6lgemizde dere yataklar\u0131 ve riskli b\u00f6lgelerde kentsel d\u00f6n\u00fc\u015f\u00fcm \u00e7al\u0131\u015fmalar\u0131m\u0131z\u0131, yeni bir yol haritas\u0131yla ba\u015flat\u0131yoruz. \u0130lk olarak, Trabzon Arakl\u0131 merkezde tespit edilen \u00d6zgen ve Yolg\u00f6ren mahallesinde 200 konutun in\u015faat\u0131na TOK\u0130 Ba\u015fkanl\u0131\u011f\u0131m\u0131z ba\u015flad\u0131. Bakanl\u0131\u011f\u0131m\u0131za ba\u011fl\u0131 TOK\u0130 Ba\u015fkanl\u0131\u011f\u0131m\u0131z eliyle bu riskli b\u00f6lgelerde 2023 y\u0131l\u0131na kadar 15 Bin konut in\u015fa edece\u011fiz. Dere yata\u011f\u0131nda bulunan binalar\u0131n ta\u015f\u0131nmas\u0131 s\u00fcrecinde hi\u00e7bir ma\u011fduriyet ya\u015fanmayacak. Ta\u015f\u0131nma ve kira yard\u0131m\u0131 ba\u015fta olmak \u00fczere her t\u00fcrl\u00fc deste\u011fi karde\u015flerimize sa\u011flayaca\u011f\u0131z. Bundan hi\u00e7 kimsenin \u015f\u00fcphesi olmas\u0131n.<\/p>\n<p>3. Y\u00fcksek heyelan riski bulunan b\u00f6lgelerde yer alan binalar tespit edilerek uygun alanlara ta\u015f\u0131nacak ve bu b\u00f6lgelerde in\u015fa faaliyetlerine izin verilmeyecek.<\/p>\n<p>4. Yerel y\u00f6netimler uhdesindeki ekonomik \u00f6mr\u00fcn\u00fc tamamlam\u0131\u015f veya yetersiz kesit geni\u015fli\u011fine sahip k\u00f6pr\u00fclerin \u00f6nceliklendirme yap\u0131larak kald\u0131r\u0131lmas\u0131 i\u00e7in tespit \u00e7al\u0131\u015fmalar\u0131 yap\u0131lacakt\u0131r. Tespit \u00e7al\u0131\u015fmalar\u0131n\u0131 yaparken Ula\u015ft\u0131rma ve Alt Yap\u0131 Bakanl\u0131\u011f\u0131m\u0131zla g\u00f6r\u00fc\u015f\u00fclerek koordinasyon sa\u011flanacakt\u0131r.<\/p>\n<p>&#8220;Karadeniz Sahil Yolu\u2019nun ya\u011f\u0131\u015f sular\u0131n\u0131n denize ula\u015fmas\u0131na engel olan b\u00f6l\u00fcmlerinde menfezlerin kapasitesi art\u0131r\u0131lacak&#8221;<\/p>\n<p>5. Karadeniz Sahil Yolu\u2019nun ya\u011f\u0131\u015f sular\u0131n\u0131n denize ula\u015fmas\u0131na engel olan b\u00f6l\u00fcmlerinde menfezlerin kapasitesi art\u0131r\u0131lacakt\u0131r.<\/p>\n<p>Karadeniz Sahil Yolu\u2019nun sel sular\u0131n\u0131n denize ula\u015fmas\u0131na engel olan b\u00f6l\u00fcmlerinde menfez ve k\u00f6pr\u00fclerin kapasitesi ve say\u0131lar\u0131n\u0131n artt\u0131r\u0131lmas\u0131 i\u00e7in ilgili Bakanl\u0131klarla ortakla\u015fa i\u015fbirli\u011fi halinde \u00e7al\u0131\u015fmalar\u0131m\u0131z\u0131 s\u00fcrd\u00fcr\u00fcyoruz. \u0130klim De\u011fi\u015fikli\u011fi kaynakl\u0131 afetler, k\u00f6yleri \u015fehirlere ba\u011flayan veya birbirine ba\u011flayan yollar\u0131 da tahrip etmektedir. Hem bu yollar\u0131 kullan\u0131lamaz hale getirmekte hem de can ve mal kayb\u0131na neden olmaktad\u0131r. \u00d6ncelikle 1 y\u0131l i\u00e7erisinde t\u00fcm k\u00f6y yollar\u0131 g\u00f6zden ge\u00e7irilerek bu yollar\u0131n tahrip olmas\u0131n\u0131n en b\u00fcy\u00fck nedeni olan  k\u00f6pr\u00fc, viyad\u00fck gibi yap\u0131lar\u0131n onar\u0131m\u0131n\u0131 \u0130ller Bankam\u0131zla birlikte ilgili belediyelerimizle ger\u00e7ekle\u015ftirece\u011fiz. Dere yataklar\u0131 ve heyelan alanlar\u0131ndaki mevcut yollar i\u00e7in alternatif yol g\u00fczergahlar\u0131 ara\u015ft\u0131r\u0131lacak veya bu yollar g\u00fc\u00e7lendirilecek.<\/p>\n<p>6. Karadeniz Sahil Yolu\u2019nda ve risk alt\u0131nda olan karayollar\u0131n\u0131n altyap\u0131s\u0131n\u0131n belli noktalar\u0131nda ani olu\u015fan ta\u015fk\u0131nlar\u0131n denize iletilmesini sa\u011flayan su hatlar\u0131 ve t\u00fcneller olu\u015fturulacakt\u0131r.<\/p>\n<p>7. Dere yataklar\u0131n\u0131n do\u011fal yap\u0131s\u0131n\u0131n bozulmamas\u0131 i\u00e7in b\u00f6lgede faaliyet g\u00f6steren tesislerde denetimler s\u0131kla\u015ft\u0131r\u0131lacak.<\/p>\n<p>B\u00fcy\u00fck\u015fehir Belediyesi s\u0131n\u0131rlar\u0131 i\u00e7erisinde kalan alanlarda B\u00fcy\u00fck\u015fehir Belediyelerince, \u0130l\u00e7e Belediyesi M\u00fccavir S\u0131n\u0131rlar\u0131 i\u00e7erisinde \u0130l\u00e7e Belediyelerince, di\u011fer alanlarda ise \u0130l \u00d6zel \u0130darelerince, Bakanl\u0131\u011f\u0131m\u0131z \u0130l M\u00fcd\u00fcrl\u00fckleri ile koordineli olarak dere yataklar\u0131ndan kontrols\u00fcz malzeme al\u0131nmamas\u0131 ve hafriyat d\u00f6k\u00fclmemesi i\u00e7in gerekli \u00f6nlemlerin al\u0131nmas\u0131 i\u00e7in denetimleri s\u0131kla\u015ft\u0131r\u0131yoruz.<\/p>\n<p>8. Kamu hizmeti veren binalar\u0131n a\u015f\u0131r\u0131 iklim olaylar\u0131ndan daha az etkilenecekleri \u015fekilde kent planlar\u0131nda yer se\u00e7imleri yap\u0131lacakt\u0131r.<\/p>\n<p>Hastane, okul, sa\u011fl\u0131k oca\u011f\u0131, kaymakaml\u0131k binalar\u0131 gibi vatanda\u015flar\u0131m\u0131za hizmet veren kamu binalar\u0131n\u0131  riskli b\u00f6lgelerden bir an evvel kald\u0131raca\u011f\u0131z.<\/p>\n<p>9. \u0130klim De\u011fi\u015fikli\u011fi ve etkileri konusunda yerel y\u00f6netimlere d\u00fczenli e\u011fitimler verilecektir.<\/p>\n<p>\u0130klim de\u011fi\u015fikli\u011fine ba\u011fl\u0131 olarak ya\u015fanan sel, ta\u015fk\u0131n gibi afetlere kar\u015f\u0131 \u00f6nlem al\u0131nmas\u0131n\u0131 sa\u011flamak ve ortak bilinci y\u00fckseltmek i\u00e7in,<\/p>\n<p>Bakanl\u0131\u011f\u0131m\u0131z ve Bakanl\u0131\u011f\u0131m\u0131z d\u0131\u015f\u0131ndaki teknik birimlerce vatanda\u015flar\u0131m\u0131za ve yetkili birimlere e\u011fitimler verece\u011fiz.<\/p>\n<p>10. Ya\u011f\u0131\u015f sular\u0131 ve kanalizasyon sular\u0131 ayr\u0131k sistem haline d\u00f6n\u00fc\u015ft\u00fcr\u00fclecektir.<\/p>\n<p>Altyap\u0131 projelerinde iklim de\u011fi\u015fikli\u011fi \u00f6nemli bir parametre olarak g\u00f6z \u00f6n\u00fcne al\u0131nacak ve yeni dizayn kriterleri tan\u0131mlanacakt\u0131r.<\/p>\n<p>11. \u0130\u00e7me suyu, at\u0131ksu ar\u0131tma ve at\u0131k depolama gibi kritik altyap\u0131 tesislerinin afet risk analizleri yap\u0131lacakt\u0131r.<\/p>\n<p>Bu b\u00f6lgedeki belediyelerimiz, gerek Bakanl\u0131\u011f\u0131m\u0131z gerekse de ilgili di\u011fer Bakanl\u0131klar ve bunlara ba\u011fl\u0131 kurum ve kurulu\u015flar\u0131n g\u00f6r\u00fc\u015flerini alarak, altyap\u0131 tesislerinin afet risk analizlerinin haz\u0131rlanmas\u0131n\u0131 isteyebilecekler.<\/p>\n<p>&#8220;Do\u011fal Afet riski olan alanlarda erken uyar\u0131 sistemi kurulmas\u0131 i\u00e7in yerel y\u00f6netimlere destek olunacak&#8221;<\/p>\n<p>12. Do\u011fal afet riski ta\u015f\u0131yan alanlarda can ve mal g\u00fcvenli\u011fi a\u00e7\u0131s\u0131ndan erken uyar\u0131 sistemleri konusunda ilgili kurumlarla koordinasyon sa\u011flanacakt\u0131r.<\/p>\n<p>Do\u011fal Afet riski olan alanlarda erken uyar\u0131 sistemi kurulmas\u0131 i\u00e7in Yerel Y\u00f6netimlere de destek olaca\u011f\u0131z.<\/p>\n<p>13. B\u00f6lgedeki yap\u0131la\u015fmada enerji verimli, iklim duyarl\u0131 ve ekolojik \u00f6zellikli yerel yap\u0131 malzemelerinin kullan\u0131m\u0131 \u00f6zendirilecek ve yayg\u0131nla\u015ft\u0131r\u0131lmas\u0131 desteklenecektir.<\/p>\n<p>Y\u00f6resel mimaride enerji verimli, iklim duyarl\u0131 ve ekolojik \u00f6zellikli yerel yap\u0131 malzemelerinin kullan\u0131m\u0131 \u00f6zendirilecek ve yayg\u0131nla\u015ft\u0131r\u0131lacak. \u00c7evre ve \u015eehircilik Bakanl\u0131\u011f\u0131\u2019n\u0131n ta\u015fra te\u015fkilat\u0131nda kurulacak komisyonlar taraf\u0131ndan y\u00f6resel mimariye uygun ve yerel malzeme kullan\u0131ld\u0131\u011f\u0131na karar verilen projelerde, hi\u00e7bir vergi, resim, har\u00e7 ve her hangi bir ad alt\u0131nda bedel al\u0131nmamas\u0131 i\u00e7in gerekli yasal d\u00fczenlemenin yap\u0131lmas\u0131 i\u00e7in de \u00e7al\u0131\u015fmalara ba\u015flad\u0131k.<\/p>\n<p>14. B\u00f6lge genelinde yol yap\u0131m\u0131nda ge\u00e7irgen materyaller kullan\u0131lmas\u0131 te\u015fvik edilecektir.<\/p>\n<p>15. At\u0131klar\u0131n dere yataklar\u0131nda ilave y\u00fck olu\u015fturmamas\u0131 i\u00e7in b\u00f6lgede at\u0131k y\u00f6netimi ve s\u0131f\u0131r at\u0131k uygulamalar\u0131 yayg\u0131nla\u015ft\u0131r\u0131lacak.\u201d<\/p>\n<p>\u201cEylem plan\u0131 T\u00fcrkiye\u2019nin tamam\u0131 i\u00e7in de uygulanacak\u201d<\/p>\n<p>Bakan Kurum, Karadeniz\u2019deki iklim de\u011fi\u015fikli\u011fine ba\u011fl\u0131 afetleri azaltmak i\u00e7in yapm\u0131\u015f olduklar\u0131 eylem plan\u0131n\u0131 T\u00fcrkiye\u2019nin tamam\u0131 i\u00e7in de uygulayacaklar\u0131n\u0131 ifade ederek \u201cEylem Planlar\u0131m\u0131z\u0131 ger\u00e7ekle\u015ftirirken, vatanda\u015flar\u0131m\u0131zla beraber hareket edece\u011fiz. Amac\u0131m\u0131z hem \u00fclkemizin gelece\u011fini korumak hem de vatanda\u015flar\u0131m\u0131z\u0131n can ve mal g\u00fcvenli\u011fini sa\u011flamakt\u0131r. Gerekli tedbirleri al\u0131rken ma\u011fduriyet ya\u015fanmamas\u0131 konusunda da hassas davranaca\u011f\u0131z\u201d dedi.<\/p>\n","protected":false},"excerpt":{"rendered":"<p>\u00c7EVRE VE \u015eEH\u0130RC\u0130L\u0130K BAKANI MURAT KURUM, BAKANLI\u011eINCA \u0130KL\u0130M DE\u011e\u0130\u015e\u0130KL\u0130\u011e\u0130YLE M\u00dcCADELE KAPSAMINDA HAZIRLANAN VE TRABZON, SAMSUN, ORDU, R\u0130ZE, G\u0130RESUN VE ARTV\u0130N \u0130LLER\u0130N\u0130 KAPSAYAN 15 MADDEL\u0130K \u2018KARADEN\u0130Z B\u00d6LGES\u0130 \u0130KL\u0130M DE\u011e\u0130\u015e\u0130KL\u0130\u011e\u0130 EYLEM PLANI\u2019NIN DETAYLARINI BUG\u00dcN TRABZON\u2019DA D\u00dcZENLED\u0130\u011e\u0130 BASIN TOPLANTISI \u0130LE A\u00c7IKLADI.<\/p>\n","protected":false},"author":1,"featured_media":181117,"comment_status":"closed","ping_status":"open","sticky":false,"template":"","format":"standard","meta":{"jetpack_post_was_ever_published":false,"_jetpack_newsletter_access":"","_jetpack_dont_email_post_to_subs":false,"_jetpack_newsletter_tier_id":0,"_jetpack_memberships_contains_paywalled_content":false,"_jetpack_memberships_contains_paid_content":false,"footnotes":"","jetpack_publicize_message":"","jetpack_publicize_feature_enabled":true,"jetpack_social_post_already_shared":true,"jetpack_social_options":{"image_generator_settings":{"template":"highway","default_image_id":0,"font":"","enabled":false},"version":2}},"categories":[1],"tags":[2636,3699,933,10633,1775,37831,2198,6633,4220,2582,20573,44631,7881],"class_list":["post-181116","post","type-post","status-publish","format-standard","has-post-thumbnail","hentry","category-genel","tag-cevre","tag-acikladi","tag-bakani","tag-bolgesi","tag-degisikligi","tag-detaylarini","tag-eylem","tag-iklim","tag-karadeniz","tag-kurum","tag-maddelik","tag-planinin","tag-sehircilik"],"jetpack_publicize_connections":[],"jetpack_featured_media_url":"https:\/\/i0.wp.com\/www.tvturk.com\/wp-content\/uploads\/2019\/07\/cevre-ve-sehircilik-bakani-kurum-15-maddelik-karadeniz-bolgesi-iklim-degisikligi-eylem-planinin-detaylarini-acikladi_71f0806.jpg?fit=1000%2C661","jetpack_sharing_enabled":true,"jetpack_shortlink":"https:\/\/wp.me\/paKIfm-L7e","_links":{"self":[{"href":"http:\/\/www.tvturk.com\/index.php\/wp-json\/wp\/v2\/posts\/181116","targetHints":{"allow":["GET"]}}],"collection":[{"href":"http:\/\/www.tvturk.com\/index.php\/wp-json\/wp\/v2\/posts"}],"about":[{"href":"http:\/\/www.tvturk.com\/index.php\/wp-json\/wp\/v2\/types\/post"}],"author":[{"embeddable":true,"href":"http:\/\/www.tvturk.com\/index.php\/wp-json\/wp\/v2\/users\/1"}],"replies":[{"embeddable":true,"href":"http:\/\/www.tvturk.com\/index.php\/wp-json\/wp\/v2\/comments?post=181116"}],"version-history":[{"count":0,"href":"http:\/\/www.tvturk.com\/index.php\/wp-json\/wp\/v2\/posts\/181116\/revisions"}],"wp:featuredmedia":[{"embeddable":true,"href":"http:\/\/www.tvturk.com\/index.php\/wp-json\/wp\/v2\/media\/181117"}],"wp:attachment":[{"href":"http:\/\/www.tvturk.com\/index.php\/wp-json\/wp\/v2\/media?parent=181116"}],"wp:term":[{"taxonomy":"category","embeddable":true,"href":"http:\/\/www.tvturk.com\/index.php\/wp-json\/wp\/v2\/categories?post=181116"},{"taxonomy":"post_tag","embeddable":true,"href":"http:\/\/www.tvturk.com\/index.php\/wp-json\/wp\/v2\/tags?post=181116"}],"curies":[{"name":"wp","href":"https:\/\/api.w.org\/{rel}","templated":true}]}}