{"id":181130,"date":"2019-07-12T12:01:51","date_gmt":"2019-07-12T09:01:51","guid":{"rendered":"http:\/\/www.tvturk.com\/index.php\/15-temmuz-sehidinin-ailesinden-rektor-prof-dr-safak-ertan-comakliya-ziyaret\/"},"modified":"2019-07-12T12:01:51","modified_gmt":"2019-07-12T09:01:51","slug":"15-temmuz-sehidinin-ailesinden-rektor-prof-dr-safak-ertan-comakliya-ziyaret","status":"publish","type":"post","link":"http:\/\/www.tvturk.com\/index.php\/15-temmuz-sehidinin-ailesinden-rektor-prof-dr-safak-ertan-comakliya-ziyaret\/","title":{"rendered":"15 Temmuz \u015fehidinin ailesinden Rekt\u00f6r Prof. Dr. \u015eafak Ertan \u00c7omakl\u0131\u2019ya ziyaret"},"content":{"rendered":"<p>15 Temmuz hain darbe giri\u015fimi s\u0131ras\u0131nda Ankara \u0130l Emniyet M\u00fcd\u00fcrl\u00fc\u011f\u00fc\u2019nde \u015fehit olan polis memuru Muhammet O\u011fuz K\u0131l\u0131n\u00e7\u2019\u0131n babas\u0131, ayn\u0131 zamanda \u015eehit Yak\u0131nlar\u0131, Gaziler ve Korunmaya Muhta\u00e7 \u00c7ocuklar Federasyonu (\u015eEGAFED) Ba\u015fkan Yard\u0131mc\u0131s\u0131 Zeki K\u0131l\u0131n\u00e7 ve e\u015fi Meltem K\u0131l\u0131n\u00e7, Anadolu \u00dcniversitesi Rekt\u00f6r\u00fc Prof. Dr. \u015eafak Ertan \u00c7omakl\u0131\u2019y\u0131 ziyaret etti.<\/p>\n<p>Kahraman \u015fehidimizin anne ve babas\u0131, Rekt\u00f6r Prof. Dr. \u00c7omakl\u0131 ile 15 Temmuz hain darbe giri\u015fimi s\u00fcreci ve daha sonras\u0131nda ya\u015fanan geli\u015fmelerle ilgili sohbet etti. Anadolu \u00dcniversitesi Rekt\u00f6r\u00fc Prof. Dr. \u015eafak Ertan \u00c7omakl\u0131\u2019y\u0131 ziyareti sonras\u0131 duygu ve d\u00fc\u015f\u00fcncelerini dile getiren kahraman \u015fehidimizin babas\u0131 Zeki K\u0131l\u0131n\u00e7, \u201c31 y\u0131ll\u0131k Emniyet Te\u015fkilat\u0131 g\u00f6revim s\u0131ras\u0131nda, ismi FET\u00d6 olarak belirlenen ihanet \u015febekesi taraf\u0131ndan \u015fantaj ve kumpaslarla kar\u015f\u0131 kar\u015f\u0131ya kald\u0131m. Emniyet Te\u015fkilat\u0131m\u0131zda g\u00f6rev yaparken 19 defa ihra\u00e7 davas\u0131 a\u00e7\u0131ld\u0131. O d\u00f6nem benimle birlikte hareket eden 25 polis arkada\u015f\u0131m meslekten ihra\u00e7 edildi. Ama ben ve arkada\u015flar\u0131m hi\u00e7bir \u015fekilde geri ad\u0131m atmad\u0131k. Bu ihanet \u015febekesinin yapt\u0131\u011f\u0131 haks\u0131zl\u0131k ve hukuksuzluklara asla boyun e\u011fmedik. \u00c7\u00fcnk\u00fc 1845 y\u0131l\u0131nda kurulan bu \u015ferefli te\u015fkilatta birilerinin bu ihanet \u015febekesine kar\u015f\u0131 m\u00fccadele etmesi gerekiyordu. Bizler de \u00f6l\u00fcm\u00fc ve s\u00fcrg\u00fcn\u00fc g\u00f6ze alarak m\u00fccadeleyi s\u00fcrd\u00fcrd\u00fck\u201d dedi.<\/p>\n<p>15 Temmuz hain darbe giri\u015fiminde o\u011flunu \u015fehit veren Zeki K\u0131l\u0131n\u00e7 s\u00f6zlerine \u015f\u00f6yle devam etti:<\/p>\n<p>\u201c2010 y\u0131l\u0131nda \u015faibeli d\u00f6nemlerin bitmesiyle o\u011flum Muhammet O\u011fuz K\u0131l\u0131n\u00e7, Emniyet Te\u015fkilat\u0131na polis memuru olarak girdi.  Benim daha \u00f6nceden bu hain yap\u0131yla m\u00fccadele etmemden dolay\u0131, 17-25 Aral\u0131k \u00f6ncesinde o\u011flum Muhammet\u2019i de bir\u00e7ok farkl\u0131 yere s\u00fcrg\u00fcn ettiler. O\u011flum Muhammet 15 Temmuzda izinli olmas\u0131na ra\u011fmen beylik silah\u0131n\u0131 alarak Ankara \u0130l Emniyet M\u00fcd\u00fcrl\u00fc\u011f\u00fcne gidiyor. Bina i\u00e7inde yer alan cephaneli\u011fin kap\u0131s\u0131n\u0131 k\u0131rarak i\u00e7erdeki silahlar\u0131 polis arkada\u015flar\u0131na ve amirlerine da\u011f\u0131t\u0131yor. Kendisi de uzun namlulu bir silah alarak bah\u00e7e i\u00e7erisinden helikopterlere ate\u015f a\u00e7\u0131yor. Daha sonras\u0131nda nizamiye \u00f6n\u00fcnde ya\u015fanan \u00e7at\u0131\u015fmada ba\u015f\u0131ndan vurularak \u015fehit edilmi\u015ftir.  Ne mutlu bize ki; vatan\u0131na, milletine ve bayra\u011f\u0131na ba\u011fl\u0131, b\u00f6yle hain ter\u00f6r \u00f6rg\u00fctlerine ge\u00e7it vermemek i\u00e7in \u015fehit olmay\u0131 g\u00f6ze alan bir evlat yeti\u015ftirmi\u015fiz. Her daim bunun gururunu ya\u015f\u0131yoruz. Biz hi\u00e7bir zaman a\u011flamad\u0131k, \u00fcz\u00fclmedik. Bilakis evlad\u0131m\u0131zla onur ve gurur duyduk.  Bize ya\u015fatt\u0131\u011f\u0131 bu onurla 15 Temmuzu gen\u00e7lere daha iyi anlatabilmek i\u00e7in e\u015fim Meltem K\u0131l\u0131n\u00e7\u2019la birlikte demokrasi meydanlar\u0131nda, okullar\u0131m\u0131zda faaliyetlerde bulunduk, milli birlik ve beraberli\u011fimizle ilgili yap\u0131lmas\u0131 gerekenleri konu\u015ftuk, yazd\u0131k.\u201d<\/p>\n<p>\u015eehit babas\u0131 Zeki K\u0131l\u0131n\u00e7\u2019tan Rekt\u00f6r \u00c7omakl\u0131\u2019ya te\u015fekk\u00fcr<\/p>\n<p>Kahraman \u015fehidimizin babas\u0131 Zeki K\u0131l\u0131n\u00e7, \u201c15 Temmuz hain darbe giri\u015fimini birebir ya\u015fayan arkada\u015flar\u0131m\u0131zla \u00e7al\u0131\u015fmalar\u0131m\u0131z devam ediyor. Ayr\u0131ca \u015fehit yak\u0131nlar\u0131n\u0131n ya\u015fad\u0131\u011f\u0131 s\u0131k\u0131nt\u0131lar\u0131 gerekli yerlere iletmeye devam ediyoruz. \u015eehit yak\u0131nlar\u0131yla yapt\u0131\u011f\u0131m\u0131z toplant\u0131lardan sonra, sorunlar\u0131m\u0131zdan birinin de Anadolu \u00dcniversitesi Rekt\u00f6rl\u00fc\u011f\u00fcn\u00fc ilgilendirdi\u011fini tespit ettik. Anadolu \u00dcniversitesi Rekt\u00f6r\u00fc Prof. Dr. \u015eafak Ertan \u00c7omakl\u0131\u2019n\u0131n \u015fehit yak\u0131nlar\u0131 ve gazilere yak\u0131n ve duyarl\u0131 oldu\u011funu, vatan\u0131n\u0131, milletini seven iyi bir devlet adam\u0131 oldu\u011funu ve 15 Temmuz g\u00fcn\u00fc hainlerin \u00fczerine g\u00f6z\u00fcn\u00fc k\u0131rmadan giden insanlarla yak\u0131ndan ilgilendi\u011fini \u00e7ok iyi biliyorduk. Rekt\u00f6r\u00fcm\u00fcz Prof. Dr. \u015eafak Ertan \u00c7omakl\u0131\u2019dan \u015fehit ve gazi ailelerinin A\u00e7\u0131k\u00f6\u011fretimden \u00fccretsiz bir \u015fekilde e\u011fitim almas\u0131 i\u00e7in bir iste\u011fimiz oldu. Say\u0131n rekt\u00f6r\u00fcm\u00fcz \u00e7ok k\u0131sa bir zaman i\u00e7erisinde bu iste\u011fimize olumlu yan\u0131t verdi. Bu ufak bir \u015fey olarak g\u00f6r\u00fcnse de biz \u015fehit ailelerine g\u00f6sterilen ilgi ve yak\u0131nl\u0131k a\u00e7\u0131s\u0131ndan \u00e7ok \u00f6nemli bir durumdur. Bug\u00fcn ger\u00e7ekle\u015ftirdi\u011fimiz ziyaretle de, rekt\u00f6r\u00fcm\u00fcz\u00fcn ger\u00e7ek bir vatansever oldu\u011funu ve \u015fehit ve gazi aileleriyle birebir ilgilendi\u011fini, onlar\u0131n dertleriyle dertlendi\u011fini g\u00f6rd\u00fck. \u0130yi ki say\u0131n rekt\u00f6r\u00fcm\u00fcz gibi insanlar var, ve bu makamlarda g\u00f6rev yap\u0131yorlar.  B\u00fct\u00fcn \u015fehit yak\u0131nlar\u0131 ve gazilerimiz ad\u0131na kendisine te\u015fekk\u00fcr ediyorum.\u201d<\/p>\n<p>Meltem K\u0131l\u0131n\u00e7: \u201cBu \u00fcniversitede e\u011fitim g\u00f6ren \u00f6\u011frenciler \u00e7ok \u015fansl\u0131\u201d diye belirtti.<\/p>\n<p>Kahraman \u015fehidin annesi Meltem K\u0131l\u0131n\u00e7 ise, \u201cBu d\u00f6nemde en \u00e7ok devlet ve milletimize duyarl\u0131, vatansever y\u00f6neticilerimize ihtiyac\u0131m\u0131z var. Bir \u015fehit annesi olarak, ben de \u00fczerime d\u00fc\u015fen g\u00f6revleri seve seve yap\u0131yorum. Evde oturmak yerine, 36 derne\u011fin birle\u015fti\u011fi sivil toplum platformlar\u0131n\u0131n y\u00f6netim kurulu iyesiyim. Vatan\u0131n Y\u0131ld\u0131zlar\u0131 Derne\u011fi ve \u015eEGAFED\u2019in \u0130l Ba\u015fkanl\u0131klar\u0131n\u0131 yapmaktay\u0131m. Bug\u00fcn Anadolu \u00dcniversitesini ziyaret ettik. Bu \u00fcniversitede e\u011fitim g\u00f6ren \u00f6\u011frencilerin \u00e7ok \u015fansl\u0131 olduklar\u0131n\u0131 g\u00f6rd\u00fck. Sadece \u015fehit yak\u0131nlar\u0131n\u0131n de\u011fil, \u00fcniversitede \u00f6\u011frenim g\u00f6ren t\u00fcm \u00f6\u011frencilerin dertleriyle dertlenen, s\u00fcrekli onlarla i\u00e7 i\u00e7e olan bir rekt\u00f6rleri var. Allah her zaman rekt\u00f6r\u00fcm\u00fcz\u00fcn yan\u0131nda olsun. B\u00f6ylesine maneviyat\u0131 y\u00fcksek, \u00e7al\u0131\u015fkan, adaletli, devletin emrinde, milletin hizmetinde olan y\u00f6neticiler hep devletin en iyi mevkilerinde olsunlar. Allah onlar\u0131 her t\u00fcrl\u00fc tehlikeden korusun. B\u00fct\u00fcn \u015fehitlerimizin ruhu bir kez daha \u015fad olsun\u201d diye belirtti.<\/p>\n<p>Rekt\u00f6r \u00c7omakl\u0131: \u201c\u015eehit yak\u0131nlar\u0131 ve gazilerimizin her zaman emrindeyiz\u201d<\/p>\n<p>B\u00f6yle bir ziyaretten duydu\u011fu memnuniyeti dile getiren Anadolu \u00dcniversitesi Rekt\u00f6r\u00fc Prof. Dr. \u015eafak Ertan \u00c7omakl\u0131, her zaman \u015fehit yak\u0131nlar\u0131 ve gazilerin emrinde olduklar\u0131n\u0131 belirtti.  Rekt\u00f6r \u00c7omakl\u0131 \u015f\u00f6yle konu\u015ftu:<\/p>\n<p>\u201c15 Temmuzda \u015fehit olan b\u00fct\u00fcn kahramanlar\u0131m\u0131zdan helallik istiyorum. \u00c7\u00fcnk\u00fc onlar\u0131n bu kahraman davran\u0131\u015flar\u0131 neticesinde canl\u0131 bir \u015fekilde kar\u015f\u0131n\u0131zda duruyorum.  Bizler onlar\u0131n yan\u0131nda bir hi\u00e7iz.  Sadece \u015funu s\u00f6ylemek isterim ki; 15 Temmuz g\u00fcn\u00fc bulundu\u011fum mek\u00e2n ve g\u00f6revden dolay\u0131 \u015fehit olabilirdim. O zaman 2 ya\u015f\u0131nda olan bir \u00e7ocu\u011fum var. Muhtemelen beni hat\u0131rlamazd\u0131, ama beni anlatacak birileri kal\u0131r. \u00c7\u00fcnk\u00fc bunlar milletin can\u0131na direkt kast etmi\u015fti. Milletin meclisine bomba ya\u011fd\u0131racak, kendi halk\u0131n\u0131n \u00fcst\u00fcne ate\u015f a\u00e7acak kadar hain ve canilerdi.  Ama Allah\u2019a \u00e7ok \u015f\u00fck\u00fcr Muhammet O\u011fuz K\u0131l\u0131n\u00e7 gibi kahramanlar\u0131m\u0131z sayesinde, bu hain ter\u00f6ristler ama\u00e7lar\u0131na ula\u015famad\u0131lar. Bizlerin bu destan\u0131 nesillerden nesillere aktarmam\u0131z laz\u0131m. Kesinlikle bu hain darbe giri\u015fimini siyasi bir olay ya da tart\u0131\u015fman\u0131n i\u00e7ine sokmayarak devletimizin ve milletimizin birlik ve beraberli\u011fine kast etmi\u015f hain bir darbe giri\u015fimi g\u00f6rmek gerekir.  Buradan \u015funu da ifade etmek isterim ki; milletimizi b\u0131rak\u0131p gitmeyen bir Cumhurba\u015fkan\u0131m\u0131z var. Buradan say\u0131n Cumhurba\u015fkan\u0131m\u0131z\u0131 sayg\u0131yla anmadan ge\u00e7emeyece\u011fim.\u201d<\/p>\n<p>FET\u00d6 gibi yap\u0131larla m\u00fccadeleyi her zaman ve her yerde s\u00fcrd\u00fcreceklerinin alt\u0131n\u0131n \u00e7izen Rekt\u00f6r \u00c7omakl\u0131, \u201cBu m\u00fccadeleler u\u011frunda \u015fehit olan kahramanlar\u0131m\u0131zdan geriye kalan aile bireyleriyle birebir ilgilenece\u011fiz. Onlar\u0131 hi\u00e7bir zaman yaln\u0131z b\u0131rakmayaca\u011f\u0131z. 15 Temmuzda y\u00fcce milletimizin ortaya koydu\u011fu milli birlik ve beraberlik ruhunu ya\u015fatmak i\u00e7in elimizden geleni yapaca\u011f\u0131z. Bu u\u011furda gerekirse \u015fehit olmak i\u00e7in g\u00f6z\u00fcm\u00fcz\u00fc k\u0131rpmayaca\u011f\u0131z. B\u00f6yle bir ziyaret ger\u00e7ekle\u015ftiren \u015fehit ailemize \u00e7ok te\u015fekk\u00fcr ediyorum. Allah devletimize, milletimize zeval vermesin\u201d diye belirterek \u015fehit ailesine bir kez daha te\u015fekk\u00fcr etti.<\/p>\n","protected":false},"excerpt":{"rendered":"<p>15 TEMMUZ HA\u0130N DARBE G\u0130R\u0130\u015e\u0130M\u0130 SIRASINDA ANKARA \u0130L EMN\u0130YET M\u00dcD\u00dcRL\u00dc\u011e\u00dc\u2019NDE \u015eEH\u0130T OLAN POL\u0130S MEMURU MUHAMMET O\u011eUZ KILIN\u00c7\u2019IN BABASI, AYNI ZAMANDA \u015eEH\u0130T YAKINLARI, GAZ\u0130LER VE KORUNMAYA MUHTA\u00c7 \u00c7OCUKLAR FEDERASYONU (\u015eEGAFED) BA\u015eKAN YARDIMCISI ZEK\u0130 KILIN\u00c7 VE E\u015e\u0130 MELTEM KILIN\u00c7, ANADOLU \u00dcN\u0130VERS\u0130TES\u0130 REKT\u00d6R\u00dc PROF. DR. \u015eAFAK ERTAN \u00c7OMAKLI\u2019YI Z\u0130YARET ETT\u0130.<\/p>\n","protected":false},"author":1,"featured_media":181131,"comment_status":"closed","ping_status":"open","sticky":false,"template":"","format":"standard","meta":{"jetpack_post_was_ever_published":false,"_jetpack_newsletter_access":"","_jetpack_dont_email_post_to_subs":false,"_jetpack_newsletter_tier_id":0,"_jetpack_memberships_contains_paywalled_content":false,"_jetpack_memberships_contains_paid_content":false,"footnotes":"","jetpack_publicize_message":"","jetpack_publicize_feature_enabled":true,"jetpack_social_post_already_shared":true,"jetpack_social_options":{"image_generator_settings":{"template":"highway","default_image_id":0,"font":"","enabled":false},"version":2}},"categories":[1],"tags":[15506,3377,279,15450,2750,163,1891,5039,1148,150],"class_list":["post-181130","post","type-post","status-publish","format-standard","has-post-thumbnail","hentry","category-genel","tag-ailesinden","tag-comakliya","tag-dr","tag-ertan","tag-prof","tag-rektor","tag-safak","tag-sehidinin","tag-temmuz","tag-ziyaret"],"jetpack_publicize_connections":[],"jetpack_featured_media_url":"https:\/\/i0.wp.com\/www.tvturk.com\/wp-content\/uploads\/2019\/07\/15-temmuz-sehidinin-ailesinden-rektor-prof-dr-safak-ertan-comakliya-ziyaret_9d84310.jpg?fit=1000%2C666","jetpack_sharing_enabled":true,"jetpack_shortlink":"https:\/\/wp.me\/paKIfm-L7s","_links":{"self":[{"href":"http:\/\/www.tvturk.com\/index.php\/wp-json\/wp\/v2\/posts\/181130","targetHints":{"allow":["GET"]}}],"collection":[{"href":"http:\/\/www.tvturk.com\/index.php\/wp-json\/wp\/v2\/posts"}],"about":[{"href":"http:\/\/www.tvturk.com\/index.php\/wp-json\/wp\/v2\/types\/post"}],"author":[{"embeddable":true,"href":"http:\/\/www.tvturk.com\/index.php\/wp-json\/wp\/v2\/users\/1"}],"replies":[{"embeddable":true,"href":"http:\/\/www.tvturk.com\/index.php\/wp-json\/wp\/v2\/comments?post=181130"}],"version-history":[{"count":0,"href":"http:\/\/www.tvturk.com\/index.php\/wp-json\/wp\/v2\/posts\/181130\/revisions"}],"wp:featuredmedia":[{"embeddable":true,"href":"http:\/\/www.tvturk.com\/index.php\/wp-json\/wp\/v2\/media\/181131"}],"wp:attachment":[{"href":"http:\/\/www.tvturk.com\/index.php\/wp-json\/wp\/v2\/media?parent=181130"}],"wp:term":[{"taxonomy":"category","embeddable":true,"href":"http:\/\/www.tvturk.com\/index.php\/wp-json\/wp\/v2\/categories?post=181130"},{"taxonomy":"post_tag","embeddable":true,"href":"http:\/\/www.tvturk.com\/index.php\/wp-json\/wp\/v2\/tags?post=181130"}],"curies":[{"name":"wp","href":"https:\/\/api.w.org\/{rel}","templated":true}]}}