{"id":181132,"date":"2019-07-12T12:01:56","date_gmt":"2019-07-12T09:01:56","guid":{"rendered":"http:\/\/www.tvturk.com\/index.php\/bursanin-gururuna-erdemden-odul\/"},"modified":"2019-07-12T12:01:56","modified_gmt":"2019-07-12T09:01:56","slug":"bursanin-gururuna-erdemden-odul","status":"publish","type":"post","link":"http:\/\/www.tvturk.com\/index.php\/bursanin-gururuna-erdemden-odul\/","title":{"rendered":"Bursa\u2019n\u0131n gururuna Erdem\u2019den \u00f6d\u00fcl"},"content":{"rendered":"<p>Nil\u00fcfer Belediye Ba\u015fkan\u0131 Turgay Erdem, 658. Tarihi K\u0131rkp\u0131nar Ya\u011fl\u0131 G\u00fcre\u015fleri\u2019nde Nil\u00fcfer Belediyesi ad\u0131na g\u00fcre\u015ferek ba\u015falt\u0131 kategorisinde final m\u00fcsabakas\u0131na \u00e7\u0131kan Bursal\u0131 g\u00fcre\u015f\u00e7i Yal\u00e7\u0131n \u00d6nc\u00fcl\u2019\u00fc te\u015fekk\u00fcr plaketi ve alt\u0131nla \u00f6d\u00fcllendirdi.<\/p>\n<p>K\u0131rkp\u0131nar\u2019da ba\u015falt\u0131 kategorisinde \u00e7\u0131kt\u0131\u011f\u0131 final m\u00fcsabakas\u0131nda ikinci olarak  \u00f6n\u00fcm\u00fczdeki y\u0131l Bursa\u2019y\u0131  Nil\u00fcfer Belediyesi ad\u0131na ba\u015f boyunda temsil edecek olan Yal\u00e7\u0131n \u00d6nc\u00fcl, sevincini Ba\u015fkan Turgay Erdem ile  payla\u015ft\u0131. 25 y\u0131l aradan sonra Bursa\u2019y\u0131 bu kategoride K\u0131rkp\u0131nar Ya\u011fl\u0131 G\u00fcre\u015fleri\u2019nde tek pehlivan olarak temsil edecek olan \u00d6nc\u00fcl, desteklerinden dolay\u0131 Ba\u015fkan Erdem\u2019e te\u015fekk\u00fcr etti.<\/p>\n<p>\u00c7al\u0131 g\u00fcre\u015fleri a\u011fas\u0131 Hakan S\u00f6\u011f\u00fcnmez, Domani\u00e7 g\u00fcre\u015fleri a\u011fas\u0131 Beyhan G\u00fcnd\u00fcz, Mustafakemalpa\u015fa Yal\u0131nta\u015f g\u00fcre\u015f a\u011fas\u0131 Habib Karaca ve K\u0131rk\u0131p\u0131nar\u2019da ba\u015falt\u0131 boyuna y\u00fckselen ba\u015far\u0131l\u0131 g\u00fcre\u015f\u00e7i Okan Yava\u015f ile gen\u00e7 pehlivanlar\u0131n da yer ald\u0131\u011f\u0131 ziyarette, bu y\u0131l 57\u2019inci kez  d\u00fczenlenen Geleneksel \u00c7al\u0131 G\u00fcre\u015fleri organizasyonunun g\u00fcre\u015f sporunun Bursa\u2019daki varl\u0131\u011f\u0131 a\u00e7\u0131s\u0131ndan \u00f6nemi vurguland\u0131.<\/p>\n<p>27 ya\u015f\u0131ndaki gen\u00e7 g\u00fcre\u015f\u00e7i Yal\u00e7\u0131n \u00d6nc\u00fcl ve ona destek veren g\u00fcre\u015f a\u011falar\u0131n\u0131 tebrik eden Ba\u015fkan Turgay Erdem, \u201cHer \u015feyden \u00f6nce ata sporumuz olan g\u00fcre\u015f, bizim i\u00e7in \u00e7ok \u00f6nemli. Ferd\u00ee sporlar aras\u0131nda en fazla g\u00fc\u00e7 ve kondisyon gerektiren bu spora g\u00f6n\u00fcl veren, hatta \u00f6mr\u00fcn\u00fc adayan sporcu arkada\u015flar\u0131m ve onlar\u0131n destek\u00e7ileri a\u011falar \u00f6vg\u00fcy\u00fc hak ediyor. \u00d6n\u00fcm\u00fczdeki y\u0131l Bursa\u2019y\u0131 ve Nil\u00fcfer\u2019i  ba\u015f kategorisinde temsil edecek olan g\u00fcre\u015f\u00e7imize \u015fimdiden te\u015fekk\u00fcr ediyorum. Nil\u00fcfer Belediyesi olarak  her zaman maddeten ve manen yanlar\u0131nda olaca\u011f\u0131m\u0131z\u0131 bilmelerini istiyorum\u201d dedi.<\/p>\n<p>Ziyaretin sonunda Ba\u015fkan Turgay Erdem, ba\u015far\u0131l\u0131 sporcuya te\u015fekk\u00fcr plaketi verdi ve alt\u0131nla \u00f6d\u00fcllendirdi. 27 ya\u015f\u0131ndaki pehlivan Yal\u00e7\u0131n \u00d6nc\u00fcl, ge\u00e7en  ay d\u00fczenlenen 57. Geleneksel Tarihi \u00c7al\u0131 G\u00fcre\u015fleri\u2019nde ba\u015falt\u0131 kategorisinde birincili\u011fi elde ederek 658. Tarihi K\u0131rkp\u0131nar Ya\u011fl\u0131 G\u00fcre\u015flerinde kendisine final ba\u015far\u0131s\u0131n\u0131 getiren m\u00fcsabakalara kat\u0131lma hakk\u0131 kazanm\u0131\u015ft\u0131.<\/p>\n","protected":false},"excerpt":{"rendered":"<p>N\u0130L\u00dcFER BELED\u0130YE BA\u015eKANI TURGAY ERDEM, 658. TAR\u0130H\u0130 KIRKPINAR YA\u011eLI G\u00dcRE\u015eLER\u0130\u2019NDE N\u0130L\u00dcFER BELED\u0130YES\u0130 ADINA G\u00dcRE\u015eEREK BA\u015eALTI KATEGOR\u0130S\u0130NDE F\u0130NAL M\u00dcSABAKASINA \u00c7IKAN BURSALI G\u00dcRE\u015e\u00c7\u0130 YAL\u00c7IN \u00d6NC\u00dcL\u2019\u00dc TE\u015eEKK\u00dcR PLAKET\u0130 VE ALTINLA \u00d6D\u00dcLLEND\u0130RD\u0130.<\/p>\n","protected":false},"author":1,"featured_media":181133,"comment_status":"closed","ping_status":"open","sticky":false,"template":"","format":"standard","meta":{"jetpack_post_was_ever_published":false,"_jetpack_newsletter_access":"","_jetpack_dont_email_post_to_subs":false,"_jetpack_newsletter_tier_id":0,"_jetpack_memberships_contains_paywalled_content":false,"_jetpack_memberships_contains_paid_content":false,"footnotes":"","jetpack_publicize_message":"","jetpack_publicize_feature_enabled":true,"jetpack_social_post_already_shared":true,"jetpack_social_options":{"image_generator_settings":{"template":"highway","default_image_id":0,"font":"","enabled":false},"version":2}},"categories":[1],"tags":[2395,8116,44634,4204],"class_list":["post-181132","post","type-post","status-publish","format-standard","has-post-thumbnail","hentry","category-genel","tag-bursanin","tag-erdemden","tag-gururuna","tag-odul"],"jetpack_publicize_connections":[],"jetpack_featured_media_url":"https:\/\/i0.wp.com\/www.tvturk.com\/wp-content\/uploads\/2019\/07\/bursanin-gururuna-erdemden-odul_141f12d.jpg?fit=1000%2C649","jetpack_sharing_enabled":true,"jetpack_shortlink":"https:\/\/wp.me\/paKIfm-L7u","_links":{"self":[{"href":"http:\/\/www.tvturk.com\/index.php\/wp-json\/wp\/v2\/posts\/181132","targetHints":{"allow":["GET"]}}],"collection":[{"href":"http:\/\/www.tvturk.com\/index.php\/wp-json\/wp\/v2\/posts"}],"about":[{"href":"http:\/\/www.tvturk.com\/index.php\/wp-json\/wp\/v2\/types\/post"}],"author":[{"embeddable":true,"href":"http:\/\/www.tvturk.com\/index.php\/wp-json\/wp\/v2\/users\/1"}],"replies":[{"embeddable":true,"href":"http:\/\/www.tvturk.com\/index.php\/wp-json\/wp\/v2\/comments?post=181132"}],"version-history":[{"count":0,"href":"http:\/\/www.tvturk.com\/index.php\/wp-json\/wp\/v2\/posts\/181132\/revisions"}],"wp:featuredmedia":[{"embeddable":true,"href":"http:\/\/www.tvturk.com\/index.php\/wp-json\/wp\/v2\/media\/181133"}],"wp:attachment":[{"href":"http:\/\/www.tvturk.com\/index.php\/wp-json\/wp\/v2\/media?parent=181132"}],"wp:term":[{"taxonomy":"category","embeddable":true,"href":"http:\/\/www.tvturk.com\/index.php\/wp-json\/wp\/v2\/categories?post=181132"},{"taxonomy":"post_tag","embeddable":true,"href":"http:\/\/www.tvturk.com\/index.php\/wp-json\/wp\/v2\/tags?post=181132"}],"curies":[{"name":"wp","href":"https:\/\/api.w.org\/{rel}","templated":true}]}}