{"id":181150,"date":"2019-07-12T12:17:16","date_gmt":"2019-07-12T09:17:16","guid":{"rendered":"http:\/\/www.tvturk.com\/index.php\/beymen-club-fotograf-yarismasi-basladi\/"},"modified":"2019-07-12T12:17:16","modified_gmt":"2019-07-12T09:17:16","slug":"beymen-club-fotograf-yarismasi-basladi","status":"publish","type":"post","link":"http:\/\/www.tvturk.com\/index.php\/beymen-club-fotograf-yarismasi-basladi\/","title":{"rendered":"BEYMEN Club Foto\u011fraf Yar\u0131\u015fmas\u0131 ba\u015flad\u0131"},"content":{"rendered":"<p>BEYMEN Club\u2019\u0131n d\u00fczenledi\u011fi foto\u011fraf yar\u0131\u015fmas\u0131 bug\u00fcn itibariyle ba\u015flad\u0131. Yaz\u0131n en iyi anlat\u0131ld\u0131\u011f\u0131 foto\u011fraflar temal\u0131 yar\u0131\u015fmada, son kat\u0131l\u0131m tarihinin 18 A\u011fustos. Ayr\u0131ca; dereceye giren foto\u011fraflar BEYMEN Club\u2019lardaki ekranlarda ve BEYMEN Club sosyal medya hesaplar\u0131nda sergilenecek.<\/p>\n<p>Ge\u00e7ti\u011fimiz y\u0131llarda d\u00fczenlenen BEYMEN Club Foto\u011fraf Yar\u0131\u015fmas\u0131 bu y\u0131l da devam ediyor. Yap\u0131lan bilgilendirmede; yar\u0131\u015fmaya kat\u0131lmak isteyenler, yaz\u0131 en iyi anlatan foto\u011fraflar\u0131 ile Instagram \u00fczerinden #BeymenClublaYazHi\u00e7Bitmesin hashtag\u2019i ve  @beymenclub\u2019\u0131 etiketleyerek kat\u0131labilecekler. 12 Temmuz (bug\u00fcn) itibariyle ba\u015flayan ve 18 ya\u015f\u0131ndan b\u00fcy\u00fck herkesin kat\u0131labilece\u011fi yar\u0131\u015fmaya kat\u0131lan foto\u011fraflar; Beymen Artistik Direkt\u00f6r\u00fc Murat T\u00fcrkili, Beymen CMO\u2019su Polat Uyal, 212 Studio Kurucusu Handan Y\u0131lmaz, moda yazar\u0131 Koray Caner, sanat\u00e7\u0131 Sedef Gali\u2019den olu\u015fan yar\u0131\u015fma j\u00fcrisi taraf\u0131ndan de\u011ferlendirilecek.<\/p>\n<p>Son kat\u0131l\u0131m tarihi 18 A\u011fustos, Pazar g\u00fcn\u00fc olan yar\u0131\u015fmada dereceye giren foto\u011fraflar, #BeymenClublaYazHi\u00e7Bitmesin dijital sergisi dahilinde se\u00e7ili BEYMEN Club\u2019lardaki ekranlarda ve BEYMEN Club sosyal medya hesaplar\u0131nda sergilenecek. Ayr\u0131ca yar\u0131\u015fman\u0131n birincisi BEYMEN Club\u2019dan 3 bin TL\u2019lik, ikincisi 2 bin TL\u2019lik, \u00fc\u00e7\u00fcnc\u00fcs\u00fc ise bin TL\u2019lik hediye \u00e7eki ile \u00f6d\u00fcllendirilece\u011fi belirtildi.<\/p>\n","protected":false},"excerpt":{"rendered":"<p>BEYMEN CLUB&#8217;IN D\u00dcZENLED\u0130\u011e\u0130 FOTO\u011eRAF YARI\u015eMASI BUG\u00dcN \u0130T\u0130BAR\u0130YLE BA\u015eLADI. YAZIN EN \u0130Y\u0130 ANLATILDI\u011eI FOTO\u011eRAFLAR TEMALI YARI\u015eMADA, SON KATILIM TAR\u0130H\u0130N\u0130N 18 A\u011eUSTOS. AYRICA; DERECEYE G\u0130REN FOTO\u011eRAFLAR BEYMEN CLUB\u2019LARDAK\u0130 EKRANLARDA VE BEYMEN CLUB SOSYAL MEDYA HESAPLARINDA SERG\u0130LENECEK.<\/p>\n","protected":false},"author":1,"featured_media":181151,"comment_status":"closed","ping_status":"open","sticky":false,"template":"","format":"standard","meta":{"jetpack_post_was_ever_published":false,"_jetpack_newsletter_access":"","_jetpack_dont_email_post_to_subs":false,"_jetpack_newsletter_tier_id":0,"_jetpack_memberships_contains_paywalled_content":false,"_jetpack_memberships_contains_paid_content":false,"footnotes":"","jetpack_publicize_message":"","jetpack_publicize_feature_enabled":true,"jetpack_social_post_already_shared":true,"jetpack_social_options":{"image_generator_settings":{"template":"highway","default_image_id":0,"font":"","enabled":false},"version":2}},"categories":[656],"tags":[55,23450,26042,5874,1650],"class_list":["post-181150","post","type-post","status-publish","format-standard","has-post-thumbnail","hentry","category-kultur-sanat","tag-basladi","tag-beymen","tag-club","tag-fotograf","tag-yarismasi"],"jetpack_publicize_connections":[],"jetpack_featured_media_url":"https:\/\/i0.wp.com\/www.tvturk.com\/wp-content\/uploads\/2019\/07\/beymen-club-fotograf-yarismasi-basladi_3930a7b.jpg?fit=799%2C1000","jetpack_sharing_enabled":true,"jetpack_shortlink":"https:\/\/wp.me\/paKIfm-L7M","_links":{"self":[{"href":"http:\/\/www.tvturk.com\/index.php\/wp-json\/wp\/v2\/posts\/181150","targetHints":{"allow":["GET"]}}],"collection":[{"href":"http:\/\/www.tvturk.com\/index.php\/wp-json\/wp\/v2\/posts"}],"about":[{"href":"http:\/\/www.tvturk.com\/index.php\/wp-json\/wp\/v2\/types\/post"}],"author":[{"embeddable":true,"href":"http:\/\/www.tvturk.com\/index.php\/wp-json\/wp\/v2\/users\/1"}],"replies":[{"embeddable":true,"href":"http:\/\/www.tvturk.com\/index.php\/wp-json\/wp\/v2\/comments?post=181150"}],"version-history":[{"count":0,"href":"http:\/\/www.tvturk.com\/index.php\/wp-json\/wp\/v2\/posts\/181150\/revisions"}],"wp:featuredmedia":[{"embeddable":true,"href":"http:\/\/www.tvturk.com\/index.php\/wp-json\/wp\/v2\/media\/181151"}],"wp:attachment":[{"href":"http:\/\/www.tvturk.com\/index.php\/wp-json\/wp\/v2\/media?parent=181150"}],"wp:term":[{"taxonomy":"category","embeddable":true,"href":"http:\/\/www.tvturk.com\/index.php\/wp-json\/wp\/v2\/categories?post=181150"},{"taxonomy":"post_tag","embeddable":true,"href":"http:\/\/www.tvturk.com\/index.php\/wp-json\/wp\/v2\/tags?post=181150"}],"curies":[{"name":"wp","href":"https:\/\/api.w.org\/{rel}","templated":true}]}}