{"id":181164,"date":"2019-07-12T13:01:47","date_gmt":"2019-07-12T10:01:47","guid":{"rendered":"http:\/\/www.tvturk.com\/index.php\/kultur-ve-turizm-bakani-ersoy-15-temmuza-ozel-uretilen-muze-karti-tanitti\/"},"modified":"2019-07-12T13:01:47","modified_gmt":"2019-07-12T10:01:47","slug":"kultur-ve-turizm-bakani-ersoy-15-temmuza-ozel-uretilen-muze-karti-tanitti","status":"publish","type":"post","link":"http:\/\/www.tvturk.com\/index.php\/kultur-ve-turizm-bakani-ersoy-15-temmuza-ozel-uretilen-muze-karti-tanitti\/","title":{"rendered":"K\u00fclt\u00fcr ve Turizm Bakan\u0131 Ersoy, 15 Temmuz\u2019a \u00f6zel \u00fcretilen m\u00fcze kart\u0131 tan\u0131tt\u0131"},"content":{"rendered":"<p>K\u00fclt\u00fcr ve Turizm Bakan\u0131 Mehmet Nuri Ersoy, 15 Temmuz\u2019un \u00fc\u00e7\u00fcnc\u00fc y\u0131l d\u00f6n\u00fcm\u00fcne \u00f6zel olarak \u00fcretilen m\u00fcze kart\u0131 tan\u0131tt\u0131. Ersoy, m\u00fcze kart fiyatlar\u0131n\u0131 sabitlediklerini a\u00e7\u0131klad\u0131.<\/p>\n<p>K\u00fclt\u00fcr ve Turizm Bakan\u0131 Mehmet Nuri Ersoy, 15 Temmuz Demokrasi ve Milli Birlik G\u00fcn\u00fc\u2019ne \u00f6zel \u00fcretilen m\u00fcze kart\u0131 tan\u0131tt\u0131. Topkap\u0131 Saray\u0131 M\u00fczesi\u2019nde ger\u00e7ekle\u015ftirilen tan\u0131t\u0131m toplant\u0131s\u0131nda bas\u0131n mensuplar\u0131 ile bir araya gelen Ersoy, \u201c15 Temmuz\u2019un \u00fc\u00e7\u00fcnc\u00fc y\u0131l\u0131nda, K\u00fclt\u00fcr ve Turizm Bakanl\u0131\u011f\u0131 olarak bir\u00e7ok proje ve etkinli\u011fin yan\u0131nda M\u00fcze kartlar\u0131m\u0131z\u0131 da bir sayg\u0131 duru\u015fu niteli\u011finde, \u00f6zel olarak tasarlad\u0131k. \u00dczerinde 15 Temmuz \u015eehitler Abidesi\u2019nin foto\u011fraf\u0131n\u0131 bulunduran bu kart\u0131, darbe giri\u015fimini, hainler i\u00e7in bir h\u00fcsran ve hezimete d\u00f6n\u00fc\u015ft\u00fcren aziz milletimize, bu u\u011furda canlar\u0131n\u0131 veren \u015fehitlerimize, Gazilik payesini alan k\u0131ymetli vatanda\u015flar\u0131m\u0131za, ithaf ediyoruz. M\u00fcze kart\u0131m\u0131z, milletimizin cesaretinin bu kutlu sembol\u00fcn\u00fc ta\u015f\u0131makla, milli haf\u0131zam\u0131z\u0131 canl\u0131 tutacak bir anlam ve de\u011fer kazanm\u0131\u015ft\u0131r\u201d dedi.<\/p>\n<p>\u201cM\u00fcze kart \u00fccretlerinin fiyatlar\u0131n\u0131 sabitledik\u201d<\/p>\n<p>M\u00fcze kart fiyatlar\u0131n\u0131 sabitlediklerini ve bundan sonra  art\u0131rmay\u0131 d\u00fc\u015f\u00fcnmediklerini belirten Ersoy, \u201cM\u00fcze kart uygulamam\u0131z 2008 y\u0131l\u0131nda ba\u015flad\u0131. Bug\u00fcne kadar 12 milyon ki\u015fi m\u00fcze kart kullanarak m\u00fczelerimizi ziyaret ettiler. D\u00fcnya standartlar\u0131nda m\u00fczecilik anlay\u0131\u015f\u0131n\u0131 \u00fclkemize kazand\u0131rmak i\u00e7in son d\u00f6nemde \u00e7ok \u00f6nemli ad\u0131mlar att\u0131k. 52 yeni m\u00fcze a\u00e7t\u0131k. 25 yeni m\u00fczemizin ise uygulama ve proje \u00e7al\u0131\u015fmalar\u0131n\u0131 s\u00fcrd\u00fcr\u00fcyoruz. 152 m\u00fczemizi \u00e7a\u011fda\u015f m\u00fczecilik standartlar\u0131na g\u00f6re yeniledik.1 y\u0131l \u00f6nce ge\u00e7en seneden itibaren bir uygulamaya ge\u00e7tik. M\u00fcze kart \u00fccretlerinin fiyatlar\u0131n\u0131 sabitledik. Bundan sonrada m\u00fcze kart fiyatlar\u0131n\u0131 art\u0131rmay\u0131 d\u00fc\u015f\u00fcnm\u00fcyoruz. Hem m\u00fcze kart fiyat art\u0131\u015flar\u0131n\u0131 etkilemiyor hem de al\u0131nd\u0131\u011f\u0131 tarihten itibaren bir y\u0131l boyunca bakanl\u0131\u011f\u0131m\u0131za ba\u011fl\u0131 m\u00fcze ve \u00f6ren yerlerinde s\u0131n\u0131rs\u0131z ve \u00fccretsiz giri\u015f hakk\u0131 sa\u011fl\u0131yor\u201d \u015feklinde konu\u015ftu.<\/p>\n<p>M\u00fcze kart fiyat sabitlemesi ile hem yerli ziyaret\u00e7iyi korumak hem de Avrupa fiyatlar\u0131na yakla\u015ft\u0131rmay\u0131 ama\u00e7lad\u0131klar\u0131n\u0131 ifade eden Ersoy, \u201cBiz yapt\u0131\u011f\u0131m\u0131z ara\u015ft\u0131rmalarda elde etti\u011fimiz istatistiklerde m\u00fcze gelirlerimizin y\u00fczde 85\u2019inin yabanc\u0131 ziyaret\u00e7ilerden elde etti\u011fimizi g\u00f6rd\u00fck. Y\u00fczde 15\u2019ini ise yerli ziyaret\u00e7ilerden elde ediyoruz. Maalesef m\u00fcze fiyatlar\u0131m\u0131z Avrupa ortalamas\u0131n\u0131n \u00e7ok alt\u0131nda biz hem m\u00fcze giri\u015f \u00fccretlerimizi revize edip Avrupa fiyatlar\u0131na yakla\u015ft\u0131rmal\u0131y\u0131z bunu yaparken de \u00e7ok \u00f6nemli bu konu yerli ziyaret\u00e7iyi koruyacak bir sistem geli\u015ftirmemiz gerekiyordu. Bunu da en g\u00fczel \u015fekilde m\u00fcze kart ile uygulamaya ba\u015flad\u0131k. Son 1 y\u0131ld\u0131r ve bundan sonra devam eden y\u0131llarda da m\u00fcze kart\u0131n \u00fccretini sabitleyerek hem yerli ziyaret\u00e7iyi fiyat art\u0131\u015flar\u0131ndan korumu\u015f olduk hem de onlar\u0131n 1 y\u0131l boyunca s\u0131n\u0131rs\u0131z \u015fekilde m\u00fczeleri ziyaret etmesini sa\u011flayan bu kartla m\u00fcze k\u00fclt\u00fcr\u00fcn\u00fcn de artmas\u0131n\u0131 sa\u011flayaca\u011f\u0131z. Maalesef biliyorsunuz \u00fclkemizde AVM k\u00fclt\u00fcr\u00fc var halk\u0131m\u0131z\u0131n bu kavramdan s\u0131yr\u0131lmas\u0131n\u0131 istiyoruz bu a\u00e7\u0131dan m\u00fcze kart\u0131n faydal\u0131 olabilece\u011fini d\u00fc\u015f\u00fcn\u00fcyoruz\u201d diye konu\u015ftu.<\/p>\n<p>Son 1 y\u0131lda 31 milyon ki\u015fi ziyaret etti<\/p>\n<p>Ziyaret\u00e7i say\u0131lar\u0131 ile ilgili rakamlar\u0131 aktaran Ersoy, \u201cBakanl\u0131\u011f\u0131m\u0131za ba\u011fl\u0131 300\u2019\u00fc a\u015fk\u0131n m\u00fcze ve \u00f6ren yerinde, 1 Temmuz 2018 &#8211; 1 Temmuz 2019 d\u00f6neminde yakla\u015f\u0131k 31 milyon ziyaret\u00e7i a\u011f\u0131rland\u0131. Bu bir rekordur. Ziyaret\u00e7i say\u0131s\u0131 y\u00fczde 28 artarken, en \u00e7ok ziyaret\u00e7i a\u011f\u0131rlayan ilk 10 m\u00fcze ve \u00f6renyerinde bu art\u0131\u015f oran\u0131 y\u00fczde 34 oldu.  Gelirde de y\u00fczde 89\u2019luk art\u0131\u015f sa\u011fland\u0131. Son bir rakam daha payla\u015fay\u0131m. 6 Haziran Per\u015fembe g\u00fcn\u00fc, 188 bin 231 ziyaret\u00e7i say\u0131s\u0131 ile bug\u00fcne de\u011fin, bir g\u00fcnde m\u00fcze ve \u00f6ren yerlerinde a\u011f\u0131rlanan, en y\u00fcksek ziyaret\u00e7i say\u0131s\u0131 rekoru k\u0131r\u0131ld\u0131\u201d ifadelerini kulland\u0131.<\/p>\n","protected":false},"excerpt":{"rendered":"<p>K\u00dcLT\u00dcR VE TUR\u0130ZM BAKANI MEHMET NUR\u0130 ERSOY, 15 TEMMUZ\u2019UN \u00dc\u00c7\u00dcNC\u00dc YIL D\u00d6N\u00dcM\u00dcNE \u00d6ZEL OLARAK \u00dcRET\u0130LEN M\u00dcZE KARTI TANITTI. ERSOY, M\u00dcZE KART F\u0130YATLARINI SAB\u0130TLED\u0130KLER\u0130N\u0130 A\u00c7IKLADI.<\/p>\n","protected":false},"author":1,"featured_media":181165,"comment_status":"closed","ping_status":"open","sticky":false,"template":"","format":"standard","meta":{"jetpack_post_was_ever_published":false,"_jetpack_newsletter_access":"","_jetpack_dont_email_post_to_subs":false,"_jetpack_newsletter_tier_id":0,"_jetpack_memberships_contains_paywalled_content":false,"_jetpack_memberships_contains_paid_content":false,"footnotes":"","jetpack_publicize_message":"","jetpack_publicize_feature_enabled":true,"jetpack_social_post_already_shared":true,"jetpack_social_options":{"image_generator_settings":{"template":"highway","default_image_id":0,"font":"","enabled":false},"version":2}},"categories":[1],"tags":[1073,933,2868,19586,630,10594,2566,30685,2184,11896],"class_list":["post-181164","post","type-post","status-publish","format-standard","has-post-thumbnail","hentry","category-genel","tag-ozel","tag-bakani","tag-ersoy","tag-karti","tag-kultur","tag-muze","tag-tanitti","tag-temmuza","tag-turizm","tag-uretilen"],"jetpack_publicize_connections":[],"jetpack_featured_media_url":"https:\/\/i0.wp.com\/www.tvturk.com\/wp-content\/uploads\/2019\/07\/kultur-ve-turizm-bakani-ersoy-15-temmuza-ozel-uretilen-muze-karti-tanitti_dcbf8c6.jpg?fit=1000%2C750","jetpack_sharing_enabled":true,"jetpack_shortlink":"https:\/\/wp.me\/paKIfm-L80","_links":{"self":[{"href":"http:\/\/www.tvturk.com\/index.php\/wp-json\/wp\/v2\/posts\/181164","targetHints":{"allow":["GET"]}}],"collection":[{"href":"http:\/\/www.tvturk.com\/index.php\/wp-json\/wp\/v2\/posts"}],"about":[{"href":"http:\/\/www.tvturk.com\/index.php\/wp-json\/wp\/v2\/types\/post"}],"author":[{"embeddable":true,"href":"http:\/\/www.tvturk.com\/index.php\/wp-json\/wp\/v2\/users\/1"}],"replies":[{"embeddable":true,"href":"http:\/\/www.tvturk.com\/index.php\/wp-json\/wp\/v2\/comments?post=181164"}],"version-history":[{"count":0,"href":"http:\/\/www.tvturk.com\/index.php\/wp-json\/wp\/v2\/posts\/181164\/revisions"}],"wp:featuredmedia":[{"embeddable":true,"href":"http:\/\/www.tvturk.com\/index.php\/wp-json\/wp\/v2\/media\/181165"}],"wp:attachment":[{"href":"http:\/\/www.tvturk.com\/index.php\/wp-json\/wp\/v2\/media?parent=181164"}],"wp:term":[{"taxonomy":"category","embeddable":true,"href":"http:\/\/www.tvturk.com\/index.php\/wp-json\/wp\/v2\/categories?post=181164"},{"taxonomy":"post_tag","embeddable":true,"href":"http:\/\/www.tvturk.com\/index.php\/wp-json\/wp\/v2\/tags?post=181164"}],"curies":[{"name":"wp","href":"https:\/\/api.w.org\/{rel}","templated":true}]}}