{"id":181178,"date":"2019-07-12T13:16:35","date_gmt":"2019-07-12T10:16:35","guid":{"rendered":"http:\/\/www.tvturk.com\/index.php\/engelliler-ile-gaziler-15-temmuz-sehitleri-anisina-su-alti-dalisi-yapti\/"},"modified":"2019-07-12T13:16:35","modified_gmt":"2019-07-12T10:16:35","slug":"engelliler-ile-gaziler-15-temmuz-sehitleri-anisina-su-alti-dalisi-yapti","status":"publish","type":"post","link":"http:\/\/www.tvturk.com\/index.php\/engelliler-ile-gaziler-15-temmuz-sehitleri-anisina-su-alti-dalisi-yapti\/","title":{"rendered":"Engelliler ile gaziler, 15 Temmuz \u015fehitleri an\u0131s\u0131na su alt\u0131 dal\u0131\u015f\u0131 yapt\u0131"},"content":{"rendered":"<p>15 Temmuz \u015fehitleri, hain darbe giri\u015fiminin 3. y\u0131l\u0131nda Ba\u011fc\u0131lar Belediyesi taraf\u0131ndan \u00dcsk\u00fcdar\u2019da d\u00fczenlenen &#8220;15 Temmuz Milli \u0130rade Dal\u0131\u015f\u0131&#8221; program\u0131yla an\u0131ld\u0131. K\u0131y\u0131 Emniyeti Genel M\u00fcd\u00fcrl\u00fc\u011f\u00fc dalg\u0131\u00e7lar\u0131n\u0131n da kat\u0131ld\u0131\u011f\u0131 etkinlikte Ba\u011fc\u0131lar Belediyesi Su Alt\u0131 ve Su \u00dcst\u00fc Kul\u00fcb\u00fc \u00f6\u011frencileri ile 15 Temmuz gazileri, \u0130stanbul Bo\u011faz\u0131\u2019na t\u00fcpl\u00fc dal\u0131\u015f yapt\u0131.<\/p>\n<p>Ba\u011fc\u0131lar Belediyesi ve K\u0131y\u0131 Emniyet Genel M\u00fcd\u00fcrl\u00fc\u011f\u00fc i\u015fbirli\u011fiyle 15 Temmuz hain darbe giri\u015fiminin 3. Y\u0131l d\u00f6n\u00fcm\u00fcnde &#8220;15 Temmuz Milli \u0130rade Dal\u0131\u015f\u0131&#8221; ger\u00e7ekle\u015ftirildi. Bu ama\u00e7la Ba\u011fc\u0131lar Belediyesi Feyzullah K\u0131y\u0131kl\u0131k Engelliler Saray\u0131\u2019nda e\u011fitim alan i\u015fitme, s\u00fcre\u011fen, g\u00f6rme, fiziksel ve zihinsel engelli kursiyerler ile 15 Temmuz gazileri, K\u0131y\u0131 Emniyeti Genel M\u00fcd\u00fcrl\u00fc\u011f\u00fc\u2019nde bir araya geldi. 15 Temmuz gecesi Bas\u0131n Ekspres yolunda durdurmak istedi\u011fi tank\u0131n \u00fczerinden d\u00fc\u015ferek yaralanan Bekir Y\u0131ld\u0131z ile 15 Temmuz \u015eehitler K\u00f6pr\u00fcs\u00fc\u2019nde yerden seken kur\u015funla yaralanan Hamit Hakan Y\u0131lmazt\u00fcrk, yo\u011fun bir ilgiyle kar\u015f\u0131land\u0131.<\/p>\n<p>Su alt\u0131ndan \u00e7\u0131k\u0131\u015fta T\u00fcrk bayra\u011f\u0131 a\u00e7t\u0131lar<\/p>\n<p>Ba\u011fc\u0131lar Belediyesi Su Alt\u0131 ve Su \u00dcst\u00fc Kul\u00fcb\u00fc \u00f6\u011frencileri ve 15 Temmuz gazisi Y\u0131ld\u0131z ile Y\u0131lmazt\u00fcrk dalg\u0131\u00e7 k\u0131yafetlerini giyerek kurba\u011fa adamlarla birlikte sualt\u0131na t\u00fcpl\u00fc dal\u0131\u015f yapt\u0131. \u0130stanbul Bo\u011faz\u0131\u2019n\u0131n derin sular\u0131nda bir s\u00fcre kalan engelliler ve gaziler su alt\u0131ndan \u00e7\u0131k\u0131\u015fta 15 Temmuz \u015fehitlerinin hat\u0131ras\u0131n\u0131 ya\u015fatmak i\u00e7in T\u00fcrk Bayra\u011f\u0131 a\u00e7t\u0131.<\/p>\n<p>Ba\u011fc\u0131lar Belediye Ba\u015fkan\u0131 Lokman \u00c7a\u011f\u0131r\u0131c\u0131, g\u00fcn\u00fcn anlam ve \u00f6nemine dair yapt\u0131\u011f\u0131 konu\u015fmada, &#8220;15 Temmuz Milli \u0130rade Bayram\u0131 dolay\u0131s\u0131yla bug\u00fcn sualt\u0131 dal\u0131\u015f\u0131 ger\u00e7ekle\u015ftiriyoruz. Ba\u011fc\u0131lar Belediyesi olarak daha \u00f6nce defalarca bu program\u0131 tekrarlam\u0131\u015ft\u0131k. Her biri ayr\u0131 bir anlam ifade ediyor. Bug\u00fcn de Ba\u011fc\u0131lar Belediyesi dal\u0131\u015f tak\u0131m\u0131 ile beraber 2 15 Temmuz gazimiz ve profesyonel dalg\u0131\u00e7lar\u0131m\u0131z ile engelli karde\u015flerimiz bayrak a\u015facaklar. 15 Temmuz bu \u00fclkenin gelece\u011fine ipotek koymak isteyenler d\u0131\u015f g\u00fc\u00e7lerle birlikte yapm\u0131\u015f olduklar\u0131 bu \u00fclkenin tank\u0131yla, u\u00e7a\u011f\u0131 ile beraber sald\u0131r\u0131s\u0131na kar\u015f\u0131 milletin asil duru\u015funu g\u00f6steren bir g\u00fcnd\u00fcr. Bug\u00fcn\u00fc unutturmamak ve gelecek nesillere aktarmak ad\u0131na yapm\u0131\u015f oldu\u011fumuz etkinlikte \u0130n\u015fallah gelecek nesiller bir daha bug\u00fcnleri ya\u015famayacak\u201d dedi.<\/p>\n<p>15 Temmuz Gazisi Hakan Temizt\u00fcrk, \u201c3 y\u0131l ge\u00e7ti bizim i\u00e7in halen ilk g\u00fcnk\u00fc gibidir. K\u0131yamete kadar bu topraklarda diri olmas\u0131 laz\u0131m sonu\u00e7ta biz bu topraklarda oldu\u011fumuz s\u00fcrece \u00fclkemiz \u00fczerinde emelleri olanlar ne \u015fekilde gelirlerse gelsinler bu topraklarda onlara kar\u015f\u0131 bekleyecek olan insanlar her zaman olacakt\u0131r. Dal\u0131\u015f bizim i\u00e7in \u00e7ok farkl\u0131 bir deneyim oldu. Eme\u011fi ge\u00e7enlerden Allah raz\u0131 olsun\u201d dedi.<\/p>\n<p>Dal\u0131\u015f yapan Engelli Tar\u0131k Kuru, &#8220;\u00c7ok gurur vericiydi. Bu dal\u0131\u015f\u0131n anlam ve \u00f6nemi \u00e7ok \u00e7ok farkl\u0131 \u0130n\u015fallah bu bayra\u011f\u0131 15 Temmuz\u2019da oldu\u011fu gibi kasteden \u00e7\u0131kmaz. \u00dclke bir 15 Temmuz daha ya\u015famaz\u201d ifadelerini kulland\u0131.<\/p>\n","protected":false},"excerpt":{"rendered":"<p>15 TEMMUZ \u015eEH\u0130TLER\u0130, HA\u0130N DARBE G\u0130R\u0130\u015e\u0130M\u0130N\u0130N 3. YILINDA BA\u011eCILAR BELED\u0130YES\u0130 TARAFINDAN \u00dcSK\u00dcDAR&#8217;DA D\u00dcZENLENEN &#8220;15 TEMMUZ M\u0130LL\u0130 \u0130RADE DALI\u015eI&#8221; PROGRAMIYLA ANILDI. KIYI EMN\u0130YET\u0130 GENEL M\u00dcD\u00dcRL\u00dc\u011e\u00dc DALGI\u00c7LARININ DA KATILDI\u011eI ETK\u0130NL\u0130KTE BA\u011eCILAR BELED\u0130YES\u0130 SU ALTI VE SU \u00dcST\u00dc KUL\u00dcB\u00dc \u00d6\u011eRENC\u0130LER\u0130 \u0130LE 15 TEMMUZ GAZ\u0130LER\u0130, \u0130STANBUL BO\u011eAZI&#8217;NA T\u00dcPL\u00dc DALI\u015e YAPTI.<\/p>\n","protected":false},"author":1,"featured_media":181179,"comment_status":"closed","ping_status":"open","sticky":false,"template":"","format":"standard","meta":{"jetpack_post_was_ever_published":false,"_jetpack_newsletter_access":"","_jetpack_dont_email_post_to_subs":false,"_jetpack_newsletter_tier_id":0,"_jetpack_memberships_contains_paywalled_content":false,"_jetpack_memberships_contains_paid_content":false,"footnotes":"","jetpack_publicize_message":"","jetpack_publicize_feature_enabled":true,"jetpack_social_post_already_shared":true,"jetpack_social_options":{"image_generator_settings":{"template":"highway","default_image_id":0,"font":"","enabled":false},"version":2}},"categories":[1],"tags":[1567,9559,31985,4760,12914,192,9758,1148,292],"class_list":["post-181178","post","type-post","status-publish","format-standard","has-post-thumbnail","hentry","category-genel","tag-alti","tag-anisina","tag-dalisi","tag-engelliler","tag-gaziler","tag-ile","tag-sehitleri","tag-temmuz","tag-yapti"],"jetpack_publicize_connections":[],"jetpack_featured_media_url":"https:\/\/i0.wp.com\/www.tvturk.com\/wp-content\/uploads\/2019\/07\/engelliler-ile-gaziler-15-temmuz-sehitleri-anisina-su-alti-dalisi-yapti_55a373a.jpg?fit=1000%2C750","jetpack_sharing_enabled":true,"jetpack_shortlink":"https:\/\/wp.me\/paKIfm-L8e","_links":{"self":[{"href":"http:\/\/www.tvturk.com\/index.php\/wp-json\/wp\/v2\/posts\/181178","targetHints":{"allow":["GET"]}}],"collection":[{"href":"http:\/\/www.tvturk.com\/index.php\/wp-json\/wp\/v2\/posts"}],"about":[{"href":"http:\/\/www.tvturk.com\/index.php\/wp-json\/wp\/v2\/types\/post"}],"author":[{"embeddable":true,"href":"http:\/\/www.tvturk.com\/index.php\/wp-json\/wp\/v2\/users\/1"}],"replies":[{"embeddable":true,"href":"http:\/\/www.tvturk.com\/index.php\/wp-json\/wp\/v2\/comments?post=181178"}],"version-history":[{"count":0,"href":"http:\/\/www.tvturk.com\/index.php\/wp-json\/wp\/v2\/posts\/181178\/revisions"}],"wp:featuredmedia":[{"embeddable":true,"href":"http:\/\/www.tvturk.com\/index.php\/wp-json\/wp\/v2\/media\/181179"}],"wp:attachment":[{"href":"http:\/\/www.tvturk.com\/index.php\/wp-json\/wp\/v2\/media?parent=181178"}],"wp:term":[{"taxonomy":"category","embeddable":true,"href":"http:\/\/www.tvturk.com\/index.php\/wp-json\/wp\/v2\/categories?post=181178"},{"taxonomy":"post_tag","embeddable":true,"href":"http:\/\/www.tvturk.com\/index.php\/wp-json\/wp\/v2\/tags?post=181178"}],"curies":[{"name":"wp","href":"https:\/\/api.w.org\/{rel}","templated":true}]}}