{"id":181194,"date":"2019-07-12T13:47:00","date_gmt":"2019-07-12T10:47:00","guid":{"rendered":"http:\/\/www.tvturk.com\/index.php\/fernando-boldrin-kampa-katildi\/"},"modified":"2019-07-12T13:47:00","modified_gmt":"2019-07-12T10:47:00","slug":"fernando-boldrin-kampa-katildi","status":"publish","type":"post","link":"http:\/\/www.tvturk.com\/index.php\/fernando-boldrin-kampa-katildi\/","title":{"rendered":"Fernando Boldrin kampa kat\u0131ld\u0131"},"content":{"rendered":"<p>\u0130stikbal Mobilya Kayserispor\u2019un  Brezilyal\u0131 futbolcusu Fernando Boldrin, kamp \u00e7al\u0131\u015fmalar\u0131na kat\u0131lmak \u00fczere Kayseri\u2019ye geldi.<\/p>\n<p>\u0130M Kayserispor, yeni sezon \u00f6ncesi hem idmanlar\u0131na hem de transfer \u00e7al\u0131\u015fmalar\u0131na devam ediyor. Ge\u00e7en sezon \u00c7aykur Rizespor\u2019a kiral\u0131k olarak g\u00f6nderilen Boldrin, Kayseri\u2019ye gelerek kampa kat\u0131ld\u0131. Rizespor\u2019da ge\u00e7en sezon 30 ma\u00e7ta g\u00f6rev al\u0131p 4 gol, 8 asistlik performans sergileyen Boldrin, Teknik Direkt\u00f6r Hikmet Karaman\u2019\u0131n raporu do\u011frultusunda tak\u0131mda kalacak.<\/p>\n<p>Sar\u0131-k\u0131rm\u0131z\u0131l\u0131larla birlikte \u00e7al\u0131\u015fmalara ba\u015flayan ba\u015far\u0131l\u0131 futbolcunun olduk\u00e7a keyifli ve mutlu oldu\u011fu g\u00f6zlendi. Brezilyal\u0131 oyuncunun Kayserispor ile 31 May\u0131s 2020 y\u0131l\u0131na kadar s\u00f6zle\u015fmesi bulunuyor.<\/p>\n","protected":false},"excerpt":{"rendered":"<p>\u0130ST\u0130KBAL MOB\u0130LYA KAYSER\u0130SPOR\u2019UN  BREZ\u0130LYALI FUTBOLCUSU FERNANDO BOLDR\u0130N KAYSER\u0130\u2019YE GELD\u0130.<\/p>\n","protected":false},"author":1,"featured_media":181195,"comment_status":"closed","ping_status":"open","sticky":false,"template":"","format":"standard","meta":{"jetpack_post_was_ever_published":false,"_jetpack_newsletter_access":"","_jetpack_dont_email_post_to_subs":false,"_jetpack_newsletter_tier_id":0,"_jetpack_memberships_contains_paywalled_content":false,"_jetpack_memberships_contains_paid_content":false,"footnotes":"","jetpack_publicize_message":"","jetpack_publicize_feature_enabled":true,"jetpack_social_post_already_shared":true,"jetpack_social_options":{"image_generator_settings":{"template":"highway","default_image_id":0,"font":"","enabled":false},"version":2}},"categories":[657],"tags":[16365,11869,4616,1757],"class_list":["post-181194","post","type-post","status-publish","format-standard","has-post-thumbnail","hentry","category-spor","tag-boldrin","tag-fernando","tag-kampa","tag-katildi"],"jetpack_publicize_connections":[],"jetpack_featured_media_url":"https:\/\/i0.wp.com\/www.tvturk.com\/wp-content\/uploads\/2019\/07\/fernando-boldrin-kampa-katildi_f41544a.jpg?fit=1000%2C760","jetpack_sharing_enabled":true,"jetpack_shortlink":"https:\/\/wp.me\/paKIfm-L8u","_links":{"self":[{"href":"http:\/\/www.tvturk.com\/index.php\/wp-json\/wp\/v2\/posts\/181194","targetHints":{"allow":["GET"]}}],"collection":[{"href":"http:\/\/www.tvturk.com\/index.php\/wp-json\/wp\/v2\/posts"}],"about":[{"href":"http:\/\/www.tvturk.com\/index.php\/wp-json\/wp\/v2\/types\/post"}],"author":[{"embeddable":true,"href":"http:\/\/www.tvturk.com\/index.php\/wp-json\/wp\/v2\/users\/1"}],"replies":[{"embeddable":true,"href":"http:\/\/www.tvturk.com\/index.php\/wp-json\/wp\/v2\/comments?post=181194"}],"version-history":[{"count":0,"href":"http:\/\/www.tvturk.com\/index.php\/wp-json\/wp\/v2\/posts\/181194\/revisions"}],"wp:featuredmedia":[{"embeddable":true,"href":"http:\/\/www.tvturk.com\/index.php\/wp-json\/wp\/v2\/media\/181195"}],"wp:attachment":[{"href":"http:\/\/www.tvturk.com\/index.php\/wp-json\/wp\/v2\/media?parent=181194"}],"wp:term":[{"taxonomy":"category","embeddable":true,"href":"http:\/\/www.tvturk.com\/index.php\/wp-json\/wp\/v2\/categories?post=181194"},{"taxonomy":"post_tag","embeddable":true,"href":"http:\/\/www.tvturk.com\/index.php\/wp-json\/wp\/v2\/tags?post=181194"}],"curies":[{"name":"wp","href":"https:\/\/api.w.org\/{rel}","templated":true}]}}