{"id":181208,"date":"2019-07-12T14:16:27","date_gmt":"2019-07-12T11:16:27","guid":{"rendered":"http:\/\/www.tvturk.com\/index.php\/erzincanlilar-cuma-namazini-meydanda-kildi\/"},"modified":"2019-07-12T14:16:27","modified_gmt":"2019-07-12T11:16:27","slug":"erzincanlilar-cuma-namazini-meydanda-kildi","status":"publish","type":"post","link":"http:\/\/www.tvturk.com\/index.php\/erzincanlilar-cuma-namazini-meydanda-kildi\/","title":{"rendered":"Erzincanl\u0131lar cuma namaz\u0131n\u0131 meydanda k\u0131ld\u0131"},"content":{"rendered":"<p>Erzincan\u2019da 15 Temmuz Demokrasi ve Milli Birlik G\u00fcn\u00fc etkinlikleri kapsam\u0131nda cuma namaz\u0131 Cumhuriyet Meydan\u0131nda k\u0131l\u0131nd\u0131.<\/p>\n<p>15 Temmuz Demokrasi ve Milli Birlik G\u00fcn\u00fc etkinlikleri Erzincan\u2019da meydanda k\u0131l\u0131nan cuma namaz\u0131yla ba\u015flad\u0131. Erzincan M\u00fcft\u00fcs\u00fc Mehmet Emin \u00c7etin\u2019in k\u0131ld\u0131rd\u0131\u011f\u0131 cuma namaz\u0131nda 3 y\u0131l \u00f6nce ya\u015fanan darbe giri\u015fimi ve benzer musibet olaylar\u0131n bir daha ya\u015fanmamas\u0131 i\u00e7in dualar edildi.<\/p>\n<p>\u00c7ok say\u0131da cemaatin kat\u0131ld\u0131\u011f\u0131 cuma namaz\u0131nda Vali Ali Arslanta\u015f, Milletvekili S\u00fcleyman Karaman, Belediye Ba\u015fkan\u0131 Bekir Aksun, kentin siyasi ve b\u00fcrokrasi protokol mensuplar\u0131 da saf tuttu.<\/p>\n<p>\u00d6te yandan, Erzincan\u2019da bug\u00fcn ba\u015flayan 15 Temmuz Demokrasi ve Milli Birlik G\u00fcn\u00fc etkinlikleri Pazar g\u00fcn\u00fcne kadar devam edecek.<\/p>\n","protected":false},"excerpt":{"rendered":"<p>ERZ\u0130NCAN\u2019DA 15 TEMMUZ DEMOKRAS\u0130 VE M\u0130LL\u0130 B\u0130RL\u0130K G\u00dcN\u00dc ETK\u0130NL\u0130KLER\u0130 KAPSAMINDA CUMA NAMAZI CUMHUR\u0130YET MEYDANINDA KILINDI<\/p>\n","protected":false},"author":1,"featured_media":181209,"comment_status":"closed","ping_status":"open","sticky":false,"template":"","format":"standard","meta":{"jetpack_post_was_ever_published":false,"_jetpack_newsletter_access":"","_jetpack_dont_email_post_to_subs":false,"_jetpack_newsletter_tier_id":0,"_jetpack_memberships_contains_paywalled_content":false,"_jetpack_memberships_contains_paid_content":false,"footnotes":"","jetpack_publicize_message":"","jetpack_publicize_feature_enabled":true,"jetpack_social_post_already_shared":true,"jetpack_social_options":{"image_generator_settings":{"template":"highway","default_image_id":0,"font":"","enabled":false},"version":2}},"categories":[1],"tags":[6705,44650,6709,10770,6706],"class_list":["post-181208","post","type-post","status-publish","format-standard","has-post-thumbnail","hentry","category-genel","tag-cuma","tag-erzincanlilar","tag-kildi","tag-meydanda","tag-namazini"],"jetpack_publicize_connections":[],"jetpack_featured_media_url":"https:\/\/i0.wp.com\/www.tvturk.com\/wp-content\/uploads\/2019\/07\/erzincanlilar-cuma-namazini-meydanda-kildi_2afb467.jpg?fit=1000%2C666","jetpack_sharing_enabled":true,"jetpack_shortlink":"https:\/\/wp.me\/paKIfm-L8I","_links":{"self":[{"href":"http:\/\/www.tvturk.com\/index.php\/wp-json\/wp\/v2\/posts\/181208","targetHints":{"allow":["GET"]}}],"collection":[{"href":"http:\/\/www.tvturk.com\/index.php\/wp-json\/wp\/v2\/posts"}],"about":[{"href":"http:\/\/www.tvturk.com\/index.php\/wp-json\/wp\/v2\/types\/post"}],"author":[{"embeddable":true,"href":"http:\/\/www.tvturk.com\/index.php\/wp-json\/wp\/v2\/users\/1"}],"replies":[{"embeddable":true,"href":"http:\/\/www.tvturk.com\/index.php\/wp-json\/wp\/v2\/comments?post=181208"}],"version-history":[{"count":0,"href":"http:\/\/www.tvturk.com\/index.php\/wp-json\/wp\/v2\/posts\/181208\/revisions"}],"wp:featuredmedia":[{"embeddable":true,"href":"http:\/\/www.tvturk.com\/index.php\/wp-json\/wp\/v2\/media\/181209"}],"wp:attachment":[{"href":"http:\/\/www.tvturk.com\/index.php\/wp-json\/wp\/v2\/media?parent=181208"}],"wp:term":[{"taxonomy":"category","embeddable":true,"href":"http:\/\/www.tvturk.com\/index.php\/wp-json\/wp\/v2\/categories?post=181208"},{"taxonomy":"post_tag","embeddable":true,"href":"http:\/\/www.tvturk.com\/index.php\/wp-json\/wp\/v2\/tags?post=181208"}],"curies":[{"name":"wp","href":"https:\/\/api.w.org\/{rel}","templated":true}]}}