{"id":181226,"date":"2019-07-12T14:46:29","date_gmt":"2019-07-12T11:46:29","guid":{"rendered":"http:\/\/www.tvturk.com\/index.php\/gazi-yasar-15-temmuzu-unutturmayacagiz\/"},"modified":"2019-07-12T14:46:29","modified_gmt":"2019-07-12T11:46:29","slug":"gazi-yasar-15-temmuzu-unutturmayacagiz","status":"publish","type":"post","link":"http:\/\/www.tvturk.com\/index.php\/gazi-yasar-15-temmuzu-unutturmayacagiz\/","title":{"rendered":"Gazi Ya\u015far: &#8220;15 Temmuz\u2019u unutturmayaca\u011f\u0131z&#8221;"},"content":{"rendered":"<p>Tokatl\u0131 Gazi Hasan Ya\u015far, 15 Temmuz gecesini unutmad\u0131klar\u0131n\u0131, unutturmayacaklar\u0131n\u0131 s\u00f6yledi.<\/p>\n<p>Fetullah\u00e7\u0131 Ter\u00f6r \u00d6rg\u00fct\u00fc\u2019n\u00fcn (FET\u00d6) 15 Temmuz\u2019daki darbe giri\u015fimi s\u0131ras\u0131nda \u00dcsk\u00fcdar\u2019da Cumhurba\u015fkan\u0131 Recep Tayyip Erdo\u011fan\u2019\u0131n \u00e7a\u011fr\u0131s\u0131 \u00fczerine soka\u011fa \u00e7\u0131kan Hasan Ya\u015far, polis merkezi yak\u0131nlar\u0131nda a\u00e7\u0131lan ate\u015f sonucu \u015farapnel par\u00e7as\u0131n\u0131n aya\u011f\u0131na gelmesi sonucu gazi oldu. \u0130stanbul\u2019da \u00c7aml\u0131ca Cami in\u015faat\u0131nda \u00e7al\u0131\u015f\u0131rken gazi olan Ya\u015far, tedavisinin ard\u0131ndan memleketi Tokat\u2019ta \u0130l M\u00fcft\u00fcl\u00fc\u011f\u00fcnde memur olarak \u00e7al\u0131\u015fmaya ba\u015flad\u0131. Hain darbe giri\u015fiminin 3. y\u0131l d\u00f6n\u00fcm\u00fcnde o gece ya\u015fad\u0131klar\u0131n\u0131 dile getiren Ya\u015far, \u201cTelevizyonda Cumhurba\u015fkan\u0131m\u0131z\u0131n \u00e7ok zor durumda kald\u0131\u011f\u0131n\u0131 \u00f6\u011frendim. Bunu ben kabullenemedim, g\u00fcc\u00fcme gitti. Soka\u011fa \u00e7\u0131kmamdaki en b\u00fcy\u00fck etken buydu. Devletimizi ve milletimizin her zaman ayakta kalmas\u0131 i\u00e7in m\u00fccadele verdik. Bu anlamda gurur duyuyorum\u201d dedi.<\/p>\n<p>15 Temmuz\u2019un d\u00fcn gibi akl\u0131nda oldu\u011funu belirten Ya\u015far, \u201cO g\u00fcn\u00fc unutmad\u0131k, unutturmayaca\u011f\u0131z. Rabbim bir daha devletimize ve milletimize b\u00f6yle hain darbe giri\u015fimleri ya\u015fatmas\u0131n. Temennimiz budur\u201d dedi.<\/p>\n<p>Cumhurba\u015fkan\u0131 Recep Tayyip Erdo\u011fan taraf\u0131ndan Devlet \u00d6v\u00fcn\u00e7 Madalyas\u0131 ile onurland\u0131r\u0131lan 15 Temmuz Gazisi Hasan Ya\u015far\u2019a Tokat Valisi Ozan Balc\u0131 makam\u0131nda d\u00fczenlenen t\u00f6renle berat ve madalyas\u0131n\u0131 tevdi etmi\u015fti.<\/p>\n","protected":false},"excerpt":{"rendered":"<p>TOKATLI 15 TEMMUZ GAZ\u0130S\u0130 HASAN YA\u015eAR, 15 TEMMUZ GECES\u0130N\u0130 UNUTMADIKLARINI, UNUTTURMAYACAKLARINI S\u00d6YLED\u0130.<\/p>\n","protected":false},"author":1,"featured_media":181227,"comment_status":"closed","ping_status":"open","sticky":false,"template":"","format":"standard","meta":{"jetpack_post_was_ever_published":false,"_jetpack_newsletter_access":"","_jetpack_dont_email_post_to_subs":false,"_jetpack_newsletter_tier_id":0,"_jetpack_memberships_contains_paywalled_content":false,"_jetpack_memberships_contains_paid_content":false,"footnotes":"","jetpack_publicize_message":"","jetpack_publicize_feature_enabled":true,"jetpack_social_post_already_shared":true,"jetpack_social_options":{"image_generator_settings":{"template":"highway","default_image_id":0,"font":"","enabled":false},"version":2}},"categories":[1],"tags":[3097,16899,5114,5116,1829],"class_list":["post-181226","post","type-post","status-publish","format-standard","has-post-thumbnail","hentry","category-genel","tag-gazi","tag-16899","tag-temmuzu","tag-unutturmayacagiz","tag-yasar"],"jetpack_publicize_connections":[],"jetpack_featured_media_url":"https:\/\/i0.wp.com\/www.tvturk.com\/wp-content\/uploads\/2019\/07\/gazi-yasar-15-temmuzu-unutturmayacagiz_ed9fc22.jpg?fit=1000%2C671","jetpack_sharing_enabled":true,"jetpack_shortlink":"https:\/\/wp.me\/paKIfm-L90","_links":{"self":[{"href":"http:\/\/www.tvturk.com\/index.php\/wp-json\/wp\/v2\/posts\/181226","targetHints":{"allow":["GET"]}}],"collection":[{"href":"http:\/\/www.tvturk.com\/index.php\/wp-json\/wp\/v2\/posts"}],"about":[{"href":"http:\/\/www.tvturk.com\/index.php\/wp-json\/wp\/v2\/types\/post"}],"author":[{"embeddable":true,"href":"http:\/\/www.tvturk.com\/index.php\/wp-json\/wp\/v2\/users\/1"}],"replies":[{"embeddable":true,"href":"http:\/\/www.tvturk.com\/index.php\/wp-json\/wp\/v2\/comments?post=181226"}],"version-history":[{"count":0,"href":"http:\/\/www.tvturk.com\/index.php\/wp-json\/wp\/v2\/posts\/181226\/revisions"}],"wp:featuredmedia":[{"embeddable":true,"href":"http:\/\/www.tvturk.com\/index.php\/wp-json\/wp\/v2\/media\/181227"}],"wp:attachment":[{"href":"http:\/\/www.tvturk.com\/index.php\/wp-json\/wp\/v2\/media?parent=181226"}],"wp:term":[{"taxonomy":"category","embeddable":true,"href":"http:\/\/www.tvturk.com\/index.php\/wp-json\/wp\/v2\/categories?post=181226"},{"taxonomy":"post_tag","embeddable":true,"href":"http:\/\/www.tvturk.com\/index.php\/wp-json\/wp\/v2\/tags?post=181226"}],"curies":[{"name":"wp","href":"https:\/\/api.w.org\/{rel}","templated":true}]}}