{"id":181244,"date":"2019-07-12T15:01:55","date_gmt":"2019-07-12T12:01:55","guid":{"rendered":"http:\/\/www.tvturk.com\/index.php\/bicak-ustalarinin-kurban-bayram-mesaisi\/"},"modified":"2019-07-12T15:01:55","modified_gmt":"2019-07-12T12:01:55","slug":"bicak-ustalarinin-kurban-bayram-mesaisi","status":"publish","type":"post","link":"http:\/\/www.tvturk.com\/index.php\/bicak-ustalarinin-kurban-bayram-mesaisi\/","title":{"rendered":"B\u0131\u00e7ak ustalar\u0131n\u0131n Kurban Bayram mesaisi"},"content":{"rendered":"<p>Sivas\u2019ta b\u0131\u00e7ak ustalar\u0131n\u0131n el i\u015f\u00e7ili\u011fiyle, y\u00fcksek kalitede \u00e7elik kullan\u0131larak \u00fcrettikleri d\u00fcnyaca \u00fcnl\u00fc Sivas b\u0131\u00e7a\u011f\u0131, Kurban Bayram\u0131 \u00f6ncesi yo\u011fun talep g\u00f6r\u00fcyor.<\/p>\n<p>Sivas kent merkezinde bulunan b\u0131\u00e7ak ustalar\u0131 Kurban Bayram\u0131 \u00f6ncesi yo\u011fun b\u0131\u00e7ak mesaisine ba\u015flad\u0131. Sivas\u2019ta 76 farkl\u0131 i\u015flemden ge\u00e7irilerek \u00fcretilen Sivas b\u0131\u00e7aklar\u0131 \u00f6zellikle Kurban Bayram\u0131 \u00f6ncesi yo\u011fun talep g\u00f6r\u00fcyor. Sivasl\u0131 b\u0131\u00e7ak ustalar\u0131 ise geli\u015fen teknolojiye ve seri \u00fcretim imkanlar\u0131na ra\u011fmen, el i\u015f\u00e7ili\u011fi ile b\u0131\u00e7ak \u00fcretmeye devam ediyor. Sivasl\u0131 b\u0131\u00e7ak ustalar\u0131 internet ve televizyon kanallar\u0131 \u00fczerinden sat\u0131\u015f\u0131 yap\u0131lan kalitesiz b\u0131\u00e7aklara kar\u015f\u0131 ta t\u00fcketicileri uyard\u0131. Ustalar, kaliteli b\u0131\u00e7a\u011f\u0131n imalat\u00e7\u0131s\u0131ndan al\u0131nmas\u0131 gerekti\u011finin alt\u0131n\u0131 \u00e7izdi.<\/p>\n<p>Tamamen elle \u00fcretiliyor<\/p>\n<p>Sivas\u2019ta 38 y\u0131ld\u0131r b\u0131\u00e7ak sanat\u0131n\u0131 ya\u015fatmaya \u00e7al\u0131\u015fan \u0130smail G\u00f6lebatmaz, el i\u015f\u00e7ili\u011fi ile \u00fcretilmesinin Sivas b\u0131\u00e7a\u011f\u0131n\u0131n en \u00f6nemli \u00f6zelli\u011fi oldu\u011funu belirterek, G\u00f6lebatmaz,&#8221; Sivas b\u0131\u00e7a\u011f\u0131n\u0131n kaliteli olmas\u0131n\u0131n ba\u015fl\u0131ca nedeni,  \u00e7eli\u011finde birinci s\u0131n\u0131f malzeme kullan\u0131lmas\u0131d\u0131r. Tamamen el i\u015f\u00e7ili\u011fi ile \u00fcretilir. Piyasadaki b\u0131\u00e7aklar\u0131n b\u00fcy\u00fck b\u00f6l\u00fcm\u00fc ise makinelerle yap\u0131lmaktad\u0131r. Ama bizim ba\u015fl\u0131ca kalite sebebimiz, kesiminden tutun verni\u011fi atana kadar komple el i\u015f\u00e7ili\u011fi ile yap\u0131lmas\u0131d\u0131r. Genelde kalem a\u00e7ma dedi\u011fimiz y\u00f6ntemlerle a\u011fz\u0131 a\u00e7\u0131lan b\u0131\u00e7aklar bir iki kullan\u0131mda k\u00f6relir. Lakin biz ne yapar\u0131z? Geriden a\u00e7ar\u0131z ki kesim mukavemeti arts\u0131n, \u00e7abuk k\u00f6relmez, kesimi uzun \u00f6m\u00fcrl\u00fc olur. Onun i\u00e7in Sivas b\u0131\u00e7aklar\u0131 en fazla tercih edilen b\u0131\u00e7aklard\u0131r. Di\u011fer b\u0131\u00e7aklardan farkl\u0131d\u0131r. \u201cdedi.<\/p>\n<p>\u00dcretimde Bayram yo\u011funlu\u011fu<\/p>\n<p>Kurban Bayram\u0131 \u00f6ncesi sipari\u015flerin yo\u011funla\u015ft\u0131\u011f\u0131n\u0131 belirten G\u00f6lebatmaz, \u201cKurban bayram\u0131 \u00f6ncesi sipari\u015fler yo\u011funla\u015ft\u0131. Bayram yakla\u015ft\u0131k\u00e7a talepler de art\u0131yor. Ge\u00e7en y\u0131llara g\u00f6re biraz d\u00fc\u015f\u00fck. Ancak Kurban Bayram\u0131 nedeniyle \u00f6ncemi aylara k\u0131yasla i\u015flerimiz \u00e7ok daha yo\u011fun\u201cdedi.<\/p>\n<p>Fiyatlar\u0131 50 ile 100 TL aras\u0131nda de\u011fi\u015fiyor<\/p>\n<p>G\u00f6lebatmaz, y\u00fcksek kalitede \u00e7elik kullan\u0131larak ve 76 farkl\u0131 i\u015flemden ge\u00e7erek \u00fcretilen Sivas b\u0131\u00e7aklar\u0131n\u0131n fiyatlar\u0131n\u0131n ise 50 ile 100 TL aras\u0131nda oldu\u011funu  belirterek, \u00f6zel tasar\u0131m b\u0131\u00e7aklar\u0131n ise 300 ile 500 TL fiyat aral\u0131\u011f\u0131nda sat\u0131ld\u0131\u011f\u0131n\u0131 s\u00f6yledi.  G\u00f6lebatmaz, \u201cTabi bazen daha \u00f6zel daha farkl\u0131 i\u015flerde fiyat de\u011fi\u015fiyor. Kasap diyor ki benim be\u015f y\u00fcz tane kesimim olacak. Tabi onun \u00e7eli\u011fini onun b\u0131\u00e7a\u011f\u0131n\u0131 daha farkl\u0131 yap\u0131yoruz. Onun fiyat\u0131 da ortalama 300 ila 500 lira aras\u0131nda de\u011fi\u015fiyor. \u0130nternetten b\u0131\u00e7ak al\u0131\u015fveri\u015fi yapan insanlara tavsiyem bizim gibi imalat\u00e7\u0131lardan almalar\u0131. Tabi ben ille de benden als\u0131nlar demiyorum ama bizim gibi kaliteli imalat\u00e7\u0131lardan almalar\u0131n\u0131 tavsiye ediyorum. \u201c dedi.<\/p>\n","protected":false},"excerpt":{"rendered":"<p>S\u0130VAS\u2019TA BI\u00c7AK USTALARININ EL \u0130\u015e\u00c7\u0130L\u0130\u011e\u0130YLE, Y\u00dcKSEK KAL\u0130TEDE \u00c7EL\u0130K KULLANILARAK \u00dcRETT\u0130KLER\u0130 D\u00dcNYACA \u00dcNL\u00dc S\u0130VAS BI\u00c7A\u011eI, KURBAN BAYRAMI \u00d6NCES\u0130 YO\u011eUN TALEP G\u00d6R\u00dcYOR.<\/p>\n","protected":false},"author":1,"featured_media":181245,"comment_status":"closed","ping_status":"open","sticky":false,"template":"","format":"standard","meta":{"jetpack_post_was_ever_published":false,"_jetpack_newsletter_access":"","_jetpack_dont_email_post_to_subs":false,"_jetpack_newsletter_tier_id":0,"_jetpack_memberships_contains_paywalled_content":false,"_jetpack_memberships_contains_paid_content":false,"footnotes":"","jetpack_publicize_message":"","jetpack_publicize_feature_enabled":true,"jetpack_social_post_already_shared":true,"jetpack_social_options":{"image_generator_settings":{"template":"highway","default_image_id":0,"font":"","enabled":false},"version":2}},"categories":[1],"tags":[23995,17872,20956,2634,31645],"class_list":["post-181244","post","type-post","status-publish","format-standard","has-post-thumbnail","hentry","category-genel","tag-bayram","tag-bicak","tag-kurban","tag-mesaisi","tag-ustalarinin"],"jetpack_publicize_connections":[],"jetpack_featured_media_url":"https:\/\/i0.wp.com\/www.tvturk.com\/wp-content\/uploads\/2019\/07\/bicak-ustalarinin-kurban-bayram-mesaisi_ce590ad.jpg?fit=1000%2C666","jetpack_sharing_enabled":true,"jetpack_shortlink":"https:\/\/wp.me\/paKIfm-L9i","_links":{"self":[{"href":"http:\/\/www.tvturk.com\/index.php\/wp-json\/wp\/v2\/posts\/181244","targetHints":{"allow":["GET"]}}],"collection":[{"href":"http:\/\/www.tvturk.com\/index.php\/wp-json\/wp\/v2\/posts"}],"about":[{"href":"http:\/\/www.tvturk.com\/index.php\/wp-json\/wp\/v2\/types\/post"}],"author":[{"embeddable":true,"href":"http:\/\/www.tvturk.com\/index.php\/wp-json\/wp\/v2\/users\/1"}],"replies":[{"embeddable":true,"href":"http:\/\/www.tvturk.com\/index.php\/wp-json\/wp\/v2\/comments?post=181244"}],"version-history":[{"count":0,"href":"http:\/\/www.tvturk.com\/index.php\/wp-json\/wp\/v2\/posts\/181244\/revisions"}],"wp:featuredmedia":[{"embeddable":true,"href":"http:\/\/www.tvturk.com\/index.php\/wp-json\/wp\/v2\/media\/181245"}],"wp:attachment":[{"href":"http:\/\/www.tvturk.com\/index.php\/wp-json\/wp\/v2\/media?parent=181244"}],"wp:term":[{"taxonomy":"category","embeddable":true,"href":"http:\/\/www.tvturk.com\/index.php\/wp-json\/wp\/v2\/categories?post=181244"},{"taxonomy":"post_tag","embeddable":true,"href":"http:\/\/www.tvturk.com\/index.php\/wp-json\/wp\/v2\/tags?post=181244"}],"curies":[{"name":"wp","href":"https:\/\/api.w.org\/{rel}","templated":true}]}}