{"id":181262,"date":"2019-07-12T15:31:44","date_gmt":"2019-07-12T12:31:44","guid":{"rendered":"http:\/\/www.tvturk.com\/index.php\/19-yuzyildan-gunumuze-turkiyede-iktidara-mudahaleler-ve-darbeler-kitabi-okuyucuyla-bulustu\/"},"modified":"2019-07-12T15:31:44","modified_gmt":"2019-07-12T12:31:44","slug":"19-yuzyildan-gunumuze-turkiyede-iktidara-mudahaleler-ve-darbeler-kitabi-okuyucuyla-bulustu","status":"publish","type":"post","link":"http:\/\/www.tvturk.com\/index.php\/19-yuzyildan-gunumuze-turkiyede-iktidara-mudahaleler-ve-darbeler-kitabi-okuyucuyla-bulustu\/","title":{"rendered":"\u201c19. Y\u00fczy\u0131ldan g\u00fcn\u00fcm\u00fcze T\u00fcrkiye\u2019de iktidara m\u00fcdahaleler ve darbeler\u201d kitab\u0131 okuyucuyla bulu\u015ftu"},"content":{"rendered":"<p>Atat\u00fcrk K\u00fclt\u00fcr, Dil ve Tarih Y\u00fcksek Kurumuna ba\u011fl\u0131 Atat\u00fcrk Ara\u015ft\u0131rma Merkezi Ba\u015fkanl\u0131\u011f\u0131 ve Bozok \u00dcniversitesi Rekt\u00f6rl\u00fc\u011f\u00fc i\u015f birli\u011fiyle 21-23 Mart 2018 tarihleri aras\u0131nda Yozgat\u2019ta d\u00fczenlenen \u201c19. Y\u00fczy\u0131ldan G\u00fcn\u00fcm\u00fcze T\u00fcrkiye\u2019de \u0130ktidara M\u00fcdahaleler ve Darbeler Uluslararas\u0131 Sempozyumu\u201dnda sunulan bildiriler kitap haline getirilerek okuyucularla bulu\u015fturuldu.<\/p>\n<p>Osmanl\u0131 Devleti\u2019nin son d\u00f6nemlerinde ve Cumhuriyet tarihimizde iktidara kar\u015f\u0131 yap\u0131lan m\u00fcdahaleleri konu alan bu eserde akademi d\u00fcnyas\u0131n\u0131n yerli ve yabanc\u0131 pek \u00e7ok m\u00fcmtaz \u015fahsiyeti, tebli\u011fleriyle tarihimizin karanl\u0131k safhalar\u0131n\u0131 olu\u015fturan \u201ciktidara m\u00fcdahaleler\u201d konusundaki birikimlerini; yeni bilgiler, belgeler ve bak\u0131\u015f a\u00e7\u0131lar\u0131yla bilim d\u00fcnyas\u0131 ve kamuoyunun istifadesine sundu.<\/p>\n<p>\u0130ki ciltten olu\u015fan ar\u015fiv niteli\u011findeki bu \u00f6nemli eser, Balgat\u2019taki Atat\u00fcrk Ara\u015ft\u0131rma Merkezi Ba\u015fkanl\u0131\u011f\u0131 binas\u0131nda, K\u0131z\u0131lay Kitap Sat\u0131\u015f B\u00fcrosu\u2019nda ve Atat\u00fcrk Ara\u015ft\u0131rma Merkezi Ba\u015fkanl\u0131\u011f\u0131 genel a\u011f sayfas\u0131nda  (http:\/\/www.atam.gov.tr\/) sat\u0131\u015fa sunuldu.<\/p>\n","protected":false},"excerpt":{"rendered":"<p>\u201c19. Y\u00dcZYILDAN G\u00dcN\u00dcM\u00dcZE T\u00dcRK\u0130YE\u2019DE \u0130KT\u0130DARA M\u00dcDAHALELER VE DARBELER\u201d K\u0130TABI OKUYUCUYLA BULU\u015eTU<\/p>\n","protected":false},"author":1,"featured_media":181263,"comment_status":"closed","ping_status":"open","sticky":false,"template":"","format":"standard","meta":{"jetpack_post_was_ever_published":false,"_jetpack_newsletter_access":"","_jetpack_dont_email_post_to_subs":false,"_jetpack_newsletter_tier_id":0,"_jetpack_memberships_contains_paywalled_content":false,"_jetpack_memberships_contains_paid_content":false,"footnotes":"","jetpack_publicize_message":"","jetpack_publicize_feature_enabled":true,"jetpack_social_post_already_shared":true,"jetpack_social_options":{"image_generator_settings":{"template":"highway","default_image_id":0,"font":"","enabled":false},"version":2}},"categories":[1],"tags":[20686,389,44668,6593,44666,1467,44667,11797,2383,16488],"class_list":["post-181262","post","type-post","status-publish","format-standard","has-post-thumbnail","hentry","category-genel","tag-20686","tag-bulustu","tag-darbeler","tag-gunumuze","tag-iktidara","tag-kitabi","tag-mudahaleler","tag-okuyucuyla","tag-turkiyede","tag-yuzyildan"],"jetpack_publicize_connections":[],"jetpack_featured_media_url":"https:\/\/i0.wp.com\/www.tvturk.com\/wp-content\/uploads\/2019\/07\/19-yuzyildan-gunumuze-turkiyede-iktidara-mudahaleler-ve-darbeler-kitabi-okuyucuyla-bulustu_61b839a.jpg?fit=994%2C560","jetpack_sharing_enabled":true,"jetpack_shortlink":"https:\/\/wp.me\/paKIfm-L9A","_links":{"self":[{"href":"http:\/\/www.tvturk.com\/index.php\/wp-json\/wp\/v2\/posts\/181262","targetHints":{"allow":["GET"]}}],"collection":[{"href":"http:\/\/www.tvturk.com\/index.php\/wp-json\/wp\/v2\/posts"}],"about":[{"href":"http:\/\/www.tvturk.com\/index.php\/wp-json\/wp\/v2\/types\/post"}],"author":[{"embeddable":true,"href":"http:\/\/www.tvturk.com\/index.php\/wp-json\/wp\/v2\/users\/1"}],"replies":[{"embeddable":true,"href":"http:\/\/www.tvturk.com\/index.php\/wp-json\/wp\/v2\/comments?post=181262"}],"version-history":[{"count":0,"href":"http:\/\/www.tvturk.com\/index.php\/wp-json\/wp\/v2\/posts\/181262\/revisions"}],"wp:featuredmedia":[{"embeddable":true,"href":"http:\/\/www.tvturk.com\/index.php\/wp-json\/wp\/v2\/media\/181263"}],"wp:attachment":[{"href":"http:\/\/www.tvturk.com\/index.php\/wp-json\/wp\/v2\/media?parent=181262"}],"wp:term":[{"taxonomy":"category","embeddable":true,"href":"http:\/\/www.tvturk.com\/index.php\/wp-json\/wp\/v2\/categories?post=181262"},{"taxonomy":"post_tag","embeddable":true,"href":"http:\/\/www.tvturk.com\/index.php\/wp-json\/wp\/v2\/tags?post=181262"}],"curies":[{"name":"wp","href":"https:\/\/api.w.org\/{rel}","templated":true}]}}