{"id":181292,"date":"2019-07-12T16:01:43","date_gmt":"2019-07-12T13:01:43","guid":{"rendered":"http:\/\/www.tvturk.com\/index.php\/lisansustu-egitimi-icin-geldigi-konyada-musluman-oldu\/"},"modified":"2019-07-12T16:01:43","modified_gmt":"2019-07-12T13:01:43","slug":"lisansustu-egitimi-icin-geldigi-konyada-musluman-oldu","status":"publish","type":"post","link":"http:\/\/www.tvturk.com\/index.php\/lisansustu-egitimi-icin-geldigi-konyada-musluman-oldu\/","title":{"rendered":"Lisans\u00fcst\u00fc e\u011fitimi i\u00e7in geldi\u011fi Konya\u2019da M\u00fcsl\u00fcman oldu"},"content":{"rendered":"<p>Benin\u2019den lisans\u00fcst\u00fc e\u011fitimi i\u00e7in Konya\u2019ya gelen ve Necmettin Erbakan \u00dcniversitesinde (NE\u00dc) \u00f6\u011frenim g\u00f6ren Jaures Badet kendi iste\u011fi ile \u0130slam\u2019\u0131 se\u00e7erek Mehmet ad\u0131n\u0131 ald\u0131.<\/p>\n<p>Lisans\u00fcst\u00fc e\u011fitimi \u00f6ncesi NE\u00dc T\u00fcrk\u00e7e \u00d6\u011fretimi Uygulama ve Ara\u015ft\u0131rma Merkezinde (KOND\u0130L) T\u00fcrk\u00e7e e\u011fitimi alan Jaures Badet, hocalar\u0131ndan ve kendisiyle birlikte T\u00fcrk\u00e7e e\u011fitimi alan arkada\u015flar\u0131ndan etkilenerek \u0130slam dini hakk\u0131nda ara\u015ft\u0131rma yapmaya ba\u015flad\u0131. Bu s\u00fcre\u00e7te Kur\u2019an okuyan ve oru\u00e7 tutan Badet, M\u00fcsl\u00fcman olmaya karar verdi. Badet i\u00e7in Konya \u0130l M\u00fcft\u00fcl\u00fc\u011f\u00fcnde ihtida t\u00f6reni d\u00fczenlendi. T\u00f6rene, NE\u00dc Rekt\u00f6r\u00fc Prof. Dr. Cem Zorlu, Konya \u0130l M\u00fcft\u00fcs\u00fc Ahmet Po\u00e7ano\u011flu, KOND\u0130L \u00f6\u011fretim g\u00f6revlileri ve Badet\u2019in arkada\u015flar\u0131 kat\u0131ld\u0131.<\/p>\n<p>\u0130l M\u00fcft\u00fcs\u00fc Ahmet Po\u00e7ano\u011flu\u2019nun kendisine \u0130slam dini hakk\u0131nda verdi\u011fi bilgilerin ard\u0131ndan Badet, \u015fahitler huzurunda Kelime-i \u015eahadet getirerek M\u00fcsl\u00fcman oldu. M\u00fcft\u00fc Po\u00e7ano\u011flu taraf\u0131ndan yap\u0131lan duan\u0131n akabinde Badet\u2019e, Po\u00e7ano\u011flu ve Rekt\u00f6r Zorlu ihtida belgesi, Kuran-\u0131 Kerim, ilmihal ve kalem hediye etti.<\/p>\n<p>T\u00fcrkiye\u2019ye 9 ay \u00f6nce geldi\u011fini ve burada \u00e7ok iyi insanlarla kar\u015f\u0131la\u015ft\u0131\u011f\u0131n\u0131 s\u00f6yleyen Badet, \u201cT\u00fcrkiye\u2019de bulundu\u011fum ortam \u00e7ok g\u00fczeldi ve arkada\u015flar\u0131m benim i\u00e7in d\u00fcnyadaki en iyi insanlar. Ben \u00f6nceden de \u0130slam dini ile ilgileniyordum ve birka\u00e7 ayd\u0131r Kuran okuyorum. M\u00fcsl\u00fcman olmaya karar vermeden \u00f6nce oru\u00e7 tuttum ve oru\u00e7 tuttu\u011fumda kendimi \u00e7ok huzurlu hissediyordum. B\u00f6ylelikle M\u00fcsl\u00fcman olmaya karar verdim, hocama s\u00f6yledim ve o da gerekenleri yapt\u0131. \u015eimdi kendimi \u00e7ok iyi hissediyorum, hayat\u0131mdaki en g\u00fczel g\u00fcn bug\u00fcn diyebilirim. Benim i\u00e7in yeni bir hayat ba\u015fl\u0131yor ve biliyorum ki s\u00f6ylediklerime, davran\u0131\u015flar\u0131ma \u015fimdi daha da dikkat etmem gerek\u201d \u015feklinde duygular\u0131n\u0131 ifade etti.<\/p>\n","protected":false},"excerpt":{"rendered":"<p>BEN\u0130N\u2019DEN L\u0130SANS\u00dcST\u00dc E\u011e\u0130T\u0130M\u0130 \u0130\u00c7\u0130N KONYA\u2019YA GELEN VE NECMETT\u0130N ERBAKAN \u00dcN\u0130VERS\u0130TES\u0130\u2019NDE (NE\u00dc) \u00d6\u011eREN\u0130M G\u00d6REN JAURES BADET KEND\u0130 \u0130STE\u011e\u0130 \u0130LE \u0130SLAM\u2019I SE\u00c7EREK MEHMET ADINI ALDI.<\/p>\n","protected":false},"author":1,"featured_media":181293,"comment_status":"closed","ping_status":"open","sticky":false,"template":"","format":"standard","meta":{"jetpack_post_was_ever_published":false,"_jetpack_newsletter_access":"","_jetpack_dont_email_post_to_subs":false,"_jetpack_newsletter_tier_id":0,"_jetpack_memberships_contains_paywalled_content":false,"_jetpack_memberships_contains_paid_content":false,"footnotes":"","jetpack_publicize_message":"","jetpack_publicize_feature_enabled":true,"jetpack_social_post_already_shared":true,"jetpack_social_options":{"image_generator_settings":{"template":"highway","default_image_id":0,"font":"","enabled":false},"version":2}},"categories":[1],"tags":[581,8295,44,2980,26360,4021,77],"class_list":["post-181292","post","type-post","status-publish","format-standard","has-post-thumbnail","hentry","category-genel","tag-egitimi","tag-geldigi","tag-icin","tag-konyada","tag-lisansustu","tag-musluman","tag-oldu"],"jetpack_publicize_connections":[],"jetpack_featured_media_url":"https:\/\/i0.wp.com\/www.tvturk.com\/wp-content\/uploads\/2019\/07\/lisansustu-egitimi-icin-geldigi-konyada-musluman-oldu_f41544a.jpg?fit=1000%2C720","jetpack_sharing_enabled":true,"jetpack_shortlink":"https:\/\/wp.me\/paKIfm-La4","_links":{"self":[{"href":"http:\/\/www.tvturk.com\/index.php\/wp-json\/wp\/v2\/posts\/181292","targetHints":{"allow":["GET"]}}],"collection":[{"href":"http:\/\/www.tvturk.com\/index.php\/wp-json\/wp\/v2\/posts"}],"about":[{"href":"http:\/\/www.tvturk.com\/index.php\/wp-json\/wp\/v2\/types\/post"}],"author":[{"embeddable":true,"href":"http:\/\/www.tvturk.com\/index.php\/wp-json\/wp\/v2\/users\/1"}],"replies":[{"embeddable":true,"href":"http:\/\/www.tvturk.com\/index.php\/wp-json\/wp\/v2\/comments?post=181292"}],"version-history":[{"count":0,"href":"http:\/\/www.tvturk.com\/index.php\/wp-json\/wp\/v2\/posts\/181292\/revisions"}],"wp:featuredmedia":[{"embeddable":true,"href":"http:\/\/www.tvturk.com\/index.php\/wp-json\/wp\/v2\/media\/181293"}],"wp:attachment":[{"href":"http:\/\/www.tvturk.com\/index.php\/wp-json\/wp\/v2\/media?parent=181292"}],"wp:term":[{"taxonomy":"category","embeddable":true,"href":"http:\/\/www.tvturk.com\/index.php\/wp-json\/wp\/v2\/categories?post=181292"},{"taxonomy":"post_tag","embeddable":true,"href":"http:\/\/www.tvturk.com\/index.php\/wp-json\/wp\/v2\/tags?post=181292"}],"curies":[{"name":"wp","href":"https:\/\/api.w.org\/{rel}","templated":true}]}}