{"id":181320,"date":"2019-07-12T16:46:34","date_gmt":"2019-07-12T13:46:34","guid":{"rendered":"http:\/\/www.tvturk.com\/index.php\/baskan-deniz-koken-sefkateli-magazasini-ziyaret-etti\/"},"modified":"2019-07-12T16:46:34","modified_gmt":"2019-07-12T13:46:34","slug":"baskan-deniz-koken-sefkateli-magazasini-ziyaret-etti","status":"publish","type":"post","link":"http:\/\/www.tvturk.com\/index.php\/baskan-deniz-koken-sefkateli-magazasini-ziyaret-etti\/","title":{"rendered":"Ba\u015fkan Deniz K\u00f6ken, \u015eefkateli Ma\u011fazas\u0131\u2019n\u0131 ziyaret etti"},"content":{"rendered":"<p>Ey\u00fcpsultan Belediye Ba\u015fkan\u0131 Deniz K\u00f6ken, Ey\u00fcpsultan\u2019da ikamet eden ihtiya\u00e7 sahibi ailelerin her t\u00fcrl\u00fc talebini yerine getirmek amac\u0131yla \u00e7al\u0131\u015fmalar\u0131na devam eden \u015eefkateli Ma\u011fazas\u0131\u2019n\u0131 ziyaret etti.<\/p>\n<p>Sosyal Destek Hizmetleri M\u00fcd\u00fcrl\u00fc\u011f\u00fc b\u00fcnyesinde hizmet veren \u015eefkateli Ma\u011fazas\u0131\u2019na ger\u00e7ekle\u015ftirdi\u011fi ziyarette Deniz K\u00f6ken, \u00e7al\u0131\u015fmalar\u0131n gidi\u015fat\u0131yla ilgili bilgi ald\u0131.<\/p>\n<p>S\u0131f\u0131r e\u015fya s\u00f6z\u00fc<\/p>\n<p>Daha \u00f6nce ikinci el e\u015fya yard\u0131m\u0131 yap\u0131lan ma\u011fazada bundan sonra s\u0131f\u0131r e\u015fya yard\u0131m\u0131 yapacaklar\u0131 s\u00f6z\u00fcn\u00fc veren Deniz K\u00f6ken, \u201cSosyal belediyecilik anlay\u0131\u015f\u0131m\u0131zla il\u00e7emizdeki t\u00fcm ihtiya\u00e7 sahiplerine ula\u015fmak \u00f6nceli\u011fimizdir\u201d dedi.  \u0130htiya\u00e7 sahibi ailelere k\u0131yafet, ev e\u015fyas\u0131, g\u0131da ve s\u0131cak yemek yard\u0131m\u0131 yap\u0131lan \u015eefkateli Ma\u011fazas\u0131\u2019nda vatanda\u015flar\u0131n her t\u00fcrl\u00fc ihtiyac\u0131 kar\u015f\u0131lan\u0131yor. Ey\u00fcpsultan\u2019da ya\u015fayan vatanda\u015flar ma\u011fazadan ihtiya\u00e7lar\u0131na g\u00f6re istedikleri e\u015fyay\u0131 alabiliyor. Vatanda\u015flar giyim deste\u011fini ma\u011fazaya giderek teslim al\u0131rken, ev e\u015fyalar\u0131 belediye ekipleri taraf\u0131ndan ihtiya\u00e7 sahibi ailelerin evlerine teslim ediliyor. Ayr\u0131ca s\u0131cak yemek deste\u011fi de veriliyor. \u00d6nceden tespit edilen; bak\u0131ma muhta\u00e7, kimsesiz hasta, ya\u015fl\u0131, yatalak, bedensel engelli vatanda\u015flar\u0131n evlerine giden ekipler, s\u0131cak yemekleri teslim ediyor.<\/p>\n<p>Ey\u00fcpsultan\u2019da ya\u015fayan ihtiya\u00e7 sahibi vatanda\u015flar\u0131n bu hizmetten yararlanabilmesi i\u00e7in ilk olarak Sosyal Destek Hizmetleri M\u00fcd\u00fcrl\u00fc\u011f\u00fc\u2019ne ba\u015fvuruda bulunulmas\u0131 gerekiyor. Ba\u015fvuruda bulunan ki\u015filerle ilgili, aralar\u0131nda sosyolog ve psikologlar\u0131n da bulundu\u011fu alan tarama ekipleri inceleme yap\u0131yor ve vatanda\u015flar\u0131n evlerine giderek tespitlerde bulunuyor. T\u00fcm bu i\u015flemlerin ard\u0131ndan ailelere \u015eefkateli Ma\u011fazas\u0131\u2019ndan, 3 ayda bir giyim kart\u0131 veriliyor. Ma\u011faza hafta i\u00e7i mesai saatlerinde hizmet veriyor. Ayn\u0131 zamanda her ay\u0131n ilk pazartesi g\u00fcn\u00fc evsiz vatanda\u015flara Sultan Center\u2019da k\u0131yafet yard\u0131m\u0131 yap\u0131l\u0131yor.<\/p>\n","protected":false},"excerpt":{"rendered":"<p>EY\u00dcPSULTAN BELED\u0130YE BA\u015eKANI DEN\u0130Z K\u00d6KEN, EY\u00dcPSULTAN\u2019DA \u0130KAMET EDEN \u0130HT\u0130YA\u00c7 SAH\u0130B\u0130 A\u0130LELER\u0130N HER T\u00dcRL\u00dc TALEB\u0130N\u0130 YER\u0130NE GET\u0130RMEK AMACIYLA \u00c7ALI\u015eMALARINA DEVAM EDEN \u015eEFKATEL\u0130 MA\u011eAZASI&#8217;NI Z\u0130YARET ETT\u0130.<\/p>\n","protected":false},"author":1,"featured_media":181321,"comment_status":"closed","ping_status":"open","sticky":false,"template":"","format":"standard","meta":{"jetpack_post_was_ever_published":false,"_jetpack_newsletter_access":"","_jetpack_dont_email_post_to_subs":false,"_jetpack_newsletter_tier_id":0,"_jetpack_memberships_contains_paywalled_content":false,"_jetpack_memberships_contains_paid_content":false,"footnotes":"","jetpack_publicize_message":"","jetpack_publicize_feature_enabled":true,"jetpack_social_post_already_shared":true,"jetpack_social_options":{"image_generator_settings":{"template":"highway","default_image_id":0,"font":"","enabled":false},"version":2}},"categories":[1],"tags":[100,1471,207,1144,26458,44686,150],"class_list":["post-181320","post","type-post","status-publish","format-standard","has-post-thumbnail","hentry","category-genel","tag-baskan","tag-deniz","tag-etti","tag-koken","tag-magazasini","tag-sefkateli","tag-ziyaret"],"jetpack_publicize_connections":[],"jetpack_featured_media_url":"https:\/\/i0.wp.com\/www.tvturk.com\/wp-content\/uploads\/2019\/07\/baskan-deniz-koken-sefkateli-magazasini-ziyaret-etti_5b73a8d.jpg?fit=1000%2C666","jetpack_sharing_enabled":true,"jetpack_shortlink":"https:\/\/wp.me\/paKIfm-Law","_links":{"self":[{"href":"http:\/\/www.tvturk.com\/index.php\/wp-json\/wp\/v2\/posts\/181320","targetHints":{"allow":["GET"]}}],"collection":[{"href":"http:\/\/www.tvturk.com\/index.php\/wp-json\/wp\/v2\/posts"}],"about":[{"href":"http:\/\/www.tvturk.com\/index.php\/wp-json\/wp\/v2\/types\/post"}],"author":[{"embeddable":true,"href":"http:\/\/www.tvturk.com\/index.php\/wp-json\/wp\/v2\/users\/1"}],"replies":[{"embeddable":true,"href":"http:\/\/www.tvturk.com\/index.php\/wp-json\/wp\/v2\/comments?post=181320"}],"version-history":[{"count":0,"href":"http:\/\/www.tvturk.com\/index.php\/wp-json\/wp\/v2\/posts\/181320\/revisions"}],"wp:featuredmedia":[{"embeddable":true,"href":"http:\/\/www.tvturk.com\/index.php\/wp-json\/wp\/v2\/media\/181321"}],"wp:attachment":[{"href":"http:\/\/www.tvturk.com\/index.php\/wp-json\/wp\/v2\/media?parent=181320"}],"wp:term":[{"taxonomy":"category","embeddable":true,"href":"http:\/\/www.tvturk.com\/index.php\/wp-json\/wp\/v2\/categories?post=181320"},{"taxonomy":"post_tag","embeddable":true,"href":"http:\/\/www.tvturk.com\/index.php\/wp-json\/wp\/v2\/tags?post=181320"}],"curies":[{"name":"wp","href":"https:\/\/api.w.org\/{rel}","templated":true}]}}