{"id":181326,"date":"2019-07-12T16:47:13","date_gmt":"2019-07-12T13:47:13","guid":{"rendered":"http:\/\/www.tvturk.com\/index.php\/orduda-kanolar-yaristi\/"},"modified":"2019-07-12T16:47:13","modified_gmt":"2019-07-12T13:47:13","slug":"orduda-kanolar-yaristi","status":"publish","type":"post","link":"http:\/\/www.tvturk.com\/index.php\/orduda-kanolar-yaristi\/","title":{"rendered":"Ordu\u2019da kanolar yar\u0131\u015ft\u0131"},"content":{"rendered":"<p>Ordu B\u00fcy\u00fck\u015fehir Belediyesi ile Aybast\u0131 Belediyesi taraf\u0131ndan organize edilen 913. Geleneksel Per\u015fembe Yaylas\u0131 G\u00fcre\u015f ve K\u00fclt\u00fcr Festivali t\u00fcm h\u0131z\u0131yla devam ediyor.<\/p>\n<p>1500 rak\u0131ml\u0131 Per\u015fembe Yaylas\u0131\u2019nda d\u00fczenlenen 913. Geleneksel Per\u015fembe Yaylas\u0131 G\u00fcre\u015f ve K\u00fclt\u00fcr Festivali kapsam\u0131nda &#8220;Uluslararas\u0131 Kano Yar\u0131\u015fmas\u0131&#8221; d\u00fczenlendi. Per\u015fembe Yaylas\u0131 G\u00f6leti\u2019nde ger\u00e7ekle\u015ftirilen Uluslararas\u0131 Kano Yar\u0131\u015fmas\u0131\u2019na AK Parti Ordu Milletvekili \u015eenel Yediy\u0131ld\u0131z, Ordu B\u00fcy\u00fck\u015fehir Belediyesi Ba\u015fkan Vekili Adem Atik, Aybast\u0131 Belediye Ba\u015fkan\u0131 Beytullah Ge\u00e7tan, Kabata\u015f Belediye Ba\u015fkan\u0131 Yakup Y\u0131lmaz, meclis \u00fcyeleri, sporcular ve \u00e7ok say\u0131da vatanda\u015f kat\u0131ld\u0131.<\/p>\n<p>Kano yar\u0131\u015fmalar\u0131na 25 \u00fclke kat\u0131ld\u0131<\/p>\n<p>Do\u011fal menderesleriyle \u00fcnl\u00fc Per\u015fembe Yaylas\u0131\u2019ndaki g\u00f6lette ger\u00e7ekle\u015fen Uluslararas\u0131 Kano Yar\u0131\u015fmas\u0131\u2019na Azerbaycan, \u00d6zbekistan, M\u0131s\u0131r, Kazakistan, T\u00fcrkmenistan, K\u0131rg\u0131zistan, Suriye, Bosna Hersek, Sudan, Demokratik Kongo Cumhuriyeti, Tayland, Afganistan, Endonezya, Mali, Gine, \u00c7ad, Filistin, Pakistan, Tunus, \u00dcrd\u00fcn, Irak, \u0130ran, Hindistan, Banglade\u015f, Etiyopya olmak \u00fczere 25 \u00fclkeden 50\u2019ye yak\u0131n sporcu kat\u0131ld\u0131. Yar\u0131\u015f renkli g\u00f6r\u00fcnt\u00fclere sahne oldu. Festival sonras\u0131 kat\u0131l\u0131mc\u0131 sporculara \u00e7e\u015fitli hediyeler takdim edildi.<\/p>\n<p>Yo\u011fun kat\u0131l\u0131m\u0131n olmas\u0131 beklenen ve ge\u00e7mi\u015f y\u0131llara oranla daha profesyonel yap\u0131lan 913. Geleneksel Per\u015fembe Yaylas\u0131 G\u00fcre\u015f ve K\u00fclt\u00fcr Festivali, pazar g\u00fcn\u00fc d\u00fczenlenecek olan ya\u011fl\u0131 g\u00fcre\u015f etkinlikleri ve yap\u0131lacak di\u011fer organizasyonlarla sona erecek.<\/p>\n","protected":false},"excerpt":{"rendered":"<p>1500 RAKIMLI PER\u015eEMBE YAYLASI\u2019NDA D\u00dcZENLENEN 913. GELENEKSEL PER\u015eEMBE YAYLASI G\u00dcRE\u015e VE K\u00dcLT\u00dcR FEST\u0130VAL\u0130 KAPSAMINDA \u201cULUSLARARASI KANO YARI\u015eMASI\u201d D\u00dcZENLEND\u0130. PER\u015eEMBE YAYLASI G\u00d6LET\u0130NDE GER\u00c7EKLE\u015eT\u0130R\u0130LEN ULUSLARARASI KANO YARI\u015eMASI\u2019NA 25 \u00dcLKE KATILDI<\/p>\n","protected":false},"author":1,"featured_media":181327,"comment_status":"closed","ping_status":"open","sticky":false,"template":"","format":"standard","meta":{"jetpack_post_was_ever_published":false,"_jetpack_newsletter_access":"","_jetpack_dont_email_post_to_subs":false,"_jetpack_newsletter_tier_id":0,"_jetpack_memberships_contains_paywalled_content":false,"_jetpack_memberships_contains_paid_content":false,"footnotes":"","jetpack_publicize_message":"","jetpack_publicize_feature_enabled":true,"jetpack_social_post_already_shared":true,"jetpack_social_options":{"image_generator_settings":{"template":"highway","default_image_id":0,"font":"","enabled":false},"version":2}},"categories":[657],"tags":[36898,363,7830],"class_list":["post-181326","post","type-post","status-publish","format-standard","has-post-thumbnail","hentry","category-spor","tag-kanolar","tag-orduda","tag-yaristi"],"jetpack_publicize_connections":[],"jetpack_featured_media_url":"https:\/\/i0.wp.com\/www.tvturk.com\/wp-content\/uploads\/2019\/07\/orduda-kanolar-yaristi_456e2fe.jpg?fit=949%2C632","jetpack_sharing_enabled":true,"jetpack_shortlink":"https:\/\/wp.me\/paKIfm-LaC","_links":{"self":[{"href":"http:\/\/www.tvturk.com\/index.php\/wp-json\/wp\/v2\/posts\/181326","targetHints":{"allow":["GET"]}}],"collection":[{"href":"http:\/\/www.tvturk.com\/index.php\/wp-json\/wp\/v2\/posts"}],"about":[{"href":"http:\/\/www.tvturk.com\/index.php\/wp-json\/wp\/v2\/types\/post"}],"author":[{"embeddable":true,"href":"http:\/\/www.tvturk.com\/index.php\/wp-json\/wp\/v2\/users\/1"}],"replies":[{"embeddable":true,"href":"http:\/\/www.tvturk.com\/index.php\/wp-json\/wp\/v2\/comments?post=181326"}],"version-history":[{"count":0,"href":"http:\/\/www.tvturk.com\/index.php\/wp-json\/wp\/v2\/posts\/181326\/revisions"}],"wp:featuredmedia":[{"embeddable":true,"href":"http:\/\/www.tvturk.com\/index.php\/wp-json\/wp\/v2\/media\/181327"}],"wp:attachment":[{"href":"http:\/\/www.tvturk.com\/index.php\/wp-json\/wp\/v2\/media?parent=181326"}],"wp:term":[{"taxonomy":"category","embeddable":true,"href":"http:\/\/www.tvturk.com\/index.php\/wp-json\/wp\/v2\/categories?post=181326"},{"taxonomy":"post_tag","embeddable":true,"href":"http:\/\/www.tvturk.com\/index.php\/wp-json\/wp\/v2\/tags?post=181326"}],"curies":[{"name":"wp","href":"https:\/\/api.w.org\/{rel}","templated":true}]}}