{"id":181348,"date":"2019-07-12T17:17:06","date_gmt":"2019-07-12T14:17:06","guid":{"rendered":"http:\/\/www.tvturk.com\/index.php\/besiktas-denetim-kuruluna-sert-tepki\/"},"modified":"2019-07-12T17:17:06","modified_gmt":"2019-07-12T14:17:06","slug":"besiktas-denetim-kuruluna-sert-tepki","status":"publish","type":"post","link":"http:\/\/www.tvturk.com\/index.php\/besiktas-denetim-kuruluna-sert-tepki\/","title":{"rendered":"Be\u015fikta\u015f Denetim Kurulu\u2019na sert tepki"},"content":{"rendered":"<p>Be\u015fikta\u015f\u2019ta 5268 ki\u015finin usuls\u00fcz \u015fekilde \u00fcye yap\u0131ld\u0131\u011f\u0131 iddias\u0131yla dava a\u00e7an \u00fcyeler, Denetim Kurulu Ba\u015fkan\u0131 Feyyaz Tuncel\u2019e, yapt\u0131\u011f\u0131 a\u00e7\u0131klama sonras\u0131nda belgelerle tepki g\u00f6sterdi.<\/p>\n<p>Be\u015fikta\u015f\u2019ta 5268 ki\u015finin usule ayk\u0131r\u0131 \u015fekilde kul\u00fcbe \u00fcye yap\u0131ld\u0131\u011f\u0131 iddia edilmi\u015f ve baz\u0131 \u00fcyeler, bu konuya ilgili olarak dava a\u00e7m\u0131\u015ft\u0131. Hatta siyah-beyazl\u0131 kul\u00fcpte son yap\u0131lan se\u00e7imde, baz\u0131 \u00fcyelerin Be\u015fikta\u015fl\u0131 olmad\u0131\u011f\u0131 iddia edilerek oy kullanmak i\u00e7in salona gelmelerine tepki g\u00f6sterilmi\u015fti. Bu konuyla ilgili olarak 3 y\u0131l \u00f6nce a\u00e7\u0131lan davan\u0131n d\u00fcn duru\u015fmas\u0131 yap\u0131ld\u0131. Bu duru\u015fman\u0131n ard\u0131ndan Be\u015fikta\u015f Denetim Kurulu Ba\u015fkan\u0131 Feyyaz Tuncel\u2019e ait oldu\u011fu iddia edilen sosyal medya hesab\u0131ndan Be\u015fikta\u015f Denetim Kurulu ad\u0131na bug\u00fcn bir a\u00e7\u0131klama yay\u0131nland\u0131. A\u00e7\u0131klamada &#8220;\u0130stanbul 9. Asliye Hukuk Mahkemesi\u2019nde g\u00f6r\u00fclmekte olan 2016\/247 E. No\u2019lu dosyaya istinaden mahkemenin kurulumuzdan talep etti\u011fi bilgiler sunulmu\u015ftur. 11.07.2019 tarihli celsede kurulumuzun yaz\u0131s\u0131n\u0131n mahkemeye sunuldu\u011fu g\u00f6r\u00fclm\u00fc\u015ft\u00fcr. Mahkeme ara karar\u0131nda belgelerin \u00e7oklu\u011fu halinde ilgili belgelerin yerinde incelenmesi gerekti\u011fine karar vermi\u015ftir. Dolay\u0131s\u0131yla kurulumuzun mahkemeye bilgi vermedi\u011fi iddias\u0131 ger\u00e7ek d\u0131\u015f\u0131d\u0131r&#8221; ifadeleri kullan\u0131ld\u0131. Ancak gerek a\u00e7\u0131klaman\u0131n yaz\u0131l\u0131\u015f \u015fekli, gerekse yay\u0131nlanma bi\u00e7imi, davay\u0131 a\u00e7an \u00fcyelerin tepkisine neden oldu.<\/p>\n<p>&#8220;Bilirki\u015fi raporunun haz\u0131rlanmamas\u0131na sebebiyet verildi&#8221;<\/p>\n<p>\u0130stanbul 9. Asliye Mahkemesi\u2019nde d\u00fcn g\u00f6r\u00fclen davan\u0131n ard\u0131ndan yap\u0131lan a\u00e7\u0131klamalarda Be\u015fikta\u015f Denetim Kurulu\u2019nun, mahkemenin \u2019Acele\u2019 \u015ferhine uymad\u0131\u011f\u0131 iddia edildi. A\u00e7\u0131klamada \u015fu ifadeler kullan\u0131ld\u0131:<\/p>\n<p>&#8220;Notlar alarak, sosyal medyadan, resmi dayanaklara ait detay vermeden a\u00e7\u0131klama yapan Denetim Kurulu Ba\u015fkan\u0131 ve \u00dcyelerine, mahkeme evraklar\u0131yla biz davac\u0131lar\u0131n verdi\u011fi cevab\u0131 a\u015fa\u011f\u0131da payla\u015f\u0131yoruz.<\/p>\n<p>\u0130stanbul 9.Asliye Hukuk Mahkemesinin 25 Mart 2019 tarihinde verdi\u011fi ilk emir olan 2 nolu ara karar gere\u011fince; 1 Ocak 2014-31 Aral\u0131k 2015 d\u00f6nemine ait kefillik limiti a\u015f\u0131larak kul\u00fcbe \u00fcye yap\u0131lan ki\u015filerin listesinin, y\u0131ll\u0131k \u00fcyelik aidatlar\u0131 y\u0131l\u0131n son 5 g\u00fcn\u00fcnde nakit veya toplu yat\u0131r\u0131lan ki\u015filerin listesinin, y\u00f6neticilerin cari hesaplar\u0131na mahsuben \u00fcye yap\u0131lan ya da aidatlar\u0131 \u00f6denen ki\u015filerinin listelerinin, \u00f6zellikle 2015 y\u0131l\u0131nda yap\u0131lan genel kurul sonras\u0131nda ilave edilen \u00fcye say\u0131s\u0131 ve bu \u00fcyelerin \u00fcyeliklerinin yap\u0131ld\u0131\u011f\u0131 tarihler ve bunlara ili\u015fkin \u00fcye aidatlar\u0131n\u0131 g\u00f6steren bilgi ve belgelerin, \u00f6zellikle \u00fcyeliklere kabul formlar\u0131 ve \u00fcyelik aidatlar\u0131n\u0131n 2014-2015 y\u0131l\u0131nda \u00f6dendi\u011fini g\u00f6steren bilgi ve belgelerle birlikte temin edilerek mahkemeye g\u00f6nderilmesini, \u0130stanbul 9.Asliye Hukuk Mahkemesi istemi\u015ftir.<\/p>\n<p>Ayr\u0131ca karar dairesince istenilen bilgi ve belgelerin \u2018ACELE\u2019 olarak mahkemeye g\u00f6nderilmesi tekrar\u0131 yine 9.Asliye Hukuk Mahkemesi taraf\u0131ndan ikinci kez 5 Nisan 2019 tarihinde mahkeme hakiminin e-imzal\u0131 ve ka\u015feli oldu\u011fu m\u00fczekkere yaz\u0131s\u0131 BJK Futbol A.\u015e. ve Denetim Kurulu Ba\u015fkanl\u0131\u011f\u0131\u2019na avukatlar\u0131m\u0131z taraf\u0131ndan elden takipli olarak iletildi\u011fini Denetim Kurulu Ba\u015fkanl\u0131\u011f\u0131 gayet iyi bilmektedir.<\/p>\n<p>Mahkemenin 25 Mart 2019 tarihli ara karar\u0131na ve 5 Nisan 2019 tarihinde \u2018ACELE\u2019 olarak \u015ferh koydu\u011fu ve istedi\u011fi bilgi ve belgeleri davadan 3 g\u00fcn \u00f6nce yani 8 Temmuz 2019\u2019da vererek bilirki\u015fi raporunun haz\u0131rlanmamas\u0131na sebebiyet vermek, Be\u015fikta\u015f JK i\u00e7in \u00e7ok \u00f6nemli olan bu davan\u0131n celse tarihinin 5 ay daha uzamas\u0131na sebep olmak, \u00f6ncelikle ba\u011f\u0131ms\u0131z oldu\u011funuzu ekseriyetle ifade etti\u011finiz kurulunuza; BJK ilke ve duru\u015flar\u0131na, adil yarg\u0131lama s\u00fcresinin uzamas\u0131na, \u00f6zetle iki mahkeme karar\u0131na 4 ay sonra riayet etmek sizlere yak\u0131\u015f\u0131yor mu ve bu do\u011fru bir davran\u0131\u015f m\u0131d\u0131r?<\/p>\n<p>Son olarak; davadan 3 g\u00fcn \u00f6nce sundu\u011funuz detaylarla ilgili mahkemenin alm\u0131\u015f oldu\u011fu kararlara g\u00f6re dosyan\u0131z\u0131 sundu\u011funuzu umut ediyoruz. \u2018G\u00f6rmedim, duymad\u0131m, bilmiyorum\u2019 diyebilece\u011finiz bir mahkeme karar\u0131 yok. Her \u015fey sabittir ve mahkemenin emirleri dosyada ve al\u0131nan kararlarda mevcuttur. Derdimiz bu davan\u0131n adil yarg\u0131lama yap\u0131larak g\u00f6r\u00fclmesi ve kazanan\u0131n sadece Be\u015fikta\u015f JK olmas\u0131d\u0131r.<\/p>\n<p>Ba\u015fta Be\u015fikta\u015f camias\u0131na ve kamuoyuna sayg\u0131yla duyurulur.&#8221;<\/p>\n","protected":false},"excerpt":{"rendered":"<p>BE\u015e\u0130KTA\u015e\u2019TA 5268 K\u0130\u015e\u0130N\u0130N USULS\u00dcZ \u015eEK\u0130LDE \u00dcYE YAPILDI\u011eI \u0130DD\u0130ASIYLA DAVA A\u00c7AN \u00dcYELER, DENET\u0130M KURULU BA\u015eKANI FEYYAZ TUNCEL\u2019E, YAPTI\u011eI A\u00c7IKLAMA SONRASINDA BELGELERLE TEPK\u0130 G\u00d6STERD\u0130.<\/p>\n","protected":false},"author":1,"featured_media":181349,"comment_status":"closed","ping_status":"open","sticky":false,"template":"","format":"standard","meta":{"jetpack_post_was_ever_published":false,"_jetpack_newsletter_access":"","_jetpack_dont_email_post_to_subs":false,"_jetpack_newsletter_tier_id":0,"_jetpack_memberships_contains_paywalled_content":false,"_jetpack_memberships_contains_paid_content":false,"footnotes":"","jetpack_publicize_message":"","jetpack_publicize_feature_enabled":true,"jetpack_social_post_already_shared":true,"jetpack_social_options":{"image_generator_settings":{"template":"highway","default_image_id":0,"font":"","enabled":false},"version":2}},"categories":[657],"tags":[2864,6015,15305,3503,961],"class_list":["post-181348","post","type-post","status-publish","format-standard","has-post-thumbnail","hentry","category-spor","tag-besiktas","tag-denetim","tag-kuruluna","tag-sert","tag-tepki"],"jetpack_publicize_connections":[],"jetpack_featured_media_url":"https:\/\/i0.wp.com\/www.tvturk.com\/wp-content\/uploads\/2019\/07\/besiktas-denetim-kuruluna-sert-tepki_896df61.jpg?fit=674%2C564","jetpack_sharing_enabled":true,"jetpack_shortlink":"https:\/\/wp.me\/paKIfm-LaY","_links":{"self":[{"href":"http:\/\/www.tvturk.com\/index.php\/wp-json\/wp\/v2\/posts\/181348","targetHints":{"allow":["GET"]}}],"collection":[{"href":"http:\/\/www.tvturk.com\/index.php\/wp-json\/wp\/v2\/posts"}],"about":[{"href":"http:\/\/www.tvturk.com\/index.php\/wp-json\/wp\/v2\/types\/post"}],"author":[{"embeddable":true,"href":"http:\/\/www.tvturk.com\/index.php\/wp-json\/wp\/v2\/users\/1"}],"replies":[{"embeddable":true,"href":"http:\/\/www.tvturk.com\/index.php\/wp-json\/wp\/v2\/comments?post=181348"}],"version-history":[{"count":0,"href":"http:\/\/www.tvturk.com\/index.php\/wp-json\/wp\/v2\/posts\/181348\/revisions"}],"wp:featuredmedia":[{"embeddable":true,"href":"http:\/\/www.tvturk.com\/index.php\/wp-json\/wp\/v2\/media\/181349"}],"wp:attachment":[{"href":"http:\/\/www.tvturk.com\/index.php\/wp-json\/wp\/v2\/media?parent=181348"}],"wp:term":[{"taxonomy":"category","embeddable":true,"href":"http:\/\/www.tvturk.com\/index.php\/wp-json\/wp\/v2\/categories?post=181348"},{"taxonomy":"post_tag","embeddable":true,"href":"http:\/\/www.tvturk.com\/index.php\/wp-json\/wp\/v2\/tags?post=181348"}],"curies":[{"name":"wp","href":"https:\/\/api.w.org\/{rel}","templated":true}]}}