{"id":181354,"date":"2019-07-12T17:31:48","date_gmt":"2019-07-12T14:31:48","guid":{"rendered":"http:\/\/www.tvturk.com\/index.php\/15-temmuz-sehidi-ozel-harekat-polis-memuru-serin-mezari-basinda-anildi\/"},"modified":"2019-07-12T17:31:48","modified_gmt":"2019-07-12T14:31:48","slug":"15-temmuz-sehidi-ozel-harekat-polis-memuru-serin-mezari-basinda-anildi","status":"publish","type":"post","link":"http:\/\/www.tvturk.com\/index.php\/15-temmuz-sehidi-ozel-harekat-polis-memuru-serin-mezari-basinda-anildi\/","title":{"rendered":"15 Temmuz \u015eehidi \u00d6zel Harekat Polis Memuru Serin mezar\u0131 ba\u015f\u0131nda an\u0131ld\u0131"},"content":{"rendered":"<p>Fethullah\u00e7\u0131 Ter\u00f6r \u00d6rg\u00fct\u00fc\u2019n\u00fcn (FET\u00d6) 15 Temmuz\u2019daki Darbe Giri\u015fimi s\u0131ras\u0131nda Ankara G\u00f6lba\u015f\u0131\u2019ndaki \u00d6zel Harekat Daire Ba\u015fkanl\u0131\u011f\u0131na d\u00fczenlenen sald\u0131r\u0131da \u015eehit d\u00fc\u015fen \u00d6zel Harekat Polis Memuru Mustafa Serin, Burhaniye il\u00e7esinde mezar\u0131 ba\u015f\u0131nda an\u0131ld\u0131.<\/p>\n<p>Bal\u0131kesir Valili\u011fince organize edilen \u201915 Temmuz Demokrasi ve Milli Birlik G\u00fcn\u00fc\u2019 program\u0131 kapsam\u0131nda d\u00fczenlenen t\u00f6rende \u015eehit \u00d6zel Harekat Polis Memuru Mustafa Serin kabri ba\u015f\u0131nda an\u0131ld\u0131. Burada Vali Ersin Yaz\u0131c\u0131 ve beraberindekiler mezara karanfil b\u0131rakt\u0131. \u015eehidin mezar\u0131 ba\u015f\u0131nda okunan Kur\u2019an-\u0131 Kerim\u2019den sonra hep birlikte dua edildi. Daha sonra Vali Yaz\u0131c\u0131 ve beraberindekiler, \u015eehidimizin ailesini ziyaret etti.<\/p>\n<p>\u015eehit ailesi ile bir s\u00fcre sohbet eden Vali Ersin Yaz\u0131c\u0131, &#8220;Halk\u0131m\u0131z\u0131n demokrasi ve millet egemenli\u011finin korunmas\u0131 i\u00e7in g\u00f6sterdi\u011fi kutsal m\u00fccadelede \u015fehit olan Mustafa Serin karde\u015fimizi rahmetle an\u0131yorum. Mek\u00e2n\u0131 cennet olsun. \u015eehitlerimizi unutmayaca\u011f\u0131z, unutturmayaca\u011f\u0131z. Devletimiz ve milletimiz t\u00fcm \u015fehitlerimize her zaman minnettard\u0131r. Sizlere sab\u0131rlar diliyorum. \u015eehit yak\u0131nlar\u0131m\u0131z\u0131n ve gazilerimizin her t\u00fcrl\u00fc meselelerinde vali olarak ben de her zaman yanlar\u0131nday\u0131m. T\u00fcrk milleti b\u00fcy\u00fck bir millet, \u015fehitlerimizin \u00e7ocuklar\u0131 bizim \u00e7ocuklar\u0131m\u0131z bu b\u00fcy\u00fck devlet geride kalanlara b\u00fcy\u00fckl\u00fc\u011f\u00fcn\u00fc g\u00f6stererek bu \u00fclkenin bir \u00e7ak\u0131l ta\u015f\u0131n\u0131 hi\u00e7 kimseye vermeyece\u011fimizi ve cumhuriyetimizden, demokrasimizden asla vazge\u00e7meyece\u011fimizi dimdik duru\u015fumuzla g\u00f6stererek yolumuza devam edece\u011fiz. Bunu her yerde her durumda platformlarda s\u00f6yl\u00fcyoruz ve s\u00f6ylemeye devam ediyoruz. Ruhu \u015fad olsun. Allah, ba\u015fta \u00e7ocuklar\u0131 olmak \u00fczere e\u015fini ve annesini Mustafa Serin karde\u015fimizi cennette bulu\u015ftursun diyorum.&#8221; \u015feklinde konu\u015ftu.<\/p>\n<p>Vali Yaz\u0131c\u0131, \u015fehit annesi Fatma Sevcan Serin\u2019e T\u00fcrk bayra\u011f\u0131 arma\u011fan etti. Ziyaretlerde Vali Ersin Yaz\u0131c\u0131\u2019ya Burhaniye Kaymakam\u0131 H\u00fcseyin \u00d6ner, \u0130l Jandarma Komutan\u0131 Jandarma K\u0131demli Albay Murat K\u0131nay, Burhaniye Belediye Ba\u015fkan\u0131 Ali Kemal Deveciler, Bal\u0131kesir B\u00fcy\u00fck\u015fehir Belediyesi Genel Sekreter Yard\u0131mc\u0131s\u0131 H\u00fcseyin Deniz e\u015flik etti.<\/p>\n","protected":false},"excerpt":{"rendered":"<p>FETULLAH\u00c7I TER\u00d6R \u00d6RG\u00dcT\u00dc&#8217;N\u00dcN (FET\u00d6) 15 TEMMUZ&#8217;DAK\u0130 HA\u0130N DARBE G\u0130R\u0130\u015e\u0130M\u0130 SIRASINDA ANKARA G\u00d6LBA\u015eI&#8217;NDAK\u0130 \u00d6ZEL HAREKAT DA\u0130RE BA\u015eKANLI\u011eINA D\u00dcZENLENEN SALDIRIDA \u015eEH\u0130T D\u00dc\u015eEN \u00d6ZEL HAREKAT POL\u0130S MEMURU MUSTAFA SER\u0130N BURHAN\u0130YE \u0130L\u00c7ES\u0130NDE MEZARI BA\u015eINDA ANILDI.<\/p>\n","protected":false},"author":1,"featured_media":181355,"comment_status":"closed","ping_status":"open","sticky":false,"template":"","format":"standard","meta":{"jetpack_post_was_ever_published":false,"_jetpack_newsletter_access":"","_jetpack_dont_email_post_to_subs":false,"_jetpack_newsletter_tier_id":0,"_jetpack_memberships_contains_paywalled_content":false,"_jetpack_memberships_contains_paid_content":false,"footnotes":"","jetpack_publicize_message":"","jetpack_publicize_feature_enabled":true,"jetpack_social_post_already_shared":true,"jetpack_social_options":{"image_generator_settings":{"template":"highway","default_image_id":0,"font":"","enabled":false},"version":2}},"categories":[1],"tags":[1073,241,240,1795,3258,239,996,5327,38417,1148],"class_list":["post-181354","post","type-post","status-publish","format-standard","has-post-thumbnail","hentry","category-genel","tag-ozel","tag-anildi","tag-basinda","tag-harekat","tag-memuru","tag-mezari","tag-polis","tag-sehidi","tag-serin","tag-temmuz"],"jetpack_publicize_connections":[],"jetpack_featured_media_url":"https:\/\/i0.wp.com\/www.tvturk.com\/wp-content\/uploads\/2019\/07\/15-temmuz-sehidi-ozel-harekat-polis-memuru-serin-mezari-basinda-anildi_0bc60ac.jpg?fit=1000%2C666","jetpack_sharing_enabled":true,"jetpack_shortlink":"https:\/\/wp.me\/paKIfm-Lb4","_links":{"self":[{"href":"http:\/\/www.tvturk.com\/index.php\/wp-json\/wp\/v2\/posts\/181354","targetHints":{"allow":["GET"]}}],"collection":[{"href":"http:\/\/www.tvturk.com\/index.php\/wp-json\/wp\/v2\/posts"}],"about":[{"href":"http:\/\/www.tvturk.com\/index.php\/wp-json\/wp\/v2\/types\/post"}],"author":[{"embeddable":true,"href":"http:\/\/www.tvturk.com\/index.php\/wp-json\/wp\/v2\/users\/1"}],"replies":[{"embeddable":true,"href":"http:\/\/www.tvturk.com\/index.php\/wp-json\/wp\/v2\/comments?post=181354"}],"version-history":[{"count":0,"href":"http:\/\/www.tvturk.com\/index.php\/wp-json\/wp\/v2\/posts\/181354\/revisions"}],"wp:featuredmedia":[{"embeddable":true,"href":"http:\/\/www.tvturk.com\/index.php\/wp-json\/wp\/v2\/media\/181355"}],"wp:attachment":[{"href":"http:\/\/www.tvturk.com\/index.php\/wp-json\/wp\/v2\/media?parent=181354"}],"wp:term":[{"taxonomy":"category","embeddable":true,"href":"http:\/\/www.tvturk.com\/index.php\/wp-json\/wp\/v2\/categories?post=181354"},{"taxonomy":"post_tag","embeddable":true,"href":"http:\/\/www.tvturk.com\/index.php\/wp-json\/wp\/v2\/tags?post=181354"}],"curies":[{"name":"wp","href":"https:\/\/api.w.org\/{rel}","templated":true}]}}