{"id":181362,"date":"2019-07-12T17:46:55","date_gmt":"2019-07-12T14:46:55","guid":{"rendered":"http:\/\/www.tvturk.com\/index.php\/bursa-saglik-ussu-oluyor\/"},"modified":"2019-07-12T17:46:55","modified_gmt":"2019-07-12T14:46:55","slug":"bursa-saglik-ussu-oluyor","status":"publish","type":"post","link":"http:\/\/www.tvturk.com\/index.php\/bursa-saglik-ussu-oluyor\/","title":{"rendered":"Bursa \u2018sa\u011fl\u0131k \u00fcss\u00fc\u2019 oluyor"},"content":{"rendered":"<p>Sa\u011fl\u0131k Bakan\u0131 Fahrettin Koca, Bursa\u2019n\u0131n sa\u011fl\u0131kta \u00f6nc\u00fc olmas\u0131 hedefiyle \u00f6nemli ad\u0131mlar at\u0131laca\u011f\u0131n\u0131, \u015fehrin termal kaynaklar\u0131yla sa\u011fl\u0131k turizminde \u00f6ne \u00e7\u0131kaca\u011f\u0131n\u0131 s\u00f6yledi.<\/p>\n<p>Sa\u011fl\u0131k Bakan\u0131 Dr. Fahrettin Koca, Bursa temaslar\u0131 \u00e7er\u00e7evesinde Nil\u00fcfer Do\u011fank\u00f6y\u2019de 16 Temmuz Sal\u0131 g\u00fcn\u00fc hasta kabul\u00fcne ba\u015flayacak olan \u015eehir Hastanesi\u2019nde incelemelerde bulundu. Bursa\u2019da B\u00fcy\u00fck\u015fehir Belediye Ba\u015fkan\u0131 Alinur Akta\u015f ile ba\u015fkanl\u0131k makam\u0131nda bir araya gelen Bakan Koca, Bursa\u2019n\u0131n sa\u011fl\u0131kta \u00f6nc\u00fc bir kent olmas\u0131n\u0131 hedeflediklerini belirtti.<\/p>\n<p>Bursa B\u00fcy\u00fck\u015fehir Belediye Ba\u015fkan\u0131 Alinur Akta\u015f, sa\u011fl\u0131k ve e\u011fitimin bir toplumun geli\u015fmi\u015fli\u011finin en \u00f6nemli g\u00f6stergesi oldu\u011funu s\u00f6yledi. 3 milyon n\u00fcfuslu Bursa\u2019da sadece merkez de\u011fil, \u00c7anakkale, Bal\u0131kesir, Yalova, Bilecik ve K\u00fctahya gibi illeri de kapsayan yakla\u015f\u0131k 5,5 &#8211; 6 milyonluk lokasyona hizmet edildi\u011fini vurgulayan Ba\u015fkan Akta\u015f, sa\u011fl\u0131\u011f\u0131n \u00f6nemine vurgu yaparak, \u201c\u015eehir Hastanesi\u2019ne ula\u015f\u0131mla ilgili ilk olarak bug\u00fcn itibariyle \u015fehrin 3 farkl\u0131 noktas\u0131ndan seferlerimiz ba\u015flad\u0131. Sal\u0131 g\u00fcn\u00fc fiili olarak da orada hizmet ba\u015flayacak. Sal\u0131 g\u00fcn\u00fc Muradiye Devlet Hastanesi\u2019ne gelen hastalar\u0131n sevkiyle ilgili B\u00fcy\u00fck\u015fehir Belediyesi olarak bedelsiz, bir hafta boyunca destek verece\u011fiz\u201d dedi.<\/p>\n<p>\u015eehir Hastanesi\u2019ne ula\u015f\u0131m\u0131 kolayla\u015ft\u0131racak 6,5 kilometrelik kestirme yolun 3,5 kilometresinde asfaltlama \u00e7al\u0131\u015fmalar\u0131n\u0131n devam etti\u011fini hat\u0131rlatan Ba\u015fkan Akta\u015f, \u201cDi\u011fer 3 kilometrelik yolun kamula\u015ft\u0131rmas\u0131 ba\u015flad\u0131 ve en k\u0131sa zamanda bitirmeyi istiyoruz. \u00d6te yandan rayl\u0131 sistemin Emek\u2019ten \u015eehir Hastanesi\u2019ne 5,5 kilometrelik hatla uzat\u0131lmas\u0131n\u0131n ard\u0131ndan \u015fehrin t\u00fcm noktalar\u0131ndan \u015eehir Hastanesi\u2019ne ula\u015f\u0131m\u0131 sa\u011flam\u0131\u015f olaca\u011f\u0131z\u201d diye konu\u015ftu.<\/p>\n<p>Onuncu \u015eehir Hastanesi Bursa\u2019da<\/p>\n<p>Sa\u011fl\u0131k Bakan\u0131 Fahreddin Koca da lise \u00f6\u011frenimini Bursa Erkek Lisesi\u2019nde tamamlad\u0131\u011f\u0131n\u0131 hat\u0131rlatarak, \u201cBursa\u2019y\u0131, \u015eehir Hastanesi ile birlikte, bir sa\u011fl\u0131k \u00fcss\u00fc yapmak istiyoruz\u201d dedi.<\/p>\n<p>\u015eehir hastanelerinin Cumhurba\u015fkan\u0131 Recep Tayyip Erdo\u011fan\u2019\u0131n hayali oldu\u011funu hat\u0131rlatan Bakan Koca, Ankara Bilkent \u015eehir Hastanesi\u2019nin ard\u0131ndan 5 ay sonra, 10. \u015eehir Hastanesi\u2019nin de Bursa\u2019da faaliyete a\u00e7\u0131laca\u011f\u0131n\u0131 kaydederek, \u201c\u015eehir hastanelerini, bulunduklar\u0131 b\u00f6lgede son noktada hizmet veren, fiziki altyap\u0131s\u0131, ileri teknolojisi, disiplinleri ve bran\u015f \u00e7e\u015fitlili\u011fiyle hastan\u0131n ba\u015fka b\u00f6lgeye, ile veya hastanelere sevk edilmedi\u011fi, \u00fcniversitelerle i\u015fbirli\u011fi i\u00e7inde olan birer sa\u011fl\u0131k \u00fcss\u00fc olarak konumland\u0131r\u0131yoruz. Bursa\u2019daki hastanemiz de \u00f6zellikle G\u00fcney Marmara B\u00f6lgesi\u2019nde, 5 &#8211; 5,5 milyona hizmet edebilecek konumda olan bir hastane. Daha \u00f6nceden planlanan ve bu ta\u015f\u0131ma s\u00fcreciyle birlikte baz\u0131 hastanelerimizin tadilatlar\u0131, kullan\u0131ma haz\u0131r hale gelmeleri sa\u011flanarak yine \u015eehir Hastanesi ile b\u00fct\u00fcnl\u00fck i\u00e7inde sa\u011fl\u0131k e\u011fitimi ama\u00e7l\u0131 kullan\u0131lacak\u201d \u015feklinde konu\u015ftu.<\/p>\n<p>Ula\u015f\u0131ma \u00e7\u00f6z\u00fcm \u2018h\u0131zl\u0131 kamula\u015ft\u0131rma\u2019<\/p>\n<p>Bakan Koca, hastaneye ula\u015f\u0131mda devam eden kamula\u015ft\u0131rmalar i\u00e7in de b\u00f6lgede h\u0131zl\u0131 Kamula\u015ft\u0131rmay\u0131 devreye almay\u0131 ve Cumhurba\u015fkan\u0131 Erdo\u011fan ile g\u00f6r\u00fc\u015f\u00fcp h\u0131zla bir kararnameyle bu s\u00fcreci tamamlamak istediklerini anlatt\u0131.<\/p>\n<p>Bursa\u2019n\u0131n lokasyonu ve do\u011fal kaynaklar\u0131n\u0131n de\u011ferine de vurgu yapan Bakan Koca, termal potansiyeline ra\u011fmen Bursa\u2019n\u0131n sa\u011fl\u0131k turizminden almas\u0131 gereken pay\u0131 daha almad\u0131\u011f\u0131n\u0131 s\u00f6yledi. Termal ve rehabilitasyon ama\u00e7l\u0131 do\u011fal kaynaklar\u0131yla Bursa\u2019ya dair sa\u011fl\u0131k turizminde daha \u00f6ncelikli bir yakla\u015f\u0131mda olacaklar\u0131n\u0131 anlatan Koca, \u015eehir Hastanesi\u2019nin de bunu tamamlayan unsur oldu\u011funu ifade ederek, Bursa\u2019n\u0131n sa\u011fl\u0131kta \u00f6nc\u00fc bir sa\u011fl\u0131k \u015fehri olaca\u011f\u0131n\u0131 ifade etti.<\/p>\n","protected":false},"excerpt":{"rendered":"<p>SA\u011eLIK BAKANI FAHRETT\u0130N KOCA, BURSA\u2019NIN SA\u011eLIKTA \u00d6NC\u00dc OLMASI HEDEF\u0130YLE \u00d6NEML\u0130 ADIMLAR ATILACA\u011eINI, \u015eEHR\u0130N TERMAL KAYNAKLARIYLA SA\u011eLIK TUR\u0130ZM\u0130NDE \u00d6NE \u00c7IKACA\u011eINI S\u00d6YLED\u0130.<\/p>\n","protected":false},"author":1,"featured_media":181363,"comment_status":"closed","ping_status":"open","sticky":false,"template":"","format":"standard","meta":{"jetpack_post_was_ever_published":false,"_jetpack_newsletter_access":"","_jetpack_dont_email_post_to_subs":false,"_jetpack_newsletter_tier_id":0,"_jetpack_memberships_contains_paywalled_content":false,"_jetpack_memberships_contains_paid_content":false,"footnotes":"","jetpack_publicize_message":"","jetpack_publicize_feature_enabled":true,"jetpack_social_post_already_shared":true,"jetpack_social_options":{"image_generator_settings":{"template":"highway","default_image_id":0,"font":"","enabled":false},"version":2}},"categories":[1],"tags":[4479,145,734,18601],"class_list":["post-181362","post","type-post","status-publish","format-standard","has-post-thumbnail","hentry","category-genel","tag-bursa","tag-oluyor","tag-saglik","tag-ussu"],"jetpack_publicize_connections":[],"jetpack_featured_media_url":"https:\/\/i0.wp.com\/www.tvturk.com\/wp-content\/uploads\/2019\/07\/bursa-saglik-ussu-oluyor_4ba287f.jpg?fit=1000%2C757","jetpack_sharing_enabled":true,"jetpack_shortlink":"https:\/\/wp.me\/paKIfm-Lbc","_links":{"self":[{"href":"http:\/\/www.tvturk.com\/index.php\/wp-json\/wp\/v2\/posts\/181362","targetHints":{"allow":["GET"]}}],"collection":[{"href":"http:\/\/www.tvturk.com\/index.php\/wp-json\/wp\/v2\/posts"}],"about":[{"href":"http:\/\/www.tvturk.com\/index.php\/wp-json\/wp\/v2\/types\/post"}],"author":[{"embeddable":true,"href":"http:\/\/www.tvturk.com\/index.php\/wp-json\/wp\/v2\/users\/1"}],"replies":[{"embeddable":true,"href":"http:\/\/www.tvturk.com\/index.php\/wp-json\/wp\/v2\/comments?post=181362"}],"version-history":[{"count":0,"href":"http:\/\/www.tvturk.com\/index.php\/wp-json\/wp\/v2\/posts\/181362\/revisions"}],"wp:featuredmedia":[{"embeddable":true,"href":"http:\/\/www.tvturk.com\/index.php\/wp-json\/wp\/v2\/media\/181363"}],"wp:attachment":[{"href":"http:\/\/www.tvturk.com\/index.php\/wp-json\/wp\/v2\/media?parent=181362"}],"wp:term":[{"taxonomy":"category","embeddable":true,"href":"http:\/\/www.tvturk.com\/index.php\/wp-json\/wp\/v2\/categories?post=181362"},{"taxonomy":"post_tag","embeddable":true,"href":"http:\/\/www.tvturk.com\/index.php\/wp-json\/wp\/v2\/tags?post=181362"}],"curies":[{"name":"wp","href":"https:\/\/api.w.org\/{rel}","templated":true}]}}