{"id":181376,"date":"2019-07-12T18:01:51","date_gmt":"2019-07-12T15:01:51","guid":{"rendered":"http:\/\/www.tvturk.com\/index.php\/balikesirde-fetoye-nefes-aldirilmiyor\/"},"modified":"2019-07-12T18:01:51","modified_gmt":"2019-07-12T15:01:51","slug":"balikesirde-fetoye-nefes-aldirilmiyor","status":"publish","type":"post","link":"http:\/\/www.tvturk.com\/index.php\/balikesirde-fetoye-nefes-aldirilmiyor\/","title":{"rendered":"Bal\u0131kesir\u2019de FET\u00d6\u2019ye nefes ald\u0131r\u0131lm\u0131yor"},"content":{"rendered":"<p>Bal\u0131kesir\u2019de, Fethullah\u00e7\u0131 Ter\u00f6r \u00d6rg\u00fct\u00fc\/Paralel Devlet Yap\u0131lanmas\u0131\u2019n\u0131n (FET\u00d6\/PDY) esnaf yap\u0131lanmas\u0131na y\u00f6nelik soru\u015fturma kapsam\u0131nda 11 \u015fah\u0131s adliyeye \u00e7\u0131kar\u0131ld\u0131.<\/p>\n<p>Bal\u0131kesir Emniyet M\u00fcd\u00fcrl\u00fc\u011f\u00fc KOM \u015eube M\u00fcd\u00fcrl\u00fc\u011f\u00fc taraf\u0131ndan \u2019ByLock\u2019 i\u00e7eriklerine y\u00f6nelik yap\u0131lan \u00e7al\u0131\u015fmada \u00f6rg\u00fcte finans deste\u011fi sa\u011flad\u0131\u011f\u0131 ve esnaf yap\u0131lanmas\u0131 i\u00e7erisinde oldu\u011fu tespit edilen toplam 11 \u015f\u00fcpheli adliyeye \u00e7\u0131kar\u0131ld\u0131.<\/p>\n<p>Bal\u0131kesir KOM \u015eube M\u00fcd\u00fcrl\u00fc\u011f\u00fcn\u00fcn titizlikle y\u00fcr\u00fctt\u00fc\u011f\u00fc operasyonda \u00f6rg\u00fct\u00fcn \u00fcst d\u00fczey y\u00f6netiminde bulunan \u015f\u00fcphelilerin aras\u0131nda ge\u00e7en ByLock yaz\u0131\u015fmalar\u0131nda, esnaflardan toplanacak himmet miktarlar\u0131n\u0131n tek tek belirlendi\u011fi, hangi esnaftan ne kadar himmet paras\u0131 toplanaca\u011f\u0131n\u0131n listesinin tutuldu\u011fu, \u00f6rg\u00fcte m\u00fczahir kurumlar\u0131n faturalar\u0131n\u0131n bu esnaflara \u00f6dettirildi\u011fi, himmet ad\u0131 alt\u0131nda para toplanan bu ki\u015filerinin isimlerinin gizli tutulmas\u0131yla ilgili \u00f6zel bir \u00f6nem verildi\u011fi, bu \u015f\u00fcphelilerin daha \u00f6nce adli i\u015flem g\u00f6rmedi\u011fi ve de\u015fifre edilmedi\u011fi, esnaf yap\u0131lanmas\u0131 sorumlusunun yabanc\u0131 uyruklu \u015fah\u0131s ad\u0131na ileti\u015fim hatt\u0131 kulland\u0131\u011f\u0131 ve ByLock ileti\u015fimlerini bu hat \u00fczerinden ger\u00e7ekle\u015ftirdi\u011fi tespit edildi.<\/p>\n<p>9 Temmuz g\u00fcn\u00fc \u0130stanbul ve Bal\u0131kesir\u2019de yap\u0131lan e\u015f zamanl\u0131 operasyonda aralar\u0131nda esnaf yap\u0131lanmas\u0131 sorumlusunun da bulundu\u011fu ve yakalanan 11 ki\u015finin adliyedeki sorgular\u0131 s\u00fcr\u00fcyor.<\/p>\n","protected":false},"excerpt":{"rendered":"<p>BALIKES\u0130R&#8217;DE, FETHULLAH\u00c7I TER\u00d6R \u00d6RG\u00dcT\u00dc\/PARALEL DEVLET YAPILANMASI&#8217;NIN (FET\u00d6\/PDY) ESNAF YAPILANMASINA Y\u00d6NEL\u0130K SORU\u015eTURMA KAPSAMINDA 11 \u015eAHIS ADL\u0130YEYE \u00c7IKARILDI.<\/p>\n","protected":false},"author":1,"featured_media":181377,"comment_status":"closed","ping_status":"open","sticky":false,"template":"","format":"standard","meta":{"jetpack_post_was_ever_published":false,"_jetpack_newsletter_access":"","_jetpack_dont_email_post_to_subs":false,"_jetpack_newsletter_tier_id":0,"_jetpack_memberships_contains_paywalled_content":false,"_jetpack_memberships_contains_paid_content":false,"footnotes":"","jetpack_publicize_message":"","jetpack_publicize_feature_enabled":true,"jetpack_social_post_already_shared":true,"jetpack_social_options":{"image_generator_settings":{"template":"highway","default_image_id":0,"font":"","enabled":false},"version":2}},"categories":[1],"tags":[44705,1113,19689,223],"class_list":["post-181376","post","type-post","status-publish","format-standard","has-post-thumbnail","hentry","category-genel","tag-aldirilmiyor","tag-balikesirde","tag-fetoye","tag-nefes"],"jetpack_publicize_connections":[],"jetpack_featured_media_url":"https:\/\/i0.wp.com\/www.tvturk.com\/wp-content\/uploads\/2019\/07\/balikesirde-fetoye-nefes-aldirilmiyor_49df56e.jpg?fit=1000%2C578","jetpack_sharing_enabled":true,"jetpack_shortlink":"https:\/\/wp.me\/paKIfm-Lbq","_links":{"self":[{"href":"http:\/\/www.tvturk.com\/index.php\/wp-json\/wp\/v2\/posts\/181376","targetHints":{"allow":["GET"]}}],"collection":[{"href":"http:\/\/www.tvturk.com\/index.php\/wp-json\/wp\/v2\/posts"}],"about":[{"href":"http:\/\/www.tvturk.com\/index.php\/wp-json\/wp\/v2\/types\/post"}],"author":[{"embeddable":true,"href":"http:\/\/www.tvturk.com\/index.php\/wp-json\/wp\/v2\/users\/1"}],"replies":[{"embeddable":true,"href":"http:\/\/www.tvturk.com\/index.php\/wp-json\/wp\/v2\/comments?post=181376"}],"version-history":[{"count":0,"href":"http:\/\/www.tvturk.com\/index.php\/wp-json\/wp\/v2\/posts\/181376\/revisions"}],"wp:featuredmedia":[{"embeddable":true,"href":"http:\/\/www.tvturk.com\/index.php\/wp-json\/wp\/v2\/media\/181377"}],"wp:attachment":[{"href":"http:\/\/www.tvturk.com\/index.php\/wp-json\/wp\/v2\/media?parent=181376"}],"wp:term":[{"taxonomy":"category","embeddable":true,"href":"http:\/\/www.tvturk.com\/index.php\/wp-json\/wp\/v2\/categories?post=181376"},{"taxonomy":"post_tag","embeddable":true,"href":"http:\/\/www.tvturk.com\/index.php\/wp-json\/wp\/v2\/tags?post=181376"}],"curies":[{"name":"wp","href":"https:\/\/api.w.org\/{rel}","templated":true}]}}