{"id":181380,"date":"2019-07-12T18:02:00","date_gmt":"2019-07-12T15:02:00","guid":{"rendered":"http:\/\/www.tvturk.com\/index.php\/bursa-yeni-karakoluna-kavusmak-icin-gun-sayiyor\/"},"modified":"2019-07-12T18:02:00","modified_gmt":"2019-07-12T15:02:00","slug":"bursa-yeni-karakoluna-kavusmak-icin-gun-sayiyor","status":"publish","type":"post","link":"http:\/\/www.tvturk.com\/index.php\/bursa-yeni-karakoluna-kavusmak-icin-gun-sayiyor\/","title":{"rendered":"Bursa yeni karakoluna kavu\u015fmak i\u00e7in g\u00fcn say\u0131yor"},"content":{"rendered":"<p>Osmangazi Belediyesi, depreme dayan\u0131ks\u0131z oldu\u011fu tespit edildi\u011fi i\u00e7in bo\u015falt\u0131larak y\u0131k\u0131lan G\u00fclbah\u00e7e Polis Merkezi\u2019nin yerine K\u00fc\u00e7\u00fckbal\u0131kl\u0131 Mahallesi\u2019nde modern bir polis merkezi in\u015fa ediyor. Toplam 2 bin 132 metrekare alan \u00fczerine yap\u0131lacak olan K\u00fc\u00e7\u00fckbal\u0131kl\u0131 Polis Merkezi iki kattan olu\u015facak. 22 ara\u00e7l\u0131k otopark\u0131, modern mimarisi ve emniyet birimlerinin ihtiya\u00e7 duydu\u011fu fonksiyonlarla in\u015fa edilecek olan merkez, 1 y\u0131l i\u00e7erisinde hizmete girecek. K\u00fc\u00e7\u00fckbal\u0131kl\u0131 Polis Merkezi\u2019nin in\u015faat\u0131 i\u00e7in 3 milyon 740 bin TL kaynak kullan\u0131lacak. Daha geni\u015f bir b\u00f6lgeye hitap edecek olan K\u00fc\u00e7\u00fckbal\u0131kl\u0131 Polis Merkezi, emniyet te\u015fkilat\u0131n\u0131n modern bir ortamda vatanda\u015flar\u0131n g\u00fcvenli\u011fi ve huzuru i\u00e7in en g\u00fczel hizmetleri sunmas\u0131na vesile olacak.<\/p>\n<p>Yunus timlerinden g\u00f6steri<\/p>\n<p>Osmangazi Belediye Ba\u015fkan\u0131 Mustafa D\u00fcndar\u2019\u0131n ev sahipli\u011finde d\u00fczenlenen K\u00fc\u00e7\u00fckbal\u0131kl\u0131 Polis Merkezi\u2019nin temel atma t\u00f6reni \u00f6ncesi emniyet te\u015fkilat\u0131 b\u00fcnyesinde bulunan motosikletli polis timleri nefes kesen bir g\u00f6steri sundu. Motosiklet \u00fczerinde akrobatik hareketler yapan polisler, izleyenler taraf\u0131ndan b\u00fcy\u00fck alk\u0131\u015f ald\u0131.  Osmangazi Belediyesi Halk Danslar\u0131 Toplulu\u011fu da oynad\u0131\u011f\u0131 oyunlar ile temel atma t\u00f6renine renk katt\u0131. K\u00fc\u00e7\u00fckbal\u0131kl\u0131 Polis Merkezi\u2019nin temel atma t\u00f6renine Ba\u015fkan D\u00fcndar\u2019\u0131n yan\u0131 s\u0131ra AK Parti Bursa Milletvekili Refik \u00d6zen, Bursa B\u00fcy\u00fck\u015fehir Belediye Ba\u015fkan Vekili Murat Demir, Bursa \u0130l Emniyet M\u00fcd\u00fcr Yard\u0131mc\u0131s\u0131 \u00d6nder D\u00fclger, AK Parti Osmangazi \u0130l\u00e7e Ba\u015fkan\u0131 Ufuk C\u00f6mez, belediye meclis \u00fcyeleri, emniyet te\u015fkilat\u0131 \u00fcyeleri ve vatanda\u015flar kat\u0131ld\u0131.<\/p>\n<p>Temel atma t\u00f6reninde konu\u015fan Osmangazi Belediye Ba\u015fkan\u0131 Mustafa D\u00fcndar, belediye olarak vatanda\u015flar\u0131n istekleri ve ihtiya\u00e7lar\u0131 do\u011frultusunda her alanda hizmet \u00fcrettiklerini belirtti. Temizlik, asfalt, zab\u0131ta gibi temel hizmetlerin yan\u0131 s\u0131ra mahallelerin ihtiya\u00e7 duydu\u011fu sosyal ihtiya\u00e7lar\u0131 da kar\u015f\u0131lamak i\u00e7in \u00e7al\u0131\u015ft\u0131klar\u0131na dikkat \u00e7eken D\u00fcndar, \u201cSosyal belediyecilik anlay\u0131\u015f\u0131, sadece kamu kaynaklar\u0131n\u0131 kullanarak hizmet \u00fcretmek de\u011fil, hem\u015fehrimiz ile b\u00fct\u00fcnle\u015ferek \u015fehrimiz ve insan\u0131m\u0131z i\u00e7in en verimli projeleri hayata ge\u00e7irebilmek demektir. Belediyelerin sorumluluk alan\u0131na girsin girmesin vatanda\u015f\u0131n \u00e7\u00f6z\u00fcm arad\u0131\u011f\u0131, ba\u015fvurdu\u011fu yer, yerel y\u00f6netimlerdir. Bu y\u00fczden biz de hem\u015fehrimizin \u00e7\u00f6z\u00fcm istedi\u011fi her noktada hizmet \u00fcretiyoruz. Bug\u00fcn de bu amac\u0131m\u0131z\u0131n bir g\u00f6stergesi olan K\u00fc\u00e7\u00fckbal\u0131kl\u0131 Polis Merkezi\u2019nin temelini at\u0131yoruz. Daha \u00f6nce \u00c7ar\u015f\u0131 Polis Merkezi ile Ba\u011flarba\u015f\u0131 Mahallesi\u2019ne bir polis merkezi kazand\u0131rm\u0131\u015ft\u0131k. Faydal\u0131 ve ihtiyaca cevap veren ayn\u0131 yat\u0131r\u0131m\u0131 K\u00fc\u00e7\u00fckbal\u0131kl\u0131 Mahallemiz\u2019de yap\u0131yoruz. G\u00fclbah\u00e7e\u2019deki Polis Merkezi depreme dayan\u0131kl\u0131 olmad\u0131\u011f\u0131 i\u00e7in o binan\u0131n yerine K\u00fc\u00e7\u00fckbal\u0131kl\u0131 Mahallesi\u2019ne yeni bir polis merkezi kazand\u0131r\u0131yoruz. G\u00fclbah\u00e7e\u2019deki eski binan\u0131n yerine de g\u00fczel bir meydan yapaca\u011f\u0131z. Sadece bu mahallemize de\u011fil b\u00f6lgeye hizmet verecek yeni polis merkezimiz hay\u0131rl\u0131 u\u011furlu olsun\u201d diye konu\u015ftu.<\/p>\n<p>D\u00fcndar: \u201cHizmet \u00dcretirken \u00c7ok Y\u00f6nl\u00fc D\u00fc\u015f\u00fcn\u00fcyoruz\u201d<\/p>\n<p>Bir hizmeti \u00fcretirken tek y\u00f6nl\u00fc d\u00fc\u015f\u00fcnmediklerini ifade eden D\u00fcndar, \u201cSundu\u011fumuz hizmetten birka\u00e7 fayda sa\u011flayabiliyorsak, o zaman Osmangazi\u2019deki hem\u015fehrilerimizin kazanc\u0131d\u0131r diyoruz. \u00c7\u00fcnk\u00fc, Osmangazi\u2019de arsa \u00fcretmek \u00e7ok zor. Bu y\u00fczden hizmet sunarken uzun vadeli d\u00fc\u015f\u00fcnmek zorunday\u0131z. Osmangazi Meydan\u0131 da b\u00f6yle bir d\u00fc\u015f\u00fcncenin eseridir. Meydan\u0131n alt\u0131na otopark\u0131yla, nikah salonuyla birlikte \u015fehrin merkezindeki trafik yo\u011funlu\u011funu azaltaca\u011f\u0131z. Toplu ula\u015f\u0131ma katk\u0131 sa\u011flayacak bir projemizin temelini de \u00f6n\u00fcm\u00fczdeki g\u00fcnlerde ataca\u011f\u0131z\u201d dedi.<\/p>\n<p>\u201cOsmangazi T\u00fcrkiye\u2019nin parlayan y\u0131ld\u0131z\u0131\u201d<\/p>\n<p>AK Parti Bursa Milletvekili Refik \u00d6zen de Osmangazi Belediyesi\u2019nin her alanda \u00f6nemli projelere imza att\u0131\u011f\u0131n\u0131 belirterek, \u201cOsmangazi Belediyesi K\u00fc\u00e7\u00fckbal\u0131kl\u0131\u2019da ihtiyaca cevap verebilir nitelikte modern bir polis merkezi kazand\u0131r\u0131yor. Osmangazi sadece Bursa\u2019n\u0131n de\u011fil, T\u00fcrkiye\u2019nin parlayan y\u0131ld\u0131z\u0131 olmaya devam edecek. \u00d6n\u00fcm\u00fczdeki 5 y\u0131l i\u00e7erisinde b\u00fcy\u00fck projelere hep birlikte imza ataca\u011f\u0131z. Bu modern polis merkezini emniyet te\u015fkilat\u0131m\u0131za kazand\u0131rd\u0131klar\u0131 i\u00e7in Ba\u015fkan\u0131m\u0131z Mustafa D\u00fcndar ve ekibine te\u015fekk\u00fcr ediyorum\u201d dedi.<\/p>\n<p>Bursa B\u00fcy\u00fck\u015fehir Belediye Ba\u015fkan Vekili Murat Demir ise, \u201cK\u00f6kl\u00fc bir ge\u00e7mi\u015fe sahip olan emniyet te\u015fkilat\u0131m\u0131z, birikim ve tecr\u00fcbesi ile insan\u0131m\u0131z\u0131n huzur ve g\u00fcvenli\u011fi i\u00e7in y\u0131l\u0131n her g\u00fcn\u00fc, g\u00fcn\u00fcn her saati yurdumuzun her k\u00f6\u015fesinde g\u00f6revlerini ba\u015far\u0131yla yerine getirmektedir. Toplum huzuru i\u00e7in \u00f6nemli bir rol \u00fcstlenen te\u015fkilat\u0131m\u0131z\u0131n \u00e7a\u011f\u0131n gereklerine uygun olarak in\u015fa edilen merkezlerle donat\u0131lmas\u0131 gerekmektedir. Osmangazi Belediyemiz emniyet te\u015fkilat\u0131m\u0131z i\u00e7in modern bir polis merkezi in\u015fa etmektedir. Bu polis merkezimizin temelinin at\u0131lmas\u0131na vesile olan ba\u015fta Osmangazi Belediye Ba\u015fkan\u0131m\u0131z Mustafa D\u00fcndar olmak \u00fczere eme\u011fi ge\u00e7en herkese te\u015fekk\u00fcr ediyorum\u201d \u015feklinde konu\u015ftu.<\/p>\n<p>Bursa \u0130l Emniyet M\u00fcd\u00fcr Yard\u0131mc\u0131s\u0131 \u00d6nder D\u00fclger de, \u201cGeli\u015fen ve de\u011fi\u015fen Bursa\u2019m\u0131za en g\u00fczel hizmetleri sunmak ad\u0131na \u00e7al\u0131\u015f\u0131yoruz. Yerel y\u00f6neticilerimiz de bizlerden desteklerini esirgemiyor. 2008 y\u0131l\u0131nda g\u00f6reve ba\u015flad\u0131\u011f\u0131m Osmangazi\u2019de 2009 y\u0131l\u0131ndan bu yana Ba\u015fkan\u0131m\u0131z Mustafa D\u00fcndar ile birlikte \u00e7al\u0131\u015f\u0131yoruz. Gerek Ba\u011flarba\u015f\u0131 Karakolu\u2019nun gerekse de \u00c7ar\u015f\u0131 Karakolu\u2019nun in\u015fa edilmesini sa\u011flayan Ba\u015fkan\u0131m\u0131z Mustafa D\u00fcndar\u2019a emniyet te\u015fkilat\u0131na verdi\u011fi desteklerden dolay\u0131 te\u015fekk\u00fcrlerimi sunuyorum. Temelini att\u0131\u011f\u0131m\u0131z K\u00fc\u00e7\u00fckbal\u0131kl\u0131 Polis Merkezi\u2019nin de hay\u0131rl\u0131 olmas\u0131n\u0131 diliyorum\u201d ifadelerini kulland\u0131.<\/p>\n<p>Konu\u015fmalar\u0131n ard\u0131ndan dua edilerek polis merkezinin temeline ilk har\u00e7 d\u00f6k\u00fcld\u00fc.<\/p>\n","protected":false},"excerpt":{"rendered":"<p>OSMANGAZ\u0130 BELED\u0130YES\u0130, DEPREME DAYANIKSIZ OLDU\u011eU TESP\u0130T ED\u0130LD\u0130\u011e\u0130 \u0130\u00c7\u0130N BO\u015eALTILARAK YIKILAN G\u00dcLBAH\u00c7E POL\u0130S MERKEZ\u0130\u2019N\u0130N YER\u0130NE K\u00dc\u00c7\u00dcKBALIKLI MAHALLES\u0130\u2019NDE MODERN B\u0130R POL\u0130S MERKEZ\u0130 \u0130N\u015eA ED\u0130YOR. TOPLAM 2 B\u0130N 132 METREKARE ALAN \u00dcZER\u0130NE YAPILACAK OLAN K\u00dc\u00c7\u00dcKBALIKLI POL\u0130S MERKEZ\u0130, \u0130K\u0130 KATTAN OLU\u015eACAK. 22 ARA\u00c7LIK OTOPARKI, MODERN M\u0130MAR\u0130S\u0130 VE EMN\u0130YET B\u0130R\u0130MLER\u0130N\u0130N \u0130HT\u0130YA\u00c7 DUYDU\u011eU FONKS\u0130YONLARLA \u0130N\u015eA ED\u0130LECEK OLAN MERKEZ, 1 YIL \u0130\u00c7ER\u0130S\u0130NDE H\u0130ZMETE G\u0130RECEK. K\u00dc\u00c7\u00dcKBALIKLI POL\u0130S MERKEZ\u0130\u2019N\u0130N \u0130N\u015eAATI \u0130\u00c7\u0130N 3 M\u0130LYON 740 B\u0130N TL KAYNAK KULLANILACAK. DAHA GEN\u0130\u015e B\u0130R B\u00d6LGEYE H\u0130TAP EDECEK OLAN K\u00dc\u00c7\u00dcKBALIKLI POL\u0130S MERKEZ\u0130, EMN\u0130YET TE\u015eK\u0130LATININ MODERN B\u0130R ORTAMDA VATANDA\u015eLARIN G\u00dcVENL\u0130\u011e\u0130 VE HUZURU \u0130\u00c7\u0130N EN G\u00dcZEL H\u0130ZMETLER\u0130 SUNMASINA VES\u0130LE OLACAK.<\/p>\n","protected":false},"author":1,"featured_media":181381,"comment_status":"closed","ping_status":"open","sticky":false,"template":"","format":"standard","meta":{"jetpack_post_was_ever_published":false,"_jetpack_newsletter_access":"","_jetpack_dont_email_post_to_subs":false,"_jetpack_newsletter_tier_id":0,"_jetpack_memberships_contains_paywalled_content":false,"_jetpack_memberships_contains_paid_content":false,"footnotes":"","jetpack_publicize_message":"","jetpack_publicize_feature_enabled":true,"jetpack_social_post_already_shared":true,"jetpack_social_options":{"image_generator_settings":{"template":"highway","default_image_id":0,"font":"","enabled":false},"version":2}},"categories":[1],"tags":[4479,2579,44,2573,44706,7324,87],"class_list":["post-181380","post","type-post","status-publish","format-standard","has-post-thumbnail","hentry","category-genel","tag-bursa","tag-gun","tag-icin","tag-karakoluna","tag-kavusmak","tag-sayiyor","tag-yeni"],"jetpack_publicize_connections":[],"jetpack_featured_media_url":"https:\/\/i0.wp.com\/www.tvturk.com\/wp-content\/uploads\/2019\/07\/bursa-yeni-karakoluna-kavusmak-icin-gun-sayiyor_aaa88b4.jpg?fit=1000%2C666","jetpack_sharing_enabled":true,"jetpack_shortlink":"https:\/\/wp.me\/paKIfm-Lbu","_links":{"self":[{"href":"http:\/\/www.tvturk.com\/index.php\/wp-json\/wp\/v2\/posts\/181380","targetHints":{"allow":["GET"]}}],"collection":[{"href":"http:\/\/www.tvturk.com\/index.php\/wp-json\/wp\/v2\/posts"}],"about":[{"href":"http:\/\/www.tvturk.com\/index.php\/wp-json\/wp\/v2\/types\/post"}],"author":[{"embeddable":true,"href":"http:\/\/www.tvturk.com\/index.php\/wp-json\/wp\/v2\/users\/1"}],"replies":[{"embeddable":true,"href":"http:\/\/www.tvturk.com\/index.php\/wp-json\/wp\/v2\/comments?post=181380"}],"version-history":[{"count":0,"href":"http:\/\/www.tvturk.com\/index.php\/wp-json\/wp\/v2\/posts\/181380\/revisions"}],"wp:featuredmedia":[{"embeddable":true,"href":"http:\/\/www.tvturk.com\/index.php\/wp-json\/wp\/v2\/media\/181381"}],"wp:attachment":[{"href":"http:\/\/www.tvturk.com\/index.php\/wp-json\/wp\/v2\/media?parent=181380"}],"wp:term":[{"taxonomy":"category","embeddable":true,"href":"http:\/\/www.tvturk.com\/index.php\/wp-json\/wp\/v2\/categories?post=181380"},{"taxonomy":"post_tag","embeddable":true,"href":"http:\/\/www.tvturk.com\/index.php\/wp-json\/wp\/v2\/tags?post=181380"}],"curies":[{"name":"wp","href":"https:\/\/api.w.org\/{rel}","templated":true}]}}