{"id":181402,"date":"2019-07-12T18:46:35","date_gmt":"2019-07-12T15:46:35","guid":{"rendered":"http:\/\/www.tvturk.com\/index.php\/ytbden-15-temmuz-gazisine-anlamli-ziyaret\/"},"modified":"2019-07-12T18:46:35","modified_gmt":"2019-07-12T15:46:35","slug":"ytbden-15-temmuz-gazisine-anlamli-ziyaret","status":"publish","type":"post","link":"http:\/\/www.tvturk.com\/index.php\/ytbden-15-temmuz-gazisine-anlamli-ziyaret\/","title":{"rendered":"YTB\u2019den 15 Temmuz gazisine anlaml\u0131 ziyaret"},"content":{"rendered":"<p>Yurtd\u0131\u015f\u0131 T\u00fcrkler ve Akraba Topluluklar Ba\u015fkanl\u0131\u011f\u0131 (YTB) 15 Temmuz Gazisi \u0130hsan \u00c7a\u011f ve ailesini ziyaret etti.<\/p>\n<p>15 Temmuz hain darbe giri\u015fiminde Genelkurmay Ba\u015fkanl\u0131\u011f\u0131 \u00f6n\u00fcnde darbecilere kar\u015f\u0131 m\u00fccadele ederken gazi olan \u0130hsan \u00c7a\u011f\u2019\u0131 YTB ziyaret etti.<\/p>\n<p>15 Temmuz Gazisi \u0130hsan \u00c7a\u011f\u2019\u0131 ziyaret eden YTB personeli ve uluslararas\u0131 \u00f6\u011frenciler \u0130brahim \u00c7a\u011f ve ailesiyle sohbet etti. \u0130hsan \u00c7a\u011f\u2019\u0131 ziyaret eden uluslararas\u0131 \u00f6\u011frenciler Gazi \u0130hsan \u00c7a\u011f ile sohbet edip 15 Temmuz\u2019da ya\u015fananlar\u0131 dinlediler. \u00c7a\u011f\u2019\u0131n \u00e7ocuklar\u0131 ile vakit ge\u00e7iren uluslararas\u0131 \u00f6\u011frenciler yanlar\u0131ndan getirdikleri hediyeleri \u0130brahim \u00c7a\u011f\u2019\u0131n \u00e7ocuklar\u0131na verdiler.<\/p>\n<p>15 Temmuz\u2019dan sonra tedavi s\u00fcresinin devam etti\u011fini ve moralini y\u00fcksek tuttuklar\u0131n\u0131 belirten \u0130hsan \u00c7a\u011f\u2019\u0131n babas\u0131 \u0130brahim \u00c7a\u011f, \u201cMoral bizde y\u00fcksektir. Vay \u015fu niye b\u00f6yle oldu yapmay\u0131z. Morali y\u00fcksek tutar\u0131z. Allah o g\u00fcnleri tekrar ya\u015fatmas\u0131n\u201d \u015feklinde konu\u015ftu.<\/p>\n","protected":false},"excerpt":{"rendered":"<p>YURTDI\u015eI T\u00dcRKLER VE AKRABA TOPLULUKLAR BA\u015eKANLI\u011eI (YTB) 15 TEMMUZ GAZ\u0130S\u0130 \u0130HSAN \u00c7A\u011e VE A\u0130LES\u0130N\u0130 Z\u0130YARET ETT\u0130.<\/p>\n","protected":false},"author":1,"featured_media":181403,"comment_status":"closed","ping_status":"open","sticky":false,"template":"","format":"standard","meta":{"jetpack_post_was_ever_published":false,"_jetpack_newsletter_access":"","_jetpack_dont_email_post_to_subs":false,"_jetpack_newsletter_tier_id":0,"_jetpack_memberships_contains_paywalled_content":false,"_jetpack_memberships_contains_paid_content":false,"footnotes":"","jetpack_publicize_message":"","jetpack_publicize_feature_enabled":true,"jetpack_social_post_already_shared":true,"jetpack_social_options":{"image_generator_settings":{"template":"highway","default_image_id":0,"font":"","enabled":false},"version":2}},"categories":[1],"tags":[3059,30274,1148,6702,150],"class_list":["post-181402","post","type-post","status-publish","format-standard","has-post-thumbnail","hentry","category-genel","tag-anlamli","tag-gazisine","tag-temmuz","tag-ytbden","tag-ziyaret"],"jetpack_publicize_connections":[],"jetpack_featured_media_url":"https:\/\/i0.wp.com\/www.tvturk.com\/wp-content\/uploads\/2019\/07\/ytbden-15-temmuz-gazisine-anlamli-ziyaret_1242827.jpg?fit=1000%2C666","jetpack_sharing_enabled":true,"jetpack_shortlink":"https:\/\/wp.me\/paKIfm-LbQ","_links":{"self":[{"href":"http:\/\/www.tvturk.com\/index.php\/wp-json\/wp\/v2\/posts\/181402","targetHints":{"allow":["GET"]}}],"collection":[{"href":"http:\/\/www.tvturk.com\/index.php\/wp-json\/wp\/v2\/posts"}],"about":[{"href":"http:\/\/www.tvturk.com\/index.php\/wp-json\/wp\/v2\/types\/post"}],"author":[{"embeddable":true,"href":"http:\/\/www.tvturk.com\/index.php\/wp-json\/wp\/v2\/users\/1"}],"replies":[{"embeddable":true,"href":"http:\/\/www.tvturk.com\/index.php\/wp-json\/wp\/v2\/comments?post=181402"}],"version-history":[{"count":0,"href":"http:\/\/www.tvturk.com\/index.php\/wp-json\/wp\/v2\/posts\/181402\/revisions"}],"wp:featuredmedia":[{"embeddable":true,"href":"http:\/\/www.tvturk.com\/index.php\/wp-json\/wp\/v2\/media\/181403"}],"wp:attachment":[{"href":"http:\/\/www.tvturk.com\/index.php\/wp-json\/wp\/v2\/media?parent=181402"}],"wp:term":[{"taxonomy":"category","embeddable":true,"href":"http:\/\/www.tvturk.com\/index.php\/wp-json\/wp\/v2\/categories?post=181402"},{"taxonomy":"post_tag","embeddable":true,"href":"http:\/\/www.tvturk.com\/index.php\/wp-json\/wp\/v2\/tags?post=181402"}],"curies":[{"name":"wp","href":"https:\/\/api.w.org\/{rel}","templated":true}]}}