{"id":181412,"date":"2019-07-12T19:31:38","date_gmt":"2019-07-12T16:31:38","guid":{"rendered":"http:\/\/www.tvturk.com\/index.php\/soyerden-fotografimi-kaldirin-cocuklarinizin-resimlerini-asin-mesaji\/"},"modified":"2019-07-12T19:31:38","modified_gmt":"2019-07-12T16:31:38","slug":"soyerden-fotografimi-kaldirin-cocuklarinizin-resimlerini-asin-mesaji","status":"publish","type":"post","link":"http:\/\/www.tvturk.com\/index.php\/soyerden-fotografimi-kaldirin-cocuklarinizin-resimlerini-asin-mesaji\/","title":{"rendered":"Soyer\u2019den \u2019foto\u011fraf\u0131m\u0131 kald\u0131r\u0131n \u00e7ocuklar\u0131n\u0131z\u0131n resimlerini as\u0131n\u2019 mesaj\u0131"},"content":{"rendered":"<p>\u0130zmir B\u00fcy\u00fck\u015fehir Belediye Ba\u015fkan\u0131 Tun\u00e7 Soyer, belediyedeki ofislere as\u0131lan foto\u011fraflar\u0131n\u0131n \u00e7al\u0131\u015fanlar\u0131n \u00e7ocuklar\u0131n\u0131n foto\u011fraflar\u0131yla de\u011fi\u015ftirilmesini istedi. T\u00fcm personele yaz\u0131l\u0131 bir mesaj g\u00f6nderen Soyer, &#8220;Temennim; \u00e7al\u0131\u015fma odalar\u0131n\u0131zda benim foto\u011fraflar\u0131m yerine Ulu \u00d6nder Atat\u00fcrk portresiyle birlikte sevgili \u00e7ocuklar\u0131n\u0131z\u0131n foto\u011fraflar\u0131n\u0131n as\u0131l\u0131 olmas\u0131d\u0131r&#8221; dedi.<\/p>\n<p>\u0130zmir B\u00fcy\u00fck\u015fehir Belediye Ba\u015fkan\u0131 Tun\u00e7 Soyer, belediye hizmet binalar\u0131ndaki \u00e7al\u0131\u015fma odalar\u0131na g\u00f6revdeki ba\u015fkanlar\u0131n foto\u011fraf\u0131n\u0131n as\u0131lmas\u0131 uygulamas\u0131na son verilmesini istedi. T\u00fcm belediye personeline yaz\u0131l\u0131 bir mesaj g\u00f6nderen Ba\u015fkan Soyer, \u015fu ifadelere yer verdi:<\/p>\n<p>&#8220;De\u011ferli \u00e7al\u0131\u015fma arkada\u015flar\u0131m, birlikte \u00e7\u0131kt\u0131\u011f\u0131m\u0131z bu yolda kar\u015f\u0131la\u015ft\u0131\u011f\u0131m\u0131z en zorlu ve kritik anlarda ihtiya\u00e7 duydu\u011fumuz \u015fey \u0130zmir ve \u0130zmirlilerin gelece\u011fine ili\u015fkin karar veriyor olman\u0131n sorumlulu\u011funu hat\u0131rlatacak \u00e7ocuklar olmal\u0131; \u00e7\u00fcnk\u00fc gelecek onlar\u0131n ve ger\u00e7ekte ald\u0131\u011f\u0131m\u0131z her bir karar onlara ait. Ben de bu s\u00fcre\u00e7te arkamda bir \u00e7ift mavi g\u00f6z ve \u00e7ocuklar\u0131m\u0131z\u0131n g\u00f6zlerindeki hep var olmas\u0131n\u0131 istedi\u011fim p\u0131r\u0131lt\u0131n\u0131n sorumlulu\u011fu ile \u00e7al\u0131\u015fmalar\u0131m\u0131 heyecanla s\u00fcrd\u00fcr\u00fcyorum. Bu vesileyle temennim, \u00e7al\u0131\u015fma odalar\u0131n\u0131zda benim foto\u011fraflar\u0131m yerine Ulu \u00d6nder Atat\u00fcrk portresiyle birlikte sevgili \u00e7ocuklar\u0131n\u0131z\u0131n foto\u011fraflar\u0131n\u0131n as\u0131l\u0131 olmas\u0131d\u0131r. Bu g\u00fc\u00e7 ve ilham bize yeter.&#8221;<\/p>\n","protected":false},"excerpt":{"rendered":"<p>\u0130ZM\u0130R B\u00dcY\u00dcK\u015eEH\u0130R BELED\u0130YE BA\u015eKANI TUN\u00c7 SOYER, BELED\u0130YEDEK\u0130 OF\u0130SLERE ASILAN FOTO\u011eRAFLARININ \u00c7ALI\u015eANLARIN \u00c7OCUKLARININ FOTO\u011eRAFLARIYLA DE\u011e\u0130\u015eT\u0130R\u0130LMES\u0130N\u0130 \u0130STED\u0130. T\u00dcM PERSONELE YAZILI B\u0130R MESAJ G\u00d6NDEREN SOYER, &#8220;TEMENN\u0130M; \u00c7ALI\u015eMA ODALARINIZDA BEN\u0130M FOTO\u011eRAFLARIM YER\u0130NE ULU \u00d6NDER ATAT\u00dcRK PORTRES\u0130YLE B\u0130RL\u0130KTE SEVG\u0130L\u0130 \u00c7OCUKLARINIZIN FOTO\u011eRAFLARININ ASILI OLMASIDIR&#8221; DED\u0130.<\/p>\n","protected":false},"author":1,"featured_media":181413,"comment_status":"closed","ping_status":"open","sticky":false,"template":"","format":"standard","meta":{"jetpack_post_was_ever_published":false,"_jetpack_newsletter_access":"","_jetpack_dont_email_post_to_subs":false,"_jetpack_newsletter_tier_id":0,"_jetpack_memberships_contains_paywalled_content":false,"_jetpack_memberships_contains_paid_content":false,"footnotes":"","jetpack_publicize_message":"","jetpack_publicize_feature_enabled":true,"jetpack_social_post_already_shared":true,"jetpack_social_options":{"image_generator_settings":{"template":"highway","default_image_id":0,"font":"","enabled":false},"version":2}},"categories":[1],"tags":[44714,44716,44715,33749,3121,20375,1840],"class_list":["post-181412","post","type-post","status-publish","format-standard","has-post-thumbnail","hentry","category-genel","tag-fotografimi","tag-asin","tag-cocuklarinizin","tag-kaldirin","tag-mesaji","tag-resimlerini","tag-soyerden"],"jetpack_publicize_connections":[],"jetpack_featured_media_url":"https:\/\/i0.wp.com\/www.tvturk.com\/wp-content\/uploads\/2019\/07\/soyerden-fotografimi-kaldirin-cocuklarinizin-resimlerini-asin-mesaji_4fc1ab6.jpg?fit=1000%2C666","jetpack_sharing_enabled":true,"jetpack_shortlink":"https:\/\/wp.me\/paKIfm-Lc0","_links":{"self":[{"href":"http:\/\/www.tvturk.com\/index.php\/wp-json\/wp\/v2\/posts\/181412","targetHints":{"allow":["GET"]}}],"collection":[{"href":"http:\/\/www.tvturk.com\/index.php\/wp-json\/wp\/v2\/posts"}],"about":[{"href":"http:\/\/www.tvturk.com\/index.php\/wp-json\/wp\/v2\/types\/post"}],"author":[{"embeddable":true,"href":"http:\/\/www.tvturk.com\/index.php\/wp-json\/wp\/v2\/users\/1"}],"replies":[{"embeddable":true,"href":"http:\/\/www.tvturk.com\/index.php\/wp-json\/wp\/v2\/comments?post=181412"}],"version-history":[{"count":0,"href":"http:\/\/www.tvturk.com\/index.php\/wp-json\/wp\/v2\/posts\/181412\/revisions"}],"wp:featuredmedia":[{"embeddable":true,"href":"http:\/\/www.tvturk.com\/index.php\/wp-json\/wp\/v2\/media\/181413"}],"wp:attachment":[{"href":"http:\/\/www.tvturk.com\/index.php\/wp-json\/wp\/v2\/media?parent=181412"}],"wp:term":[{"taxonomy":"category","embeddable":true,"href":"http:\/\/www.tvturk.com\/index.php\/wp-json\/wp\/v2\/categories?post=181412"},{"taxonomy":"post_tag","embeddable":true,"href":"http:\/\/www.tvturk.com\/index.php\/wp-json\/wp\/v2\/tags?post=181412"}],"curies":[{"name":"wp","href":"https:\/\/api.w.org\/{rel}","templated":true}]}}