{"id":181438,"date":"2019-07-12T23:01:44","date_gmt":"2019-07-12T20:01:44","guid":{"rendered":"http:\/\/www.tvturk.com\/index.php\/agu-mezuniyet-toreninde-konusan-abdullah-gul-iyi-insan-olun-ve-yaptiginiz-isler-insanliga-hizmet-etsin\/"},"modified":"2019-07-12T23:01:44","modified_gmt":"2019-07-12T20:01:44","slug":"agu-mezuniyet-toreninde-konusan-abdullah-gul-iyi-insan-olun-ve-yaptiginiz-isler-insanliga-hizmet-etsin","status":"publish","type":"post","link":"http:\/\/www.tvturk.com\/index.php\/agu-mezuniyet-toreninde-konusan-abdullah-gul-iyi-insan-olun-ve-yaptiginiz-isler-insanliga-hizmet-etsin\/","title":{"rendered":"AG\u00dc mezuniyet t\u00f6reninde konu\u015fan Abdullah G\u00fcl: \u201c\u0130yi insan olun ve yapt\u0131\u011f\u0131n\u0131z i\u015fler insanl\u0131\u011fa hizmet etsin\u201d"},"content":{"rendered":"<p>Bu y\u0131l 2. mezunlar\u0131n\u0131 veren Abdullah G\u00fcl \u00dcniversitesi\u2019nin (AG\u00dc) mezuniyet t\u00f6reni yap\u0131ld\u0131. T\u00f6rende T\u00fcrkiye Cumhuriyeti 11. Cumhurba\u015fkan\u0131 Abdullah G\u00fcl, \u00f6\u011frencilere diploma verdi.<\/p>\n<p>Mezuniyet t\u00f6renine 11. Cumhurba\u015fkan\u0131 Abdullah G\u00fcl, Kayseri Valisi \u015eehmus G\u00fcnayd\u0131n, Kayseri \u0130l Emniyet M\u00fcd\u00fcr\u00fc \u0130brahim Kulular ve protokol kat\u0131ld\u0131.<\/p>\n<p>T\u00f6ren alan\u0131na giderken gazetecilerin yeni parti sorusunu yan\u0131ts\u0131z b\u0131rakan Abdullah G\u00fcl, e\u011fitim ama\u00e7l\u0131 geldi\u011fini ve siyasi konular\u0131n yerinde ve zaman\u0131nda konu\u015fulaca\u011f\u0131n\u0131 s\u00f6yledi.<\/p>\n<p>2010 y\u0131l\u0131nda kurulan Abdullah G\u00fcl \u00dcniversitesi, bu y\u0131l 2. mezunlar\u0131n\u0131 verdi. 133 lisans ve 14 lisans\u00fcst\u00fc mezun veren AG\u00dc, en gen\u00e7 200 \u00fcniversite aras\u0131nda bulunuyor. Abdullah G\u00fcl, mezuniyet t\u00f6reninde \u00f6\u011frencilere e\u011fitimden sonraki hayatlar\u0131 i\u00e7in tavsiyelerde bulundu.<\/p>\n<p>Vizyonunun her zaman iyi bir \u00fcniversite ve iyi e\u011fitim g\u00f6rm\u00fc\u015f \u00f6\u011frenciler oldu\u011funu s\u00f6yleyen 11. Cumhurba\u015fkan\u0131 G\u00fcl, \u201c\u0130smimi ta\u015f\u0131yan bir \u00fcniversitenin a\u00e7\u0131l\u0131\u015f\u0131nda nas\u0131l bulunduysam, mezuniyetinde de her zaman bulunmak benim i\u00e7in bir heyecan. Ben buray\u0131 hep AG\u00dc diye konu\u015fal\u0131m ve herkesin akl\u0131nda b\u00f6yle kals\u0131n istemi\u015ftim. Bu \u00fcniversiteyi kurarken vizyonumuz, amac\u0131m\u0131z burada da tekrarland\u0131. Amac\u0131m\u0131z iyi bir \u00fcniversite kurmakt\u0131. \u0130yi bir \u00fcniversite nas\u0131l olur onu bilenlerle toplan\u0131ld\u0131 ve konu\u015fuldu. \u0130yi bir \u00fcniversitenin Kayseri ve T\u00fcrkiye\u2019ye hediye olaca\u011f\u0131na hep inand\u0131m. B\u00fct\u00fcn hayat\u0131mda e\u011fitimin alt\u0131n\u0131 \u00e7ok \u00e7izdi\u011fim i\u00e7in, her \u015feyin ba\u015f\u0131n\u0131n e\u011fitim oldu\u011funa inand\u0131\u011f\u0131m i\u00e7in bunu \u00e7ok destekledim. Ad\u0131m\u0131 ta\u015f\u0131yan bir \u00fcniversite olunca da bununla ilgili b\u00fct\u00fcn d\u00fc\u015f\u00fcncelerimi ilgililere aktard\u0131m ve neticede bug\u00fcn bu g\u00fczel \u00fcniversite ortaya \u00e7\u0131kt\u0131. Buradan diploma alacak \u00f6\u011frencilerin bir\u00e7ok alternatifleri vard\u0131 ve 20 binlerden geldiler buraya. \u00dcniversitenin emin ad\u0131mlarla y\u00fckseldi\u011fini g\u00f6rmek hepimizi \u00e7ok mutlu ediyor. Bunun i\u00e7in ba\u015fta rekt\u00f6r olmak \u00fczere, herkese \u00e7ok te\u015fekk\u00fcr ederim. Bu \u00fcniversitenin giderek kendini \u00e7ok daha fazla ispatlayaca\u011f\u0131ndan eminim \u00e7\u00fcnk\u00fc bu alt yap\u0131 olu\u015fturuldu\u201d dedi.<\/p>\n<p>Mezun olan \u00f6\u011frencilere tavsiyelerde bulunan G\u00fcl, \u201cEn ba\u015f\u0131nda \u015funu s\u00f6yleyece\u011fim, her \u015feyin ba\u015f\u0131 iyi insan olmaktan ge\u00e7iyor. O y\u00fczden iyi insan olun ve bunun yan\u0131nda d\u00fcr\u00fcst ve emin insanlar olun. \u015eeffaf olun ve \u015funu unutmay\u0131n ki, en b\u00fcy\u00fck g\u00fc\u00e7 \u015feffafl\u0131kta. Hi\u00e7bir \u015fey gizli olmas\u0131n ve \u00e7ok ayk\u0131r\u0131 fikirleriniz olursa da onu \u00e7ok \u015feffaf bir \u015fekilde savunun. Yapt\u0131\u011f\u0131n\u0131z i\u015fler daima insanlara hizmet etmek amac\u0131yla olsun. Prensipli ve ilkeli olun, hep de\u011ferleriniz olsun. G\u00fcnl\u00fck ba\u015far\u0131lar\u0131n pe\u015finde hi\u00e7 ko\u015fmay\u0131n, ba\u015far\u0131lar\u0131n\u0131z hep uzun vadeli olsun ve sadece size de\u011fil b\u00fct\u00fcn insanl\u0131\u011fa hizmet edecek ba\u015far\u0131lar\u0131n\u0131z olsun. B\u00fct\u00fcn bu duygularla bir kez daha yeni mezunlar\u0131 tebrik ediyorum ve hayat boyu ba\u015far\u0131lar diliyorum\u201d ifadelerine yer verdi.<\/p>\n<p>Kuruldu\u011fu sene herkesin kafas\u0131nda soru i\u015fareti olan ama \u015fu an risk alan \u00f6\u011frencilerin kazand\u0131\u011f\u0131n\u0131 belirten Abdullah G\u00fcl \u00dcniversitesi Rekt\u00f6r\u00fc Prof. Dr. \u0130hsan Sabuncuo\u011flu ise, \u201cSizlerin huzurunda asistan arkada\u015flar\u0131m\u0131za, ara\u015ft\u0131rma g\u00f6revlileri ve okutman arkada\u015flara da huzurlar\u0131n\u0131zda \u015f\u00fckranlar\u0131m\u0131 sunuyorum. Onlar olmadan bu kaliteli e\u011fitimi bizim \u00f6\u011frencilerimize sunmam\u0131z m\u00fcmk\u00fcn de\u011fildi. Hat\u0131rlarsan\u0131z bundan 5 y\u0131l \u00f6nce, yine bir Temmuz g\u00fcn\u00fc tan\u0131t\u0131m i\u00e7in \u00fcniversitemize geldi\u011finizde hepiniz \u00fcrkek ve \u00e7ekingendiniz ve bir\u00e7o\u011funuz ailelerinizle beraber geldiniz. Hepiniz \u00e7ekingendiniz ve bunu bizler de hissediyorduk. \u2019AG\u00dc nas\u0131l bir \u00fcniversite olacak, acaba burada iyi bir e\u011fitim alabilecek miyim, mezun olunca ne yapaca\u011f\u0131z\u2019 gibi bir tak\u0131m sorular y\u00f6nlendiriyordunuz. Biz de sizlere \u00fcniversitemizin vizyonunu ve gelecekte nas\u0131l bir insan yeti\u015ftirmek istedi\u011fimizi anlatm\u0131\u015ft\u0131k. Sizler risk ald\u0131n\u0131z, inand\u0131n\u0131z ama kazand\u0131n\u0131z. Bu kazan\u0131mlar\u0131n\u0131z\u0131 ileride daha fazla hissedeceksiniz. Bu sene mezun olacak olan arkada\u015flar\u0131m\u0131z\u0131n yakla\u015f\u0131k y\u00fczde 25\u2019i, \u015fu anda en az bir i\u015f teklifi alm\u0131\u015f durumda. AG\u00dc 2010 y\u0131l\u0131nda kurulurken 156 \u00fcniversite vard\u0131. 2013 y\u0131l\u0131nda benim gelmemle beraber, \u00f6\u011frencileri ilk ald\u0131\u011f\u0131m\u0131zda 180 civar\u0131nda \u00fcniversite vard\u0131. Bu kadar \u00e7ok say\u0131da \u00fcniversitenin oldu\u011fu bir ortamda \u015fu soru vard\u0131, Anadolu\u2019da kapasitesi y\u00fcksek ve \u0130ngilizce \u00f6\u011fretim verebilen bir \u00fcniversite \u00e7\u0131kabilecek miydi. Ba\u015fta Say\u0131n Cumhurba\u015fkan\u0131m olmak \u00fczere, vakf\u0131m\u0131z ve \u015fehrimizin de b\u00fcy\u00fck deste\u011fi ve \u00e7ok de\u011ferli idari personelimizle bu g\u00fcnlere geldik\u201d dedi.<\/p>\n<p>Konu\u015fmalar\u0131n ard\u0131ndan protokol ve Abdullah G\u00fcl taraf\u0131ndan \u00f6\u011frencilere diploma ve plaketleri verilerek t\u00f6ren sona erdi.<\/p>\n","protected":false},"excerpt":{"rendered":"<p>11. CUMHURBA\u015eKANI ABDULLAH G\u00dcL,V\u0130ZYONUNUN HER ZAMAN \u0130Y\u0130 B\u0130R \u00dcN\u0130VERS\u0130TE VE \u0130Y\u0130 E\u011e\u0130T\u0130M G\u00d6RM\u00dc\u015e \u00d6\u011eRENC\u0130LER OLDU\u011eUNU S\u00d6YLED\u0130.<\/p>\n","protected":false},"author":1,"featured_media":181439,"comment_status":"closed","ping_status":"open","sticky":false,"template":"","format":"standard","meta":{"jetpack_post_was_ever_published":false,"_jetpack_newsletter_access":"","_jetpack_dont_email_post_to_subs":false,"_jetpack_newsletter_tier_id":0,"_jetpack_memberships_contains_paywalled_content":false,"_jetpack_memberships_contains_paid_content":false,"footnotes":"","jetpack_publicize_message":"","jetpack_publicize_feature_enabled":true,"jetpack_social_post_already_shared":true,"jetpack_social_options":{"image_generator_settings":{"template":"highway","default_image_id":0,"font":"","enabled":false},"version":2}},"categories":[1],"tags":[15922,44723,37311,2273,122,1381,28570,9525,1552,13797,820,4014,22032,43120],"class_list":["post-181438","post","type-post","status-publish","format-standard","has-post-thumbnail","hentry","category-genel","tag-abdullah","tag-agu","tag-etsin","tag-gul","tag-hizmet","tag-insan","tag-insanliga","tag-isler","tag-iyi","tag-konusan","tag-mezuniyet","tag-olun","tag-toreninde","tag-yaptiginiz"],"jetpack_publicize_connections":[],"jetpack_featured_media_url":"https:\/\/i0.wp.com\/www.tvturk.com\/wp-content\/uploads\/2019\/07\/agu-mezuniyet-toreninde-konusan-abdullah-gul-iyi-insan-olun-ve-yaptiginiz-isler-insanliga-hizmet-etsin_e86157b.jpg?fit=1000%2C666","jetpack_sharing_enabled":true,"jetpack_shortlink":"https:\/\/wp.me\/paKIfm-Lcq","_links":{"self":[{"href":"http:\/\/www.tvturk.com\/index.php\/wp-json\/wp\/v2\/posts\/181438","targetHints":{"allow":["GET"]}}],"collection":[{"href":"http:\/\/www.tvturk.com\/index.php\/wp-json\/wp\/v2\/posts"}],"about":[{"href":"http:\/\/www.tvturk.com\/index.php\/wp-json\/wp\/v2\/types\/post"}],"author":[{"embeddable":true,"href":"http:\/\/www.tvturk.com\/index.php\/wp-json\/wp\/v2\/users\/1"}],"replies":[{"embeddable":true,"href":"http:\/\/www.tvturk.com\/index.php\/wp-json\/wp\/v2\/comments?post=181438"}],"version-history":[{"count":0,"href":"http:\/\/www.tvturk.com\/index.php\/wp-json\/wp\/v2\/posts\/181438\/revisions"}],"wp:featuredmedia":[{"embeddable":true,"href":"http:\/\/www.tvturk.com\/index.php\/wp-json\/wp\/v2\/media\/181439"}],"wp:attachment":[{"href":"http:\/\/www.tvturk.com\/index.php\/wp-json\/wp\/v2\/media?parent=181438"}],"wp:term":[{"taxonomy":"category","embeddable":true,"href":"http:\/\/www.tvturk.com\/index.php\/wp-json\/wp\/v2\/categories?post=181438"},{"taxonomy":"post_tag","embeddable":true,"href":"http:\/\/www.tvturk.com\/index.php\/wp-json\/wp\/v2\/tags?post=181438"}],"curies":[{"name":"wp","href":"https:\/\/api.w.org\/{rel}","templated":true}]}}