{"id":181446,"date":"2019-07-13T05:16:01","date_gmt":"2019-07-13T02:16:01","guid":{"rendered":"http:\/\/www.tvturk.com\/index.php\/bes-saatlik-yagmur-sele-neden-oldu\/"},"modified":"2019-07-13T05:16:01","modified_gmt":"2019-07-13T02:16:01","slug":"bes-saatlik-yagmur-sele-neden-oldu","status":"publish","type":"post","link":"http:\/\/www.tvturk.com\/index.php\/bes-saatlik-yagmur-sele-neden-oldu\/","title":{"rendered":"Be\u015f saatlik ya\u011fmur sele neden oldu"},"content":{"rendered":"<p>Ordu\u2019nun \u00dcnye il\u00e7esinde \u015fiddetli ya\u011f\u0131\u015f sonras\u0131 sel meydana geldi. \u0130l\u00e7e genelinde ak\u015fam saatlerinde ya\u011fan ya\u011fmur \u015fiddetini artt\u0131rarak mahallelerde sele neden oldu. \u00d6zellikle \u0130l\u00e7enin Fevzi\u00e7akmak Mahallesi, Atat\u00fcrk Mahallesi ve G\u00f6levi Mahallelerinde evleri su basarken baz\u0131 vatanda\u015flar ise evlerinde mahsur kald\u0131.<\/p>\n<p>Gecenin ge\u00e7 saatlerine kadar devam eden \u015fiddetli ya\u011fmur sonras\u0131 Fevzi\u00e7akmak Mahallesinde bir evi su bast\u0131. Evini su basan mahalle sakini Ayhan \u00c7ivici,&#8221; Biz her ya\u011fmur ya\u011fd\u0131\u011f\u0131nda evimizin kap\u0131s\u0131n\u0131n \u00f6n\u00fcne bir menfez yap\u0131lmas\u0131n\u0131 s\u00f6yledik. Her ya\u011f\u0131\u015fta bizim evimizi oldu\u011fu bu alan\u0131 komple su bas\u0131yor. \u00d6n\u00fcn\u00fc ne kadar kapatsam da yinede evin i\u00e7ine girdi.&#8221;dedi.<\/p>\n<p>\u0130\u015f yeri sular alt\u0131nda kald\u0131<\/p>\n<p>\u0130l\u00e7enin Atat\u00fcrk Mahallesinde bulunan bir i\u015f yeri sular alt\u0131nda kald\u0131. Gelen sular\u0131n i\u015f yerini tamamen bast\u0131\u011f\u0131n\u0131 s\u00f6yleyen Faruk Kurt,&#8221;Yakla\u015f\u0131k 3-4 saattir bu ya\u011fmur aral\u0131ks\u0131z olarak devam ediyor. Tabi ana yol alt\u0131ndaki r\u00f6gar\u0131n yetmemesi sonucu su geriye do\u011fru bas\u0131yor.Ve her sene ya\u011fmur sonras\u0131 buras\u0131 b\u00f6yle oluyor.Ge\u00e7ti\u011fimiz sene ya\u015fan\u0131lan selde de i\u015f yerimin yar\u0131s\u0131na kadar su gelmi\u015fti.&#8221;\u015feklinde konu\u015ftu.<\/p>\n<p>Binay\u0131 su bast\u0131 daire sular alt\u0131nda kald\u0131<\/p>\n<p>Atat\u00fcrk Mahallesi\u2019nde be\u015f katl\u0131 bir binay\u0131 su basarken giri\u015f kat\u0131nda bulunan bir daire ise sular alt\u0131nda kald\u0131. \u015eiddetli ya\u011f\u0131\u015f sonras\u0131 binay\u0131 su bast\u0131\u011f\u0131n\u0131 s\u00f6yleyen Hadiye Y\u0131lmaz&#8221; \u015eu an bina i\u00e7erisine giren su bile az denilir. \u015eu sar\u0131 g\u00f6rd\u00fc\u011f\u00fcn\u00fcz temelin i\u015fareti  olan yere kadar sel sular\u0131 geliyor. M\u00fcracaat etmedi\u011fimi yada s\u00f6ylemedi\u011fimiz yer kalmad\u0131.\u0130tfaiyeyi \u00e7a\u011f\u0131rd\u0131\u011f\u0131m\u0131zda bu kadar su bo\u015falmaz diyor. Torunlar\u0131m d\u0131\u015far\u0131 gezmeye gittiler daha sonra geldiklerinde su onlar\u0131n beline kadar geliyordu. Anneleri de torunlar\u0131 s\u0131rtlar\u0131nda yukar\u0131 ta\u015f\u0131d\u0131.&#8221;\u015feklinde konu\u015ftu.<\/p>\n<p>Kahvehane sular alt\u0131nda kald\u0131<\/p>\n<p>A\u015f\u0131r\u0131 ya\u011f\u0131\u015f sonucu r\u00f6gar kapaklar\u0131ndan ta\u015fan sel sular\u0131 bir ayn\u0131 mahallede ise bir kahvehaneyi sular alt\u0131nda b\u0131rakt\u0131. Ceyhan T\u00fcredi isimli vatanda\u015fa ait oldu\u011fu \u00f6\u011frenilen kahvehaneye dolan sular masa ve sandalyeleri kullan\u0131lamaz hale getirdi. Her ya\u011f\u0131\u015fta i\u015f yerinin sular alt\u0131nda kald\u0131\u011f\u0131n\u0131 s\u00f6yleyen Ceyhan T\u00fcredi,&#8221; 26 y\u0131ld\u0131r bu mahalledeyim ve her ya\u011fmur ya\u011f\u0131\u015f\u0131nda i\u015f yerim sular alt\u0131nda kal\u0131yor.&#8221;ifadelerini kulland\u0131.<\/p>\n<p>Gece ge\u00e7 saatlerine kadar ya\u011fan ya\u011fmur ise sabah saatlerine do\u011fru etkisini azaltt\u0131.<\/p>\n","protected":false},"excerpt":{"rendered":"<p>ORDU&#8217;NUN \u00dcNYE \u0130L\u00c7ES\u0130NDE \u015e\u0130DDETL\u0130 YA\u011eI\u015e SONRASI SEL MEYDANA GELD\u0130. \u0130L\u00c7E GENEL\u0130NDE AK\u015eAM SAATLER\u0130NDE YA\u011eAN YA\u011eMUR \u015e\u0130DDET\u0130N\u0130 ARTTIRARAK MAHALLELERDE SELE NEDEN OLDU. \u00d6ZELL\u0130KLE \u0130L\u00c7EN\u0130N FEVZ\u0130\u00c7AKMAK MAHALLES\u0130, ATAT\u00dcRK MAHALLES\u0130 VE G\u00d6LEV\u0130 MAHALLELER\u0130NDE EVLER\u0130 SU BASARKEN BAZI VATANDA\u015eLAR \u0130SE EVLER\u0130NDE MAHSUR KALDI.<\/p>\n","protected":false},"author":1,"featured_media":181447,"comment_status":"closed","ping_status":"open","sticky":false,"template":"","format":"standard","meta":{"jetpack_post_was_ever_published":false,"_jetpack_newsletter_access":"","_jetpack_dont_email_post_to_subs":false,"_jetpack_newsletter_tier_id":0,"_jetpack_memberships_contains_paywalled_content":false,"_jetpack_memberships_contains_paid_content":false,"footnotes":"","jetpack_publicize_message":"","jetpack_publicize_feature_enabled":true,"jetpack_social_post_already_shared":true,"jetpack_social_options":{"image_generator_settings":{"template":"highway","default_image_id":0,"font":"","enabled":false},"version":2}},"categories":[1],"tags":[7278,1130,77,11295,8394,1366],"class_list":["post-181446","post","type-post","status-publish","format-standard","has-post-thumbnail","hentry","category-genel","tag-bes","tag-neden","tag-oldu","tag-saatlik","tag-sele","tag-yagmur"],"jetpack_publicize_connections":[],"jetpack_featured_media_url":"https:\/\/i0.wp.com\/www.tvturk.com\/wp-content\/uploads\/2019\/07\/bes-saatlik-yagmur-sele-neden-oldu_2166fc8.jpg?fit=1000%2C666","jetpack_sharing_enabled":true,"jetpack_shortlink":"https:\/\/wp.me\/paKIfm-Lcy","_links":{"self":[{"href":"http:\/\/www.tvturk.com\/index.php\/wp-json\/wp\/v2\/posts\/181446","targetHints":{"allow":["GET"]}}],"collection":[{"href":"http:\/\/www.tvturk.com\/index.php\/wp-json\/wp\/v2\/posts"}],"about":[{"href":"http:\/\/www.tvturk.com\/index.php\/wp-json\/wp\/v2\/types\/post"}],"author":[{"embeddable":true,"href":"http:\/\/www.tvturk.com\/index.php\/wp-json\/wp\/v2\/users\/1"}],"replies":[{"embeddable":true,"href":"http:\/\/www.tvturk.com\/index.php\/wp-json\/wp\/v2\/comments?post=181446"}],"version-history":[{"count":0,"href":"http:\/\/www.tvturk.com\/index.php\/wp-json\/wp\/v2\/posts\/181446\/revisions"}],"wp:featuredmedia":[{"embeddable":true,"href":"http:\/\/www.tvturk.com\/index.php\/wp-json\/wp\/v2\/media\/181447"}],"wp:attachment":[{"href":"http:\/\/www.tvturk.com\/index.php\/wp-json\/wp\/v2\/media?parent=181446"}],"wp:term":[{"taxonomy":"category","embeddable":true,"href":"http:\/\/www.tvturk.com\/index.php\/wp-json\/wp\/v2\/categories?post=181446"},{"taxonomy":"post_tag","embeddable":true,"href":"http:\/\/www.tvturk.com\/index.php\/wp-json\/wp\/v2\/tags?post=181446"}],"curies":[{"name":"wp","href":"https:\/\/api.w.org\/{rel}","templated":true}]}}