{"id":181478,"date":"2019-07-13T10:16:08","date_gmt":"2019-07-13T07:16:08","guid":{"rendered":"http:\/\/www.tvturk.com\/index.php\/ozel-gorulmemis-olay-mahkeme-karariyla-zam-yapti\/"},"modified":"2019-07-13T10:16:08","modified_gmt":"2019-07-13T07:16:08","slug":"ozel-gorulmemis-olay-mahkeme-karariyla-zam-yapti","status":"publish","type":"post","link":"http:\/\/www.tvturk.com\/index.php\/ozel-gorulmemis-olay-mahkeme-karariyla-zam-yapti\/","title":{"rendered":"(\u00d6zel) G\u00f6r\u00fclmemi\u015f olay&#8230;Mahkeme karar\u0131yla zam yapt\u0131"},"content":{"rendered":"<p>Bursa\u2019da 400 gram ekme\u011fi 1 liraya satarak halk\u0131n duas\u0131n\u0131 alan ancak di\u011fer f\u0131r\u0131nc\u0131lar taraf\u0131ndan haks\u0131z rekabet iddias\u0131yla su\u00e7lanan f\u0131r\u0131nc\u0131, mahkemeyi kaybedince zam yapmak zorunda kald\u0131. Ekmek fiyatlar\u0131 1,25 liraya \u00e7\u0131karken, f\u0131r\u0131nc\u0131 Kaz\u0131m Balaban mecburi zamm\u0131 kap\u0131s\u0131na ast\u0131\u011f\u0131 yaz\u0131yla duyurdu.<\/p>\n<p>Mustafakemalpa\u015fa il\u00e7esinde f\u0131r\u0131nc\u0131l\u0131k yapan Kaz\u0131m Balaban, 30 y\u0131ld\u0131r unu pe\u015fin sat\u0131n al\u0131p, kira ve komisyon \u00f6demedi\u011fi i\u00e7in ucuz fiyatla ekmek sat\u0131yordu. Vatanda\u015flar\u0131n takdirini kazanan f\u0131r\u0131nc\u0131 Kaz\u0131m Balaban, haks\u0131z rekabet yapt\u0131\u011f\u0131 iddias\u0131yla di\u011fer f\u0131r\u0131nc\u0131lar taraf\u0131ndan mahkemeye verildi. Uzun m\u00fcddet ucuz ekmek satmak i\u00e7in m\u00fccadele eden f\u0131r\u0131nc\u0131, hakk\u0131nda a\u00e7\u0131lan davay\u0131 kaybedince istemeyerek de olsa ekmek fiyatlar\u0131na zam yapmak zorunda kald\u0131. Bunu i\u015f yerinin duvar\u0131na ast\u0131\u011f\u0131 yaz\u0131yla duyuran Balaban, m\u00fc\u015fterilerinin b\u00fcy\u00fck deste\u011fini ald\u0131.<\/p>\n<p>30 y\u0131ld\u0131r bu f\u0131r\u0131ndan ucuz ve kaliteli ekmek alan m\u00fc\u015fteriler ise karara tepki g\u00f6sterdi. 1 liraya sat\u0131lan 400 gram ekmek 1 lira 25 kuru\u015fa \u00e7\u0131karken, 2 liraya sat\u0131lan 800 gram ekmek 2 lira 50 kuru\u015fa sat\u0131lmaya ba\u015fland\u0131.<\/p>\n<p>Ekmek fiyatlar\u0131na \u00fcz\u00fclerek zam yapt\u0131\u011f\u0131n\u0131 belirten Kaz\u0131m Balaban, &#8220;Ekmek fiyatlar\u0131na zam yapmamak i\u00e7in verdi\u011fimiz m\u00fccadeleyi kaybettik. Mahkeme bizi haks\u0131z buldu. Biz de fiyatlara zam yapmak zorunda kald\u0131k. 1 liraya satt\u0131\u011f\u0131m\u0131z 400 gram ekme\u011fi 1 lira 25 kuru\u015fa satmaya ba\u015flad\u0131k. 2 lira olan 800 ekme\u011fi ise 2 lira 50 kuru\u015fa sat\u0131yoruz. Neden tarifeyi de\u011fi\u015ftirdi\u011fimizi m\u00fc\u015fterilerimize anlat\u0131yoruz. Kaliteli ve doyurucu ekmek \u00fcretmeye, halk\u0131n duas\u0131n\u0131 almaya devam edece\u011fiz&#8221; dedi.<\/p>\n","protected":false},"excerpt":{"rendered":"<p>BURSA&#8217;DA UCUZ EKMEK SATTI\u011eI \u0130\u00c7\u0130N HAKKINDA DAVA A\u00c7ILAN FIRINCI, MAHKEMEY\u0130 KAYBED\u0130NCE ZAM YAPMAK ZORUNDA KALDI<\/p>\n","protected":false},"author":1,"featured_media":181479,"comment_status":"closed","ping_status":"open","sticky":false,"template":"","format":"standard","meta":{"jetpack_post_was_ever_published":false,"_jetpack_newsletter_access":"","_jetpack_dont_email_post_to_subs":false,"_jetpack_newsletter_tier_id":0,"_jetpack_memberships_contains_paywalled_content":false,"_jetpack_memberships_contains_paid_content":false,"footnotes":"","jetpack_publicize_message":"","jetpack_publicize_feature_enabled":true,"jetpack_social_post_already_shared":true,"jetpack_social_options":{"image_generator_settings":{"template":"highway","default_image_id":0,"font":"","enabled":false},"version":2}},"categories":[19],"tags":[1073,12027,24571,44736,292,4652],"class_list":["post-181478","post","type-post","status-publish","format-standard","has-post-thumbnail","hentry","category-ekonomi","tag-ozel","tag-gorulmemis","tag-karariyla","tag-olay-mahkeme","tag-yapti","tag-zam"],"jetpack_publicize_connections":[],"jetpack_featured_media_url":"https:\/\/i0.wp.com\/www.tvturk.com\/wp-content\/uploads\/2019\/07\/ozel-gorulmemis-olaymahkeme-karariyla-zam-yapti_4b112a4.jpg?fit=1000%2C666","jetpack_sharing_enabled":true,"jetpack_shortlink":"https:\/\/wp.me\/paKIfm-Ld4","_links":{"self":[{"href":"http:\/\/www.tvturk.com\/index.php\/wp-json\/wp\/v2\/posts\/181478","targetHints":{"allow":["GET"]}}],"collection":[{"href":"http:\/\/www.tvturk.com\/index.php\/wp-json\/wp\/v2\/posts"}],"about":[{"href":"http:\/\/www.tvturk.com\/index.php\/wp-json\/wp\/v2\/types\/post"}],"author":[{"embeddable":true,"href":"http:\/\/www.tvturk.com\/index.php\/wp-json\/wp\/v2\/users\/1"}],"replies":[{"embeddable":true,"href":"http:\/\/www.tvturk.com\/index.php\/wp-json\/wp\/v2\/comments?post=181478"}],"version-history":[{"count":0,"href":"http:\/\/www.tvturk.com\/index.php\/wp-json\/wp\/v2\/posts\/181478\/revisions"}],"wp:featuredmedia":[{"embeddable":true,"href":"http:\/\/www.tvturk.com\/index.php\/wp-json\/wp\/v2\/media\/181479"}],"wp:attachment":[{"href":"http:\/\/www.tvturk.com\/index.php\/wp-json\/wp\/v2\/media?parent=181478"}],"wp:term":[{"taxonomy":"category","embeddable":true,"href":"http:\/\/www.tvturk.com\/index.php\/wp-json\/wp\/v2\/categories?post=181478"},{"taxonomy":"post_tag","embeddable":true,"href":"http:\/\/www.tvturk.com\/index.php\/wp-json\/wp\/v2\/tags?post=181478"}],"curies":[{"name":"wp","href":"https:\/\/api.w.org\/{rel}","templated":true}]}}