{"id":181484,"date":"2019-07-13T10:16:24","date_gmt":"2019-07-13T07:16:24","guid":{"rendered":"http:\/\/www.tvturk.com\/index.php\/rizede-kendiliginden-coken-koprunun-yapimina-baslandi\/"},"modified":"2019-07-13T10:16:24","modified_gmt":"2019-07-13T07:16:24","slug":"rizede-kendiliginden-coken-koprunun-yapimina-baslandi","status":"publish","type":"post","link":"http:\/\/www.tvturk.com\/index.php\/rizede-kendiliginden-coken-koprunun-yapimina-baslandi\/","title":{"rendered":"Rize\u2019de kendili\u011finden \u00e7\u00f6ken k\u00f6pr\u00fcn\u00fcn yap\u0131m\u0131na ba\u015fland\u0131"},"content":{"rendered":"<p>Rize\u2019nin Ambarl\u0131k k\u00f6y\u00fcnde ge\u00e7ti\u011fimiz g\u00fcnlerde kendili\u011finden y\u0131k\u0131lan tarihi kemer k\u00f6pr\u00fcn\u00fcn yeniden yap\u0131m\u0131na ba\u015fland\u0131.<\/p>\n<p>Rize \u0130l Genel Meclisi Ba\u015fkan\u0131 \u0130brahim T\u00fcr\u00fct ve \u0130l \u00d6zel \u0130daresi Genel Sekreteri \u00dcmit H\u00fcseyin Sar\u0131, Karayollar\u0131 10. B\u00f6lge M\u00fcd\u00fcrl\u00fc\u011f\u00fc taraf\u0131ndan ba\u015flat\u0131lan tarihi kemer k\u00f6pr\u00fcn\u00fcn yap\u0131m \u00e7al\u0131\u015fmas\u0131n\u0131 yerinde inceleyerek, yetkililerden bilgi ald\u0131.<\/p>\n<p>\u0130ncelemede \u0130l Genel Meclisi AK Parti Grup Ba\u015fkan Vekili Mustafa Fatih Top\u00e7u, Merkez \u0130l Genel Meclisi \u00dcyeleri, \u0130l \u00d6zel \u0130daresi Genel Sekreter Yard\u0131mc\u0131s\u0131 ve \u0130l \u00d6zel \u0130daresinin \u0130lgili Birim M\u00fcd\u00fcrleri Ba\u015fkan T\u00fcr\u00fct\u2019e e\u015flik etti.<\/p>\n<p>Ba\u015fkan T\u00fcr\u00fct, burada yapt\u0131\u011f\u0131 a\u00e7\u0131klamada, en b\u00fcy\u00fck tesellilerinin herhangi bir can kayb\u0131n\u0131n olmamas\u0131n\u0131n oldu\u011funu ifade ederek, \u201cAmbarl\u0131k ayn\u0131 zamanda kendi k\u00f6y\u00fcm ve bu 300 y\u0131ll\u0131k tarihi k\u00f6pr\u00fcde b\u00fct\u00fcn k\u00f6yl\u00fclerimizin oldu\u011fu gibi benimde an\u0131lar\u0131m var. Y\u0131k\u0131ld\u0131\u011f\u0131n\u0131 g\u00f6rmek herkesi oldu\u011fu gibi beni de \u00e7ok \u00fczd\u00fc. Olay oldu\u011funda il d\u0131\u015f\u0131nda olmama ra\u011fmen ilgili makamlarla gerekli g\u00f6r\u00fc\u015fmeleri yapt\u0131k. Karayollar\u0131 10. B\u00f6lge M\u00fcd\u00fcrl\u00fc\u011f\u00fcm\u00fcz de ilgili incelmeyi yaparak hemen \u00e7al\u0131\u015fmalara ba\u015flad\u0131. \u0130n\u015fallah en k\u0131sa s\u00fcrede tamamlanarak, hizmete sunulacak\u201d dedi.<\/p>\n<p>Ba\u015fkan T\u00fcr\u00fct ve beraberindeki heyet buradan merkeze ba\u011fl\u0131 Elmal\u0131 k\u00f6y\u00fcne ge\u00e7erek, Elmal\u0131, Erenk\u00f6y ve Yemi\u015flik k\u00f6ylerini kapsayan i\u00e7me suyu projesi hakk\u0131nda ilgili k\u00f6y muhtarlar\u0131 ve vatanda\u015flarla bir araya geldi.<\/p>\n","protected":false},"excerpt":{"rendered":"<p>R\u0130ZE\u2019N\u0130N AMBARLIK K\u00d6Y\u00dcNDE GE\u00c7T\u0130\u011e\u0130M\u0130Z G\u00dcNLERDE KEND\u0130L\u0130\u011e\u0130NDEN YIKILAN TAR\u0130H\u0130 KEMER K\u00d6PR\u00dcN\u00dcN YAPIMINA BA\u015eLANDI.<\/p>\n","protected":false},"author":1,"featured_media":181485,"comment_status":"closed","ping_status":"open","sticky":false,"template":"","format":"standard","meta":{"jetpack_post_was_ever_published":false,"_jetpack_newsletter_access":"","_jetpack_dont_email_post_to_subs":false,"_jetpack_newsletter_tier_id":0,"_jetpack_memberships_contains_paywalled_content":false,"_jetpack_memberships_contains_paid_content":false,"footnotes":"","jetpack_publicize_message":"","jetpack_publicize_feature_enabled":true,"jetpack_social_post_already_shared":true,"jetpack_social_options":{"image_generator_settings":{"template":"highway","default_image_id":0,"font":"","enabled":false},"version":2}},"categories":[1],"tags":[7607,3597,42983,44739,2926,43725],"class_list":["post-181484","post","type-post","status-publish","format-standard","has-post-thumbnail","hentry","category-genel","tag-baslandi","tag-coken","tag-kendiliginden","tag-koprunun","tag-rizede","tag-yapimina"],"jetpack_publicize_connections":[],"jetpack_featured_media_url":"https:\/\/i0.wp.com\/www.tvturk.com\/wp-content\/uploads\/2019\/07\/rizede-kendiliginden-coken-koprunun-yapimina-baslandi_b06952c.jpg?fit=1000%2C666","jetpack_sharing_enabled":true,"jetpack_shortlink":"https:\/\/wp.me\/paKIfm-Lda","_links":{"self":[{"href":"http:\/\/www.tvturk.com\/index.php\/wp-json\/wp\/v2\/posts\/181484","targetHints":{"allow":["GET"]}}],"collection":[{"href":"http:\/\/www.tvturk.com\/index.php\/wp-json\/wp\/v2\/posts"}],"about":[{"href":"http:\/\/www.tvturk.com\/index.php\/wp-json\/wp\/v2\/types\/post"}],"author":[{"embeddable":true,"href":"http:\/\/www.tvturk.com\/index.php\/wp-json\/wp\/v2\/users\/1"}],"replies":[{"embeddable":true,"href":"http:\/\/www.tvturk.com\/index.php\/wp-json\/wp\/v2\/comments?post=181484"}],"version-history":[{"count":0,"href":"http:\/\/www.tvturk.com\/index.php\/wp-json\/wp\/v2\/posts\/181484\/revisions"}],"wp:featuredmedia":[{"embeddable":true,"href":"http:\/\/www.tvturk.com\/index.php\/wp-json\/wp\/v2\/media\/181485"}],"wp:attachment":[{"href":"http:\/\/www.tvturk.com\/index.php\/wp-json\/wp\/v2\/media?parent=181484"}],"wp:term":[{"taxonomy":"category","embeddable":true,"href":"http:\/\/www.tvturk.com\/index.php\/wp-json\/wp\/v2\/categories?post=181484"},{"taxonomy":"post_tag","embeddable":true,"href":"http:\/\/www.tvturk.com\/index.php\/wp-json\/wp\/v2\/tags?post=181484"}],"curies":[{"name":"wp","href":"https:\/\/api.w.org\/{rel}","templated":true}]}}