{"id":181510,"date":"2019-07-13T10:46:22","date_gmt":"2019-07-13T07:46:22","guid":{"rendered":"http:\/\/www.tvturk.com\/index.php\/miside-nilufer-fotograf-senligi-basladi\/"},"modified":"2019-07-13T10:46:22","modified_gmt":"2019-07-13T07:46:22","slug":"miside-nilufer-fotograf-senligi-basladi","status":"publish","type":"post","link":"http:\/\/www.tvturk.com\/index.php\/miside-nilufer-fotograf-senligi-basladi\/","title":{"rendered":"Misi\u2019de Nil\u00fcfer Foto\u011fraf \u015eenli\u011fi ba\u015flad\u0131"},"content":{"rendered":"<p>Nil\u00fcfer Belediyesi\u2019nin d\u00fczenledi\u011fi Nil\u00fcfer Foto\u011fraf \u015eenli\u011fi, foto\u011fraf g\u00f6n\u00fcll\u00fclerini tarihi Misi Mahallesi\u2019nde bulu\u015fturdu. At\u00f6lyeler, s\u00f6yle\u015filer, foto\u011fraf turlar\u0131 ve g\u00f6sterimlerin ger\u00e7ekle\u015fece\u011fi \u015fenli\u011fin a\u00e7\u0131l\u0131\u015f\u0131nda konu\u015fan Ba\u015fkan Turgay Erdem, \u201cBug\u00fcnden itibaren Misi\u2019nin her noktas\u0131nda foto\u011frafla kar\u015f\u0131la\u015facak, foto\u011fraf konu\u015faca\u011f\u0131z\u201d dedi.<\/p>\n<p>Nil\u00fcfer Belediyesi, T\u00fcrkiye\u2019de e\u015fine az rastlan\u0131r bir k\u00fclt\u00fcr bulu\u015fmas\u0131n\u0131 Misi\u2019de ger\u00e7ekle\u015ftiriyor. Nil\u00fcfer Belediyesi\u2019nin \u00f6rnek projeleriyle \u201cSanat K\u00f6y\u00fc\u201d olma yolunda emin ad\u0131mlarla ilerleyen Misi (G\u00fcm\u00fc\u015ftepe) Mahallesi, Nil\u00fcfer Foto\u011fraf \u015eenli\u011fi\u2019yle 14 Temmuz\u2019a kadar  foto\u011fraf sanat\u00e7\u0131lar\u0131na ve tutkunlar\u0131na ev sahipli\u011fi yapacak. Nil\u00fcfer Belediyesi\u2019nin d\u00fczenledi\u011fi Nil\u00fcfer Foto\u011fraf \u015eenli\u011fi\u2019nin a\u00e7\u0131l\u0131\u015f\u0131, geni\u015f kat\u0131l\u0131mla ger\u00e7ekle\u015fti. A\u00e7\u0131l\u0131\u015fa, Nil\u00fcfer Belediye Ba\u015fkan\u0131 Turgay Erdem, foto\u011fraf sanat\u00e7\u0131lar\u0131, davetliler, sanatseverler ve vatanda\u015flar kat\u0131ld\u0131.<\/p>\n<p>Ba\u015fkan Turgay Erdem, a\u00e7\u0131l\u0131\u015fta yapt\u0131\u011f\u0131 konu\u015fmada bu y\u0131l ilk kez d\u00fczenlenen \u015fenlikte, de\u011ferli foto\u011fraf sanat\u00e7\u0131lar\u0131n\u0131 ve eserlerini Misi\u2019de sanatseverlerle bulu\u015fturacaklar\u0131n\u0131 belirtti. Bu y\u0131l 60. y\u0131l d\u00f6n\u00fcm\u00fcn\u00fc kutlayan, T\u00fcrk foto\u011fraf\u0131n\u0131n kilometre ta\u015flar\u0131ndan \u0130stanbul Foto\u011fraf ve Sinema Amat\u00f6rleri Derne\u011fi\u2019nin (\u0130FSAK) sokak sergisi ve g\u00f6sterimiyle Nil\u00fcfer Foto\u011fraf \u015eenli\u011fi\u2019nde yer alaca\u011f\u0131n\u0131 s\u00f6yleyen Nil\u00fcfer Belediye Ba\u015fkan\u0131 Turgay Erdem, Mysia Foto\u011fraf M\u00fczesi, Edebiyat M\u00fczesi ve Sanat Evi\u2019nin de sergi, at\u00f6lye, panel, film g\u00f6sterimi ve s\u00f6yle\u015filere ev sahipli\u011fi yapaca\u011f\u0131n\u0131 ifade etti.<\/p>\n<p>Ba\u015fkan Turgay Erdem, \u015fenli\u011fe Dora G\u00fcnel, Cengiz Akduman, Murat Germen, Ara G\u00fcler M\u00fczesi M\u00fcd\u00fcr\u00fc Umut S\u00fcl\u00fcn, Hamza R\u00fcstem M\u00fczesi K\u00fcrat\u00f6r\u00fc Mert R\u00fcstem\u2019in aralar\u0131nda bulundu\u011fu de\u011ferli foto\u011fraf sanat\u00e7\u0131lar\u0131 ve foto\u011fraf tarih\u00e7isi ve Mysia Foto\u011fraf M\u00fczesi K\u00fcrat\u00f6r\u00fc Engin \u00d6zendes\u2019in, Foto\u011fraf \u015eenli\u011fi\u2019ne kat\u0131larak, sanatseverlerle bir araya gelece\u011fini s\u00f6yledi. Erdem, \u201cNil\u00fcfer Foto\u011fraf \u015eenli\u011fi, Fikret Otyam\u2019dan Murat Germen\u2019e, Jochen Proehl\u2019den, Dora G\u00fcnel\u2019e bir \u00e7ok sanat\u00e7\u0131y\u0131 konu ve konuk edecek\u201d dedi.<\/p>\n<p>Misi halk\u0131n\u0131n ve gen\u00e7lerin olu\u015fturdu\u011fu Misi Foto\u011fraf Grubu\u2019nun \u201cBenim K\u00f6y\u00fcm\u201d adl\u0131 sergisinin de \u015fenlik kapsam\u0131nda izlenime sunulaca\u011f\u0131n\u0131 belirten Ba\u015fkan Erdem, \u201cBenim mutlaka ziyaret etmenizi istedi\u011fim sergilerden biri de bu sergi. K\u0131saca bug\u00fcnden itibaren Misi\u2019nin her noktas\u0131nda foto\u011frafla kar\u015f\u0131la\u015facak, foto\u011fraf konu\u015faca\u011f\u0131z. Eminim ki bu hafta sonu Misi\u2019ye gelen herkes sanatla dolu \u00e7ok g\u00fczel anlar ya\u015fayacak. Ben b\u00f6ylesine g\u00fczel bir \u015fenli\u011fin ger\u00e7ekle\u015fmesinde b\u00fcy\u00fck emek veren foto\u011fraf tarih\u00e7isi ve yazar Engin \u00d6zendes\u2019e, Bursal\u0131 g\u00f6n\u00fcll\u00fc foto\u011fraf\u00e7\u0131lar ve \u00e7al\u0131\u015fma arkada\u015flar\u0131ma ayr\u0131 ayr\u0131 te\u015fekk\u00fcr ediyorum.<\/p>\n<p>Kat\u0131lan herkesin foto\u011fraf \u015fenli\u011fimizden g\u00fczel an\u0131larla d\u00f6nmesi dile\u011fiyle, sevgiyle kucakl\u0131yorum hepinizi\u201d \u015feklinde konu\u015ftu.<\/p>\n<p>Nil\u00fcfer Foto\u011fraf \u015eenli\u011fi a\u00e7\u0131l\u0131\u015f\u0131na kat\u0131lan foto\u011fraf tarih\u00e7isi ve Mysia Foto\u011fraf M\u00fczesi K\u00fcrat\u00f6r\u00fc Engin \u00d6zendes ve \u0130FSAK Ba\u015fkan\u0131 Altan Bal ile Misi Muhtar\u0131 Hasan Balta da, yapt\u0131klar\u0131 konu\u015fmada \u015fenli\u011fi \u00f6nemsediklerini belriterek,  Nil\u00fcfer Belediyesi\u2019ne b\u00f6yle bir organizasyon d\u00fczenledi\u011fi i\u00e7in te\u015fekk\u00fcr etti.<\/p>\n<p>Konu\u015fmalar\u0131n ard\u0131ndan Nil\u00fcfer Belediye Ba\u015fkan\u0131 Turgay Erdem, Engin \u00d6zendes, Altan Bal, Dora G\u00fcnel, Jochen Proehl, Murat Germen, Elvan Baransel ve Misi K\u00f6y\u00fc Muhtar\u0131 Hasan Balta\u2019ya \u015fenli\u011fe  katk\u0131lar\u0131ndan dolay\u0131 te\u015fekk\u00fcr ederek plaket verdi.<\/p>\n<p>Ba\u015fkan Turgay Erdem daha sonra sanat\u00e7\u0131larla birlikte Mysia Foto\u011fraf M\u00fczesi\u2019ndeki Jochen Proehl\u2019in \u201cBiriktirilmi\u015f Zaman\u201d, Misi Foto\u011fraf Grubu\u2019nun \u201cBenim K\u00f6y\u00fcm\u201d adl\u0131 sergisini ve Misi\u2019nin sokaklar\u0131ndaki foto\u011fraf sergilerini gezdi. Tarihi Misi Mahallesi\u2019nde Nil\u00fcfer Foto\u011fraf \u015eenli\u011fi\u2019nin ilk g\u00fcn\u00fcnde, Fikret Otyam\u2019\u0131n k\u0131z\u0131 Elvan Baransel, Edebiyat M\u00fczesi\u2019ndeki \u201cBabam\u0131z Fikret Otyam\u201d s\u00f6yle\u015fisinde babas\u0131yla olan an\u0131lar\u0131n\u0131 payla\u015ft\u0131. G\u00fcn\u00fcn ikinci etkinli\u011finde de Dora G\u00fcnel, \u201c\u00d6tekinin G\u00f6lgesi-A\u015fk\u0131n ve G\u00f6lgelerin Kad\u0131nlar\u0131 Projeleri\/Sosyal Belgesel Foto\u011fraf\u201d  foto\u011fraf g\u00f6sterimi ve s\u00f6yle\u015fisinde sanatseverlerle bulu\u015ftu.<\/p>\n<p>Nil\u00fcfer Foto\u011fraf \u015eenli\u011fi, dopdolu program\u0131yla Bursal\u0131lar\u2019a foto\u011fraf sanat\u0131yla ge\u00e7irecekleri bir hafta sonu ya\u015fatacak. Mysia Yollar\u0131 Foto\u011fraf Y\u00fcr\u00fcy\u00fc\u015f\u00fc\u2019yle ba\u015flayacak olan Nil\u00fcfer Foto\u011fraf \u015eenli\u011fi\u2019nin ikinci g\u00fcn\u00fcnde, Fujifilm foto\u011fraf at\u00f6lyesi, Murat Germen \u201cFoto\u011fraf\u0131n T\u00fcr ve Halleri\u201d s\u00f6yle\u015fisi, \u00e7ocuklar i\u00e7in anlat\u0131 at\u00f6lyesi, g\u00f6sterim ve \u00e7e\u015fitli s\u00f6yle\u015filer ger\u00e7ekle\u015ftirilecek. \u015eenli\u011fin son g\u00fcn\u00fcnde de Mysia Yollar\u0131 foto\u011fraf y\u00fcr\u00fcy\u00fc\u015f\u00fc, Nikon \u201cYapay I\u015f\u0131k Kaynaklar\u0131yla Portre\u201d at\u00f6lyesi, Nikon \u00e7ocuklar i\u00e7in foto\u011fraf at\u00f6lyesi, \u201cD\u00fcn, Bug\u00fcn ve Gelecek Ba\u011flam\u0131nda Foto\u011fraf Sanat\u0131 ve M\u00fczeler\u201d paneli, Mysia Yollar\u0131 Foto\u011fraf Y\u00fcr\u00fcy\u00fc\u015f\u00fc g\u00f6sterimi ve Ara G\u00fcler \u201cIsl\u0131k \u00c7alan Adam\u201d belgesel film g\u00f6sterimi ve s\u00f6yle\u015fisi d\u00fczenlenecek<\/p>\n","protected":false},"excerpt":{"rendered":"<p>M\u0130S\u0130&#8217;DE FOTO\u011eRAF \u015eENL\u0130\u011e\u0130 BA\u015eLADI<\/p>\n","protected":false},"author":1,"featured_media":181511,"comment_status":"closed","ping_status":"open","sticky":false,"template":"","format":"standard","meta":{"jetpack_post_was_ever_published":false,"_jetpack_newsletter_access":"","_jetpack_dont_email_post_to_subs":false,"_jetpack_newsletter_tier_id":0,"_jetpack_memberships_contains_paywalled_content":false,"_jetpack_memberships_contains_paid_content":false,"footnotes":"","jetpack_publicize_message":"","jetpack_publicize_feature_enabled":true,"jetpack_social_post_already_shared":true,"jetpack_social_options":{"image_generator_settings":{"template":"highway","default_image_id":0,"font":"","enabled":false},"version":2}},"categories":[1],"tags":[55,5874,44748,133,3033],"class_list":["post-181510","post","type-post","status-publish","format-standard","has-post-thumbnail","hentry","category-genel","tag-basladi","tag-fotograf","tag-miside","tag-nilufer","tag-senligi"],"jetpack_publicize_connections":[],"jetpack_featured_media_url":"https:\/\/i0.wp.com\/www.tvturk.com\/wp-content\/uploads\/2019\/07\/miside-nilufer-fotograf-senligi-basladi_03db1d9.jpg?fit=1000%2C666","jetpack_sharing_enabled":true,"jetpack_shortlink":"https:\/\/wp.me\/paKIfm-LdA","_links":{"self":[{"href":"http:\/\/www.tvturk.com\/index.php\/wp-json\/wp\/v2\/posts\/181510","targetHints":{"allow":["GET"]}}],"collection":[{"href":"http:\/\/www.tvturk.com\/index.php\/wp-json\/wp\/v2\/posts"}],"about":[{"href":"http:\/\/www.tvturk.com\/index.php\/wp-json\/wp\/v2\/types\/post"}],"author":[{"embeddable":true,"href":"http:\/\/www.tvturk.com\/index.php\/wp-json\/wp\/v2\/users\/1"}],"replies":[{"embeddable":true,"href":"http:\/\/www.tvturk.com\/index.php\/wp-json\/wp\/v2\/comments?post=181510"}],"version-history":[{"count":0,"href":"http:\/\/www.tvturk.com\/index.php\/wp-json\/wp\/v2\/posts\/181510\/revisions"}],"wp:featuredmedia":[{"embeddable":true,"href":"http:\/\/www.tvturk.com\/index.php\/wp-json\/wp\/v2\/media\/181511"}],"wp:attachment":[{"href":"http:\/\/www.tvturk.com\/index.php\/wp-json\/wp\/v2\/media?parent=181510"}],"wp:term":[{"taxonomy":"category","embeddable":true,"href":"http:\/\/www.tvturk.com\/index.php\/wp-json\/wp\/v2\/categories?post=181510"},{"taxonomy":"post_tag","embeddable":true,"href":"http:\/\/www.tvturk.com\/index.php\/wp-json\/wp\/v2\/tags?post=181510"}],"curies":[{"name":"wp","href":"https:\/\/api.w.org\/{rel}","templated":true}]}}