{"id":181582,"date":"2019-07-13T12:46:32","date_gmt":"2019-07-13T09:46:32","guid":{"rendered":"http:\/\/www.tvturk.com\/index.php\/sozde-elebasi-cemil-bayik-kadin-teroristlere-eziyet-ediyor\/"},"modified":"2019-07-13T12:46:32","modified_gmt":"2019-07-13T09:46:32","slug":"sozde-elebasi-cemil-bayik-kadin-teroristlere-eziyet-ediyor","status":"publish","type":"post","link":"http:\/\/www.tvturk.com\/index.php\/sozde-elebasi-cemil-bayik-kadin-teroristlere-eziyet-ediyor\/","title":{"rendered":"S\u00f6zde eleba\u015f\u0131 Cemil Bay\u0131k, kad\u0131n ter\u00f6ristlere eziyet ediyor"},"content":{"rendered":"<p>Ter\u00f6r \u00f6rg\u00fct\u00fcnden ka\u00e7an ve teslim olan Garan kod adl\u0131 ter\u00f6rist; b\u00f6l\u00fcc\u00fc ter\u00f6r \u00f6rg\u00fct\u00fcn\u00fcn s\u00f6zde y\u00f6neticilerinden k\u0131rm\u0131z\u0131 b\u00fclten ile aranan Cemil Bay\u0131k\u2019\u0131n k\u0131\u015fk\u0131rt\u0131c\u0131 ve provoke edici s\u00f6ylemlerinin yan\u0131 s\u0131ra \u00f6zellikle kad\u0131nlara sa\u011flanan \u00f6zg\u00fcrl\u00fckten bahsetmesine ra\u011fmen ger\u00e7ekte \u00f6rg\u00fct i\u00e7erisindeki kad\u0131nlar\u0131n bir \u00e7o\u011funun zorla tutuldu\u011funu, \u00e7ok k\u00f6t\u00fc \u015fartlarda ya\u015famaya mecbur b\u0131rak\u0131ld\u0131\u011f\u0131n\u0131  belirtti.<\/p>\n<p>Cemil Bay\u0131k kad\u0131n ter\u00f6ristlere eziyet ediyor<\/p>\n<p>Garan kod adl\u0131 ter\u00f6rist, Cemil Bay\u0131k\u2019\u0131n kad\u0131nlara  ruhsal ve fiziksel \u015fiddet uygulad\u0131\u011f\u0131n\u0131   \u00e7ok say\u0131da kad\u0131na cinsel istismarda bulundu\u011funun \u00e7evresindeki herkes taraf\u0131ndan bilindi\u011fini, \u00f6rg\u00fct i\u00e7inde bu tarz cinsel sald\u0131r\u0131lar\u0131n ve tecav\u00fczlerin s\u0131kl\u0131kla ya\u015fand\u0131\u011f\u0131n\u0131, e\u011fer i\u015fin i\u00e7inde y\u00f6netici yada liderler var ise, olay\u0131n \u00f6rtbas edildi\u011fini kad\u0131nlar\u0131n ise susturuldu\u011funu yada infaz edildi\u011fini ifade etti.<\/p>\n<p>Hamile ter\u00f6rist infaz edildi<\/p>\n<p>Teslim olan  ter\u00f6rist ifadesinde ayr\u0131ca, s\u00f6zde eleba\u015f\u0131 Cemil Bay\u0131k\u2019\u0131n hamile b\u0131rakt\u0131\u011f\u0131 Suriyeli bir kad\u0131n ter\u00f6risti kamptan uzakla\u015ft\u0131rd\u0131\u011f\u0131n\u0131, kad\u0131n\u0131n ka\u00e7maya \u00e7al\u0131\u015fmas\u0131 \u00fczerine alt\u0131 ayl\u0131k hamile olan ter\u00f6ristin infaz edildi\u011fini bunun gibi olaylar\u0131n \u00f6rg\u00fct i\u00e7erisinde s\u0131kl\u0131kla meydana geldi\u011fini belirtti.<\/p>\n","protected":false},"excerpt":{"rendered":"<p>TER\u00d6R \u00d6RG\u00dcT\u00dcNDEN KA\u00c7AN VE TESL\u0130M OLAN GARAN KOD ADLI TER\u00d6R\u0130ST; B\u00d6L\u00dcC\u00dc TER\u00d6R \u00d6RG\u00dcT\u00dcN\u00dcN S\u00d6ZDE Y\u00d6NET\u0130C\u0130LER\u0130NDEN KIRMIZI B\u00dcLTEN \u0130LE ARANAN CEM\u0130L BAYIK\u2019IN KI\u015eKIRTICI VE PROVOKE ED\u0130C\u0130 S\u00d6YLEMLER\u0130N\u0130N YANI SIRA \u00d6ZELL\u0130KLE KADINLARA SA\u011eLANAN \u00d6ZG\u00dcRL\u00dcKTEN BAHSETMES\u0130NE RA\u011eMEN GER\u00c7EKTE \u00d6RG\u00dcT \u0130\u00c7ER\u0130S\u0130NDEK\u0130 KADINLARIN B\u0130R \u00c7O\u011eUNUN ZORLA TUTULDU\u011eUNU, \u00c7OK K\u00d6T\u00dc \u015eARTLARDA YA\u015eAMAYA MECBUR BIRAKILDI\u011eINI  BEL\u0130RTT\u0130.<\/p>\n","protected":false},"author":1,"featured_media":181583,"comment_status":"closed","ping_status":"open","sticky":false,"template":"","format":"standard","meta":{"jetpack_post_was_ever_published":false,"_jetpack_newsletter_access":"","_jetpack_dont_email_post_to_subs":false,"_jetpack_newsletter_tier_id":0,"_jetpack_memberships_contains_paywalled_content":false,"_jetpack_memberships_contains_paid_content":false,"footnotes":"","jetpack_publicize_message":"","jetpack_publicize_feature_enabled":true,"jetpack_social_post_already_shared":true,"jetpack_social_options":{"image_generator_settings":{"template":"highway","default_image_id":0,"font":"","enabled":false},"version":2}},"categories":[1],"tags":[44790,5496,523,14492,13271,108,13831,1214],"class_list":["post-181582","post","type-post","status-publish","format-standard","has-post-thumbnail","hentry","category-genel","tag-bayik","tag-cemil","tag-ediyor","tag-elebasi","tag-eziyet","tag-kadin","tag-sozde","tag-teroristlere"],"jetpack_publicize_connections":[],"jetpack_featured_media_url":"https:\/\/i0.wp.com\/www.tvturk.com\/wp-content\/uploads\/2019\/07\/sozde-elebasi-cemil-bayik-kadin-teroristlere-eziyet-ediyor_4060cc5.jpg?fit=750%2C421","jetpack_sharing_enabled":true,"jetpack_shortlink":"https:\/\/wp.me\/paKIfm-LeK","_links":{"self":[{"href":"http:\/\/www.tvturk.com\/index.php\/wp-json\/wp\/v2\/posts\/181582","targetHints":{"allow":["GET"]}}],"collection":[{"href":"http:\/\/www.tvturk.com\/index.php\/wp-json\/wp\/v2\/posts"}],"about":[{"href":"http:\/\/www.tvturk.com\/index.php\/wp-json\/wp\/v2\/types\/post"}],"author":[{"embeddable":true,"href":"http:\/\/www.tvturk.com\/index.php\/wp-json\/wp\/v2\/users\/1"}],"replies":[{"embeddable":true,"href":"http:\/\/www.tvturk.com\/index.php\/wp-json\/wp\/v2\/comments?post=181582"}],"version-history":[{"count":0,"href":"http:\/\/www.tvturk.com\/index.php\/wp-json\/wp\/v2\/posts\/181582\/revisions"}],"wp:featuredmedia":[{"embeddable":true,"href":"http:\/\/www.tvturk.com\/index.php\/wp-json\/wp\/v2\/media\/181583"}],"wp:attachment":[{"href":"http:\/\/www.tvturk.com\/index.php\/wp-json\/wp\/v2\/media?parent=181582"}],"wp:term":[{"taxonomy":"category","embeddable":true,"href":"http:\/\/www.tvturk.com\/index.php\/wp-json\/wp\/v2\/categories?post=181582"},{"taxonomy":"post_tag","embeddable":true,"href":"http:\/\/www.tvturk.com\/index.php\/wp-json\/wp\/v2\/tags?post=181582"}],"curies":[{"name":"wp","href":"https:\/\/api.w.org\/{rel}","templated":true}]}}