{"id":181602,"date":"2019-07-13T13:02:08","date_gmt":"2019-07-13T10:02:08","guid":{"rendered":"http:\/\/www.tvturk.com\/index.php\/dislerde-renk-degisimine-dikkat\/"},"modified":"2019-07-13T13:02:08","modified_gmt":"2019-07-13T10:02:08","slug":"dislerde-renk-degisimine-dikkat","status":"publish","type":"post","link":"http:\/\/www.tvturk.com\/index.php\/dislerde-renk-degisimine-dikkat\/","title":{"rendered":"Di\u015flerde renk de\u011fi\u015fimine dikkat"},"content":{"rendered":"<p>Di\u015f Hekimi Erce Bele\u00e7o\u011flu, di\u015flerde meydana gelen renk de\u011fi\u015fimleri ve nedenleri konusunda \u00f6nemli bilgiler verdi.<\/p>\n<p>\u201cHerkes daha beyaz ve parlak di\u015fleri olsun ister.\u201d Fakat bu m\u00fcmk\u00fcn m\u00fcd\u00fcr ? Di\u015flerimizin rengi hangi fakt\u00f6rlere ba\u011fl\u0131d\u0131r ? Di\u015fler neden renk de\u011fi\u015ftirir ? \u0130\u015fte t\u00fcm sorular\u0131n cevab\u0131 Di\u015f Hekimi Erce Bele\u00e7o\u011flu taraf\u0131ndan verildi.<\/p>\n<p>Di\u015flerimizin mevcut renginin bir \u00e7ok fakt\u00f6re ba\u011fl\u0131 oldu\u011funu dile getiren Di\u015f Hekimi Erce Bele\u00e7o\u011flu, \u201cBunlar\u0131 \u00e7evresel etkenler, geli\u015fimsel etkenler, genetik fakt\u00f6rler olarak ay\u0131rabiliriz.<\/p>\n<p>\u00c7evresel etkenlere ba\u011fl\u0131 olarak di\u015flerde derin beyaz tonlardan kahverengiye do\u011fru renklenmeler, kirlenmeler olu\u015fabilir. Gerekli uygulamalar yap\u0131ld\u0131\u011f\u0131nda ve \u00e7evresel etkenler ortadan kald\u0131r\u0131ld\u0131\u011f\u0131nda di\u015fler orijinal renklerine kavu\u015fabilmektedir. Hatta bunun i\u00e7in rutin di\u015f bak\u0131m tedavilerinden \u201cdi\u015f temizli\u011fi\u201d yeterli olabilmektedir. Daha sonras\u0131nda di\u015fin orijinal rengi korunabilir ya da renklendirici etkenlere ne kadar maruz kal\u0131nd\u0131\u011f\u0131na ba\u011fl\u0131 olarak eski halini alabilir.<\/p>\n<p>Geli\u015fimsel etkenler ise di\u015fin geli\u015fim s\u00fcreci ile ilgilidir. Anne karn\u0131nda bebe\u011fin di\u015flerinin olu\u015fmas\u0131 a\u015famas\u0131nda kullan\u0131lan ila\u00e7lar, annenin ge\u00e7irdi\u011fi hastal\u0131klar, beslenme al\u0131\u015fkanl\u0131klar\u0131 hepsi etkilidir. Bebek d\u00fcnyaya geldikten sonra yine di\u015f geli\u015fimi bitene kadar etkilenme ihtimali bulunmaktad\u0131r. Genellikle bu problemlerin \u00e7\u00f6z\u00fcm\u00fc beyazlatma uygulamas\u0131 ile m\u00fcmk\u00fcn olmamaktad\u0131r.<\/p>\n<p>Genetik yap\u0131n\u0131n etkisini ten rengi \u00f6rne\u011fiyle daha iyi anlayabiliriz. Esmer, kumral, beyaz tenli olunabildi\u011fi gibi ki\u015finin genetik yap\u0131s\u0131na g\u00f6re di\u015fler de daha beyaz veya sar\u0131 olabilir. Ayn\u0131 zamanda kal\u0131t\u0131msal yap\u0131daki baz\u0131 bozukluklara ba\u011fl\u0131 olarak da di\u015flerde defektler, \u015fekil ve renk bozukluklar\u0131 da olabilmektedir. E\u011fer di\u015f renklenmenizde rahats\u0131zsan\u0131z \u00f6ncelikli olarak bunu te\u015fhisi i\u00e7in hekiminizden yard\u0131m alman\u0131z gerekir. Bu etkene ba\u011fl\u0131 uygulanacak tedavi ile problemler ortadan kald\u0131r\u0131lacakt\u0131r\u201d diye konu\u015ftu.<\/p>\n<p>Di\u015f Hekimi Erce Bele\u00e7o\u011flu, renklenmelerin giderilmesi i\u00e7in do\u011fru tedavi protokol\u00fcn\u00fcn \u015fart oldu\u011funu belirterek. \u201cBu gibi renklenmeler; olu\u015fturan nedene g\u00f6re tedavi protokol\u00fc belirlenerek ortadan kald\u0131r\u0131lmal\u0131d\u0131r. Her t\u00fcr renklenme i\u00e7in beyazlatma yeterli olmayaca\u011f\u0131 \u00e7ok iyi olarak bilinmelidir. Rutin di\u015f hekimi kontrolleri bu sorunlar\u0131n olu\u015fmas\u0131na katk\u0131 sa\u011flayacak en b\u00fcy\u00fck dayanaklardan biridir\u201d dedi.<\/p>\n<p>Di\u015f Hekimi Erce Bele\u00e7o\u011flu, di\u015fteki renk de\u011fi\u015fikliklerini ise \u015f\u00f6yle s\u0131ralad\u0131:<\/p>\n<p>&#8220;\u0130\u00e7eceklere ba\u011fl\u0131 olarak<\/p>\n<p>Asit ve travma ile olu\u015fan a\u015f\u0131nma ve \u00e7iziklere ba\u011fl\u0131 olarak<\/p>\n<p>Kullan\u0131lan ila\u00e7lara ba\u011fl\u0131 olarak<\/p>\n<p>A\u015f\u0131nd\u0131r\u0131c\u0131 ve boyay\u0131c\u0131 g\u0131dalar kaynakl\u0131 olarak<\/p>\n<p>Di\u015f f\u0131r\u00e7alama al\u0131\u015fkanl\u0131klar\u0131na ba\u011fl\u0131 olarak<\/p>\n<p>Sigara (Etkenlere aras\u0131nda en \u00e7arp\u0131c\u0131 olan)<\/p>\n<p>Canl\u0131l\u0131\u011f\u0131 olmayan di\u015flerde ( Kanal tedavili veya kanal tedavisi g\u00f6rmemi\u015f fakat canl\u0131l\u0131\u011f\u0131n\u0131 kaybetmi\u015f di\u015flerde)<\/p>\n<p>Anne karn\u0131nda ve bebeklik d\u00f6nemindeki ila\u00e7lar ba\u011fl\u0131<\/p>\n<p>Di\u015fin mine ve dentin yap\u0131s\u0131n\u0131 etkileyen sistematik hastal\u0131klar nedeniyle<\/p>\n<p>\u0130nsan ya\u015f\u0131 ilerledik\u00e7e ki\u015finin v\u00fccudunda nas\u0131l bir tak\u0131m de\u011fi\u015fiklikler ve bozulmalar olu\u015fuyor ise, ayn\u0131 \u015fekilde di\u015flerde de y\u0131pranmalar s\u00f6z konusudur ve bu y\u00fczden di\u015flerde a\u015f\u0131nma ,sararma meydana gelebilmektedir. Bunlar estetik problem olu\u015fturdu\u011fu gibi ayn\u0131 zamanda sa\u011fl\u0131ksal problemlere de neden olabilmektedir.\u201d<\/p>\n<p>Di\u015f Hekimi Erce Bele\u00e7o\u011flu, d\u00fczenli ve do\u011fru bir teknik ile di\u015f f\u0131r\u00e7alaman\u0131n a\u011f\u0131z sa\u011fl\u0131\u011f\u0131m\u0131z\u0131n temeli oldu\u011funu belirterek, \u201cBu temel ne kadar sa\u011flam olursa uzun vadede kar\u015f\u0131la\u015faca\u011f\u0131n\u0131z di\u015f problemleri de o \u00f6l\u00e7\u00fcde az olacakt\u0131r. \u00c7ocu\u011funuza veya kendiniz i\u00e7in en g\u00fczel al\u0131\u015fkanl\u0131kt\u0131r\u201d dedi.<\/p>\n","protected":false},"excerpt":{"rendered":"<p>D\u0130\u015e HEK\u0130M\u0130 ERCE BELE\u00c7O\u011eLU, D\u0130\u015eLERDE MEYDANA GELEN RENK DE\u011e\u0130\u015e\u0130MLER\u0130 VE NEDENLER\u0130 KONUSUNDA \u00d6NEML\u0130 B\u0130LG\u0130LER VERD\u0130.<\/p>\n","protected":false},"author":1,"featured_media":181603,"comment_status":"closed","ping_status":"open","sticky":false,"template":"","format":"standard","meta":{"jetpack_post_was_ever_published":false,"_jetpack_newsletter_access":"","_jetpack_dont_email_post_to_subs":false,"_jetpack_newsletter_tier_id":0,"_jetpack_memberships_contains_paywalled_content":false,"_jetpack_memberships_contains_paid_content":false,"footnotes":"","jetpack_publicize_message":"","jetpack_publicize_feature_enabled":true,"jetpack_social_post_already_shared":true,"jetpack_social_options":{"image_generator_settings":{"template":"highway","default_image_id":0,"font":"","enabled":false},"version":2}},"categories":[1],"tags":[16640,1440,17372,16430],"class_list":["post-181602","post","type-post","status-publish","format-standard","has-post-thumbnail","hentry","category-genel","tag-degisimine","tag-dikkat","tag-dislerde","tag-renk"],"jetpack_publicize_connections":[],"jetpack_featured_media_url":"https:\/\/i0.wp.com\/www.tvturk.com\/wp-content\/uploads\/2019\/07\/dislerde-renk-degisimine-dikkat_433a601.jpg?fit=945%2C495","jetpack_sharing_enabled":true,"jetpack_shortlink":"https:\/\/wp.me\/paKIfm-Lf4","_links":{"self":[{"href":"http:\/\/www.tvturk.com\/index.php\/wp-json\/wp\/v2\/posts\/181602","targetHints":{"allow":["GET"]}}],"collection":[{"href":"http:\/\/www.tvturk.com\/index.php\/wp-json\/wp\/v2\/posts"}],"about":[{"href":"http:\/\/www.tvturk.com\/index.php\/wp-json\/wp\/v2\/types\/post"}],"author":[{"embeddable":true,"href":"http:\/\/www.tvturk.com\/index.php\/wp-json\/wp\/v2\/users\/1"}],"replies":[{"embeddable":true,"href":"http:\/\/www.tvturk.com\/index.php\/wp-json\/wp\/v2\/comments?post=181602"}],"version-history":[{"count":0,"href":"http:\/\/www.tvturk.com\/index.php\/wp-json\/wp\/v2\/posts\/181602\/revisions"}],"wp:featuredmedia":[{"embeddable":true,"href":"http:\/\/www.tvturk.com\/index.php\/wp-json\/wp\/v2\/media\/181603"}],"wp:attachment":[{"href":"http:\/\/www.tvturk.com\/index.php\/wp-json\/wp\/v2\/media?parent=181602"}],"wp:term":[{"taxonomy":"category","embeddable":true,"href":"http:\/\/www.tvturk.com\/index.php\/wp-json\/wp\/v2\/categories?post=181602"},{"taxonomy":"post_tag","embeddable":true,"href":"http:\/\/www.tvturk.com\/index.php\/wp-json\/wp\/v2\/tags?post=181602"}],"curies":[{"name":"wp","href":"https:\/\/api.w.org\/{rel}","templated":true}]}}