{"id":181604,"date":"2019-07-13T13:02:31","date_gmt":"2019-07-13T10:02:31","guid":{"rendered":"http:\/\/www.tvturk.com\/index.php\/rizede-355-hafiz-icazet-aldi\/"},"modified":"2019-07-13T13:02:31","modified_gmt":"2019-07-13T10:02:31","slug":"rizede-355-hafiz-icazet-aldi","status":"publish","type":"post","link":"http:\/\/www.tvturk.com\/index.php\/rizede-355-hafiz-icazet-aldi\/","title":{"rendered":"Rize\u2019de 355 haf\u0131z icazet ald\u0131"},"content":{"rendered":"<p>Rize M\u00fcft\u00fcl\u00fc\u011f\u00fc taraf\u0131ndan geleneksel hale getirilen \u0130l Geneli Haf\u0131zl\u0131k \u0130cazet Merasimi\u2019nin d\u00f6rd\u00fcnc\u00fcs\u00fc bu y\u0131l 355 haf\u0131z\u0131n kat\u0131l\u0131m\u0131yla ger\u00e7ekle\u015fti.<\/p>\n<p>\u0130l genelinde haf\u0131zl\u0131k e\u011fitimi veren 59 Kur\u2019an-\u0131 Kerim Kursu\u2019nda 2018-2019 e\u011fitim-\u00f6\u011fretim y\u0131l\u0131nda haf\u0131zl\u0131\u011f\u0131n\u0131 tamamlayan 132 k\u0131z, 223 erkek olmak \u00fczere toplam 355 \u00f6\u011frencinin kat\u0131l\u0131m\u0131yla toplu olarak kapal\u0131 spor salonunda icazet merasimi d\u00fczenlendi.<\/p>\n<p>Hay\u0131rsever Rize halk\u0131n\u0131n destekleriyle ger\u00e7ekle\u015ftirilecek merasimde bir konu\u015fma yapan Rize M\u00fcft\u00fcs\u00fc \u0130smail Yal\u00e7\u0131n, \u201c\u0130cazet Merasimimizin bu y\u0131l 4.\u2019s\u00fcn\u00fc kutluyoruz. Siz Kur\u2019an sevdal\u0131lar\u0131 omuzlar\u0131na ald\u0131n\u0131z bu y\u00fck\u00fc hedefe getiriyorsunuz. Bizler Ashab-\u0131 Kiram\u2019\u0131n b\u0131rakt\u0131\u011f\u0131 emanetleri y\u0131lmadan y\u0131k\u0131lmadan omuzlar\u0131m\u0131zda ta\u015f\u0131yaca\u011f\u0131z\u201d dedi.<\/p>\n","protected":false},"excerpt":{"rendered":"<p>R\u0130ZE M\u00dcFT\u00dcL\u00dc\u011e\u00dc TARAFINDAN GELENEKSEL HALE GET\u0130R\u0130LEN \u201c\u0130L GENEL\u0130 HAFIZLIK \u0130CAZET MERAS\u0130M\u0130\u201dN\u0130N D\u00d6RD\u00dcNC\u00dcS\u00dc BU YIL 355 HAFIZIN KATILIMIYLA GER\u00c7EKLE\u015eT\u0130.<\/p>\n","protected":false},"author":1,"featured_media":181605,"comment_status":"closed","ping_status":"open","sticky":false,"template":"","format":"standard","meta":{"jetpack_post_was_ever_published":false,"_jetpack_newsletter_access":"","_jetpack_dont_email_post_to_subs":false,"_jetpack_newsletter_tier_id":0,"_jetpack_memberships_contains_paywalled_content":false,"_jetpack_memberships_contains_paid_content":false,"footnotes":"","jetpack_publicize_message":"","jetpack_publicize_feature_enabled":true,"jetpack_social_post_already_shared":true,"jetpack_social_options":{"image_generator_settings":{"template":"highway","default_image_id":0,"font":"","enabled":false},"version":2}},"categories":[656],"tags":[44797,1075,14270,16948,2926],"class_list":["post-181604","post","type-post","status-publish","format-standard","has-post-thumbnail","hentry","category-kultur-sanat","tag-44797","tag-aldi","tag-hafiz","tag-icazet","tag-rizede"],"jetpack_publicize_connections":[],"jetpack_featured_media_url":"https:\/\/i0.wp.com\/www.tvturk.com\/wp-content\/uploads\/2019\/07\/rizede-355-hafiz-icazet-aldi_41e16a6.jpg?fit=1000%2C666","jetpack_sharing_enabled":true,"jetpack_shortlink":"https:\/\/wp.me\/paKIfm-Lf6","_links":{"self":[{"href":"http:\/\/www.tvturk.com\/index.php\/wp-json\/wp\/v2\/posts\/181604","targetHints":{"allow":["GET"]}}],"collection":[{"href":"http:\/\/www.tvturk.com\/index.php\/wp-json\/wp\/v2\/posts"}],"about":[{"href":"http:\/\/www.tvturk.com\/index.php\/wp-json\/wp\/v2\/types\/post"}],"author":[{"embeddable":true,"href":"http:\/\/www.tvturk.com\/index.php\/wp-json\/wp\/v2\/users\/1"}],"replies":[{"embeddable":true,"href":"http:\/\/www.tvturk.com\/index.php\/wp-json\/wp\/v2\/comments?post=181604"}],"version-history":[{"count":0,"href":"http:\/\/www.tvturk.com\/index.php\/wp-json\/wp\/v2\/posts\/181604\/revisions"}],"wp:featuredmedia":[{"embeddable":true,"href":"http:\/\/www.tvturk.com\/index.php\/wp-json\/wp\/v2\/media\/181605"}],"wp:attachment":[{"href":"http:\/\/www.tvturk.com\/index.php\/wp-json\/wp\/v2\/media?parent=181604"}],"wp:term":[{"taxonomy":"category","embeddable":true,"href":"http:\/\/www.tvturk.com\/index.php\/wp-json\/wp\/v2\/categories?post=181604"},{"taxonomy":"post_tag","embeddable":true,"href":"http:\/\/www.tvturk.com\/index.php\/wp-json\/wp\/v2\/tags?post=181604"}],"curies":[{"name":"wp","href":"https:\/\/api.w.org\/{rel}","templated":true}]}}