{"id":181622,"date":"2019-07-13T13:32:22","date_gmt":"2019-07-13T10:32:22","guid":{"rendered":"http:\/\/www.tvturk.com\/index.php\/besiktasta-hazirliklar-devam-etti-2\/"},"modified":"2019-07-13T13:32:22","modified_gmt":"2019-07-13T10:32:22","slug":"besiktasta-hazirliklar-devam-etti-2","status":"publish","type":"post","link":"http:\/\/www.tvturk.com\/index.php\/besiktasta-hazirliklar-devam-etti-2\/","title":{"rendered":"Be\u015fikta\u015f\u2019ta haz\u0131rl\u0131klar devam etti"},"content":{"rendered":"<p>Yeni sezon haz\u0131rl\u0131klar\u0131n\u0131 Riva Hasan Do\u011fan Milli Tak\u0131mlar Kamp ve E\u011fitim Tesisleri\u2019nde s\u00fcrd\u00fcren Be\u015fikta\u015f, 1 g\u00fcnl\u00fck iznin ard\u0131ndan \u00e7al\u0131\u015fmalar\u0131na kald\u0131\u011f\u0131 yerden devam etti. \u0130dmana, izinden d\u00f6nen Atiba Hutchinson da kat\u0131ld\u0131.<\/p>\n<p>Be\u015fikta\u015f\u2019ta yeni sezon haz\u0131rl\u0131klar\u0131 s\u00fcr\u00fcyor. Ge\u00e7ti\u011fimiz hafta \u00e7al\u0131\u015fmalar\u0131na ba\u015flayan siyah-beyazl\u0131lar, 1 g\u00fcnl\u00fck ard\u0131ndan bu sabah yapt\u0131\u011f\u0131 \u00e7al\u0131\u015fmayla, antrenmanlar\u0131na kald\u0131\u011f\u0131 yerden devam etti. \u0130dmana izinli olan Gary Medel ve Ricardo Quaresma\u2019n\u0131n yan\u0131 s\u0131ra \u00f6zel program\u0131na devam eden Burak Y\u0131lmaz kat\u0131lmad\u0131. Tatilini tamamlay\u0131p tak\u0131ma dahil olan Atiba Hutchinson da tak\u0131mdan ayr\u0131 d\u00fcz ko\u015fu yapt\u0131. Teknik Direkt\u00f6r Abdullah Avc\u0131 y\u00f6netiminde yap\u0131lan ve yakla\u015f\u0131k 1,5 saat s\u00fcren \u00e7al\u0131\u015fma kondisyon ve taktik a\u011f\u0131rl\u0131kl\u0131 ger\u00e7ekle\u015fti. Is\u0131nma ko\u015fular\u0131, istasyon \u00e7al\u0131\u015fmalar\u0131 ve streching hareketleriyle ba\u015flayan idmanda denge, kuvvet, pas \u00e7al\u0131\u015fmas\u0131, 5\u2019e 2 top kapma ile dar alanda kontrol pas \u00e7al\u0131\u015fmas\u0131 yap\u0131ld\u0131. Antrenman taktik program\u0131n\u0131n yer ald\u0131\u011f\u0131 uygulamalar ve yar\u0131m sahada yap\u0131lan minik kale ma\u00e7 ile sona erdi. Siyah-beyazl\u0131lar haz\u0131rl\u0131klar\u0131na bu ak\u015fam bas\u0131na kapal\u0131 yapaca\u011f\u0131 idmanla devam edecek.<\/p>\n","protected":false},"excerpt":{"rendered":"<p>YEN\u0130 SEZON HAZIRLIKLARINI R\u0130VA HASAN DO\u011eAN M\u0130LL\u0130 TAKIMLAR KAMP VE E\u011e\u0130T\u0130M TES\u0130SLER\u0130&#8217;NDE S\u00dcRD\u00dcREN BE\u015e\u0130KTA\u015e, 1 G\u00dcNL\u00dcK \u0130ZN\u0130N ARDINDAN \u00c7ALI\u015eMALARINA KALDI\u011eI YERDEN DEVAM ETT\u0130. \u0130DMANA, \u0130Z\u0130NDEN D\u00d6NEN AT\u0130BA HUTCH\u0130NSON DA KATILDI.<\/p>\n","protected":false},"author":1,"featured_media":181623,"comment_status":"closed","ping_status":"open","sticky":false,"template":"","format":"standard","meta":{"jetpack_post_was_ever_published":false,"_jetpack_newsletter_access":"","_jetpack_dont_email_post_to_subs":false,"_jetpack_newsletter_tier_id":0,"_jetpack_memberships_contains_paywalled_content":false,"_jetpack_memberships_contains_paid_content":false,"footnotes":"","jetpack_publicize_message":"","jetpack_publicize_feature_enabled":true,"jetpack_social_post_already_shared":true,"jetpack_social_options":{"image_generator_settings":{"template":"highway","default_image_id":0,"font":"","enabled":false},"version":2}},"categories":[657],"tags":[3383,522,207,3384],"class_list":["post-181622","post","type-post","status-publish","format-standard","has-post-thumbnail","hentry","category-spor","tag-besiktasta","tag-devam","tag-etti","tag-hazirliklar"],"jetpack_publicize_connections":[],"jetpack_featured_media_url":"https:\/\/i0.wp.com\/www.tvturk.com\/wp-content\/uploads\/2019\/07\/besiktasta-hazirliklar-devam-etti_71f0806.jpg?fit=1000%2C670","jetpack_sharing_enabled":true,"jetpack_shortlink":"https:\/\/wp.me\/paKIfm-Lfo","_links":{"self":[{"href":"http:\/\/www.tvturk.com\/index.php\/wp-json\/wp\/v2\/posts\/181622","targetHints":{"allow":["GET"]}}],"collection":[{"href":"http:\/\/www.tvturk.com\/index.php\/wp-json\/wp\/v2\/posts"}],"about":[{"href":"http:\/\/www.tvturk.com\/index.php\/wp-json\/wp\/v2\/types\/post"}],"author":[{"embeddable":true,"href":"http:\/\/www.tvturk.com\/index.php\/wp-json\/wp\/v2\/users\/1"}],"replies":[{"embeddable":true,"href":"http:\/\/www.tvturk.com\/index.php\/wp-json\/wp\/v2\/comments?post=181622"}],"version-history":[{"count":0,"href":"http:\/\/www.tvturk.com\/index.php\/wp-json\/wp\/v2\/posts\/181622\/revisions"}],"wp:featuredmedia":[{"embeddable":true,"href":"http:\/\/www.tvturk.com\/index.php\/wp-json\/wp\/v2\/media\/181623"}],"wp:attachment":[{"href":"http:\/\/www.tvturk.com\/index.php\/wp-json\/wp\/v2\/media?parent=181622"}],"wp:term":[{"taxonomy":"category","embeddable":true,"href":"http:\/\/www.tvturk.com\/index.php\/wp-json\/wp\/v2\/categories?post=181622"},{"taxonomy":"post_tag","embeddable":true,"href":"http:\/\/www.tvturk.com\/index.php\/wp-json\/wp\/v2\/tags?post=181622"}],"curies":[{"name":"wp","href":"https:\/\/api.w.org\/{rel}","templated":true}]}}