{"id":181664,"date":"2019-07-13T14:47:09","date_gmt":"2019-07-13T11:47:09","guid":{"rendered":"http:\/\/www.tvturk.com\/index.php\/skubic-hedefimiz-konyasporu-yeniden-avrupada-temsil-etmek\/"},"modified":"2019-07-13T14:47:09","modified_gmt":"2019-07-13T11:47:09","slug":"skubic-hedefimiz-konyasporu-yeniden-avrupada-temsil-etmek","status":"publish","type":"post","link":"http:\/\/www.tvturk.com\/index.php\/skubic-hedefimiz-konyasporu-yeniden-avrupada-temsil-etmek\/","title":{"rendered":"Skubic: \u201cHedefimiz Konyaspor\u2019u yeniden Avrupa\u2019da temsil etmek\u201d"},"content":{"rendered":"<p>Spor Toto S\u00fcper Lig tak\u0131mlar\u0131ndan Konyaspor\u2019un ba\u015far\u0131l\u0131 defans oyuncusu Skubic, hedeflerinin ye\u015fil-beyazl\u0131 tak\u0131m\u0131 yeniden Avrupa\u2019da temsil etmek oldu\u011funu s\u00f6yledi.<\/p>\n<p>Konyaspor, yeni sezon haz\u0131rl\u0131klar\u0131n\u0131 Bolu\u2019da s\u00fcrd\u00fcr\u00fcyor. Teknik Direkt\u00f6r Aykut Kocaman y\u00f6netiminde kamp \u00e7al\u0131\u015fmalar\u0131na devam eden ye\u015fil-beyazl\u0131 ekipte ba\u015far\u0131l\u0131 defans oyuncusu Skubic, iyi bir kamp d\u00f6nemi ge\u00e7irdiklerini belirterek, \u201cTak\u0131m\u0131m\u0131zdaki arkada\u015fl\u0131k ve beraberlik zaten \u00e7ok iyi. Yeni gelen arkada\u015flar\u0131m\u0131zda birbirini iyi tan\u0131yan ve seven tak\u0131mdaki isimlerle hemen kayna\u015ft\u0131. Burada \u00e7al\u0131\u015fma imkanlar\u0131 ve antrenman sahalar\u0131 ger\u00e7ekten \u00e7ok iyi. Bu \u015fekilde g\u00fczel bir kamp d\u00f6nemi oluyor\u201d diye konu\u015ftu.<\/p>\n<p>\u201cHedefimiz b\u00fcy\u00fck\u201d<\/p>\n<p>Birka\u00e7 tak\u0131m d\u0131\u015f\u0131nda ligdeki bir\u00e7ok tak\u0131m\u0131n seviyesinin birbirine e\u015fit oldu\u011funu s\u00f6yleyen Skubic, \u201cZaten her tak\u0131m di\u011ferini yenebiliyor. Sadece birka\u00e7 tak\u0131m kadro yap\u0131s\u0131 ile di\u011ferlerinden bir ad\u0131m daha \u00f6ne ge\u00e7iyor. Biz de kendi hedefleri olan bir tak\u0131m\u0131z. Zaten bunu da bu sezon iyi \u00e7al\u0131\u015farak ve alaca\u011f\u0131m\u0131z ba\u015far\u0131l\u0131 sonu\u00e7larla kan\u0131tlayaca\u011f\u0131z. Bu sezon b\u00fcy\u00fck hedeflerimiz var. Bunun i\u00e7in yo\u011fun \u00e7al\u0131\u015f\u0131yoruz ve \u00e7al\u0131\u015fmaya da devam edece\u011fiz. Lige iyi bir ba\u015flang\u0131\u00e7 yapmam\u0131z ve bunu da s\u00fcrd\u00fcrmemiz gerekiyor. Bizim hedefimiz b\u00fcy\u00fck. Tak\u0131mdaki di\u011fer arkada\u015flar\u0131m\u0131zla bunu s\u00fcrekli konu\u015fuyoruz. Ligi en iyi yerde bitirip Konya\u2019y\u0131 ve Konyaspor\u2019u Avrupa\u2019da yeniden temsil etmek istiyoruz\u201d ifadelerini kulland\u0131.<\/p>\n<p>Bireysel kariyerinde Avrupa\u2019da oynamak gibi bir hedefinin olmad\u0131\u011f\u0131n\u0131 kaydeden Skubic, \u201cBen burada ger\u00e7ekten \u00e7ok mutluyum. Zaten yak\u0131n bir zamanda yeni bir s\u00f6zle\u015fmeye imza att\u0131m. Burada imkanlar \u00e7ok iyi. \u0130yi bir teknik heyete ve ekibe sahibiz. B\u00f6yle bir ortamda bulundu\u011fum ve bu ailenin bir par\u00e7as\u0131 i\u00e7in mutluyum\u201d dedi.<\/p>\n","protected":false},"excerpt":{"rendered":"<p>SPOR TOTO S\u00dcPER L\u0130G TAKIMLARINDAN KONYASPOR\u2019UN BA\u015eARILI DEFANS OYUNCUSU SKUB\u0130C, HEDEFLER\u0130N\u0130N YE\u015e\u0130L-BEYAZLI TAKIMI YEN\u0130DEN AVRUPA\u2019DA TEMS\u0130L ETMEK OLDU\u011eUNU S\u00d6YLED\u0130.<\/p>\n","protected":false},"author":1,"featured_media":181665,"comment_status":"closed","ping_status":"open","sticky":false,"template":"","format":"standard","meta":{"jetpack_post_was_ever_published":false,"_jetpack_newsletter_access":"","_jetpack_dont_email_post_to_subs":false,"_jetpack_newsletter_tier_id":0,"_jetpack_memberships_contains_paywalled_content":false,"_jetpack_memberships_contains_paid_content":false,"footnotes":"","jetpack_publicize_message":"","jetpack_publicize_feature_enabled":true,"jetpack_social_post_already_shared":true,"jetpack_social_options":{"image_generator_settings":{"template":"highway","default_image_id":0,"font":"","enabled":false},"version":2}},"categories":[657],"tags":[5159,3454,1737,38212,44814,2671,720],"class_list":["post-181664","post","type-post","status-publish","format-standard","has-post-thumbnail","hentry","category-spor","tag-hedefimiz","tag-avrupada","tag-etmek","tag-konyasporu","tag-skubic","tag-temsil","tag-yeniden"],"jetpack_publicize_connections":[],"jetpack_featured_media_url":"https:\/\/i0.wp.com\/www.tvturk.com\/wp-content\/uploads\/2019\/07\/skubic-hedefimiz-konyasporu-yeniden-avrupada-temsil-etmek_afea49e.jpg?fit=1000%2C630","jetpack_sharing_enabled":true,"jetpack_shortlink":"https:\/\/wp.me\/paKIfm-Lg4","_links":{"self":[{"href":"http:\/\/www.tvturk.com\/index.php\/wp-json\/wp\/v2\/posts\/181664","targetHints":{"allow":["GET"]}}],"collection":[{"href":"http:\/\/www.tvturk.com\/index.php\/wp-json\/wp\/v2\/posts"}],"about":[{"href":"http:\/\/www.tvturk.com\/index.php\/wp-json\/wp\/v2\/types\/post"}],"author":[{"embeddable":true,"href":"http:\/\/www.tvturk.com\/index.php\/wp-json\/wp\/v2\/users\/1"}],"replies":[{"embeddable":true,"href":"http:\/\/www.tvturk.com\/index.php\/wp-json\/wp\/v2\/comments?post=181664"}],"version-history":[{"count":0,"href":"http:\/\/www.tvturk.com\/index.php\/wp-json\/wp\/v2\/posts\/181664\/revisions"}],"wp:featuredmedia":[{"embeddable":true,"href":"http:\/\/www.tvturk.com\/index.php\/wp-json\/wp\/v2\/media\/181665"}],"wp:attachment":[{"href":"http:\/\/www.tvturk.com\/index.php\/wp-json\/wp\/v2\/media?parent=181664"}],"wp:term":[{"taxonomy":"category","embeddable":true,"href":"http:\/\/www.tvturk.com\/index.php\/wp-json\/wp\/v2\/categories?post=181664"},{"taxonomy":"post_tag","embeddable":true,"href":"http:\/\/www.tvturk.com\/index.php\/wp-json\/wp\/v2\/tags?post=181664"}],"curies":[{"name":"wp","href":"https:\/\/api.w.org\/{rel}","templated":true}]}}